{"id":2655,"date":"2015-03-11T11:55:17","date_gmt":"2015-03-11T14:55:17","guid":{"rendered":"http:\/\/www.ctainternacionales.org\/?p=2655"},"modified":"2015-03-11T11:55:47","modified_gmt":"2015-03-11T14:55:47","slug":"pablo-micheli-y-fito-aguirre-participan-del-7o-encuentro-sindical-union-europea-celac","status":"publish","type":"post","link":"https:\/\/ctainternacionales.org\/?p=2655","title":{"rendered":"Pablo Micheli y \u201cFito\u201d Aguirre participan del 7\u00ba Encuentro Sindical Uni\u00f3n Europea-CELAC"},"content":{"rendered":"<p style=\"text-align: justify;\"><a href=\"http:\/\/www.ctainternacionales.org\/wp-content\/uploads\/2015\/03\/la_foto_3_.jpg\"><img loading=\"lazy\" decoding=\"async\" class=\"aligncenter size-thumbnail wp-image-2656\" src=\"http:\/\/www.ctainternacionales.org\/wp-content\/uploads\/2015\/03\/la_foto_3_-307x230.jpg\" alt=\"la_foto_3_\" width=\"307\" height=\"230\" \/><\/a>Parte de la Conducci\u00f3n Nacional de la CTA Aut\u00f3noma est\u00e1 participando del 7\u00ba Encuentro Sindical Uni\u00f3n Europea-CELAC (Am\u00e9rica Latina y el Caribe) que tiene lugar en Bruselas y que re\u00fane a representantes del movimiento sindical de las dos regiones. Dicho encuentro se propone defender \u201clos derechos sociales y humanos contra los efectos de las \u201cpol\u00edticas de austeridad\u201d y del continuado deterioro medioambiental en el mundo\u201d.<!--more--><\/p>\n<p style=\"text-align: justify;\">Este encuentro intenta manifestar ante las Jefas y Jefes de Estado y de Gobierno su visi\u00f3n sobre la coyuntura social, econ\u00f3mica y pol\u00edtica y las perspectivas y aspiraciones de los trabajadores.<\/p>\n<p style=\"text-align: justify;\">En ese marco, asisitieron el secretario General de la CTA Aut\u00f3noma, Pablo Micheli; el secretario de Relaciones Internacionales, Fito Aguirre; el secretario General de ATE y presidente de CLATE, Julio Fuentes; acompa\u00f1ados por Eduardo Est\u00e9vez, asesor de la Secretar\u00eda de Relaciones Internacionales, quienes plantearon diferentes demandas del sindicalismo mundial y tambi\u00e9n exigencias espec\u00edficas del sindicalismo argentino y latinoamericano.<\/p>\n<p style=\"text-align: justify;\">Los ejes del planteo se ci\u00f1en sobre la defensa de los procesos de integraci\u00f3n regional en ambos continentes con el fin de alcanzar econom\u00edas y sociedades de bienestar, reivindicar los derechos sociales y laborales que hoy se ven jaqueados por los intereses del mercado financiero internacional y las pol\u00edticas de austeridad para combatir la crisis econ\u00f3mica mundial, y la b\u00fasqueda de un modelo productivo sustentable con justicia social y equidad atendiendo en particular a la defensa de los trabajadores migrantes.<\/p>\n<p style=\"text-align: justify;\">Tambi\u00e9n se insisti\u00f3 en la necesidad de poner fin a las negociaciones secretas respecto del TISA (Tratado de Servicios de Comercio) que tendr\u00e1 importantes efectos negativos no solamente para la Comunidad Europea sino tambi\u00e9n para muchos pa\u00edses de CELAC, y se inst\u00f3 a velar porque las negociaciones en torno al combate del cambio clim\u00e1tico favorezcan una \u201ctransici\u00f3n justa\u201d que sopese los costes sociales de la adaptaci\u00f3n, mitigaci\u00f3n y garantice las responsabilidades compartidas pero diferenciadas entre los pa\u00edses.<\/p>\n<p style=\"text-align: justify;\">Entre las demandas espec\u00edficas se exigi\u00f3 la investigaci\u00f3n de las deudas externa de nuestros pa\u00edses y el rechazo al pago de la Deuda Externa Fraudulenta; la aplicaci\u00f3n para el sector estatal del Convenio 151 sobre la protecci\u00f3n del derecho de sindicalizaci\u00f3n y los procedimientos para determinar las condiciones de empleo en la administraci\u00f3n p\u00fablica; y el repudio al gobierno de Estados Unidos por sus reiterados intentos de desestabilizaci\u00f3n a Venezuela, que fuera agravado por las \u00faltimas declaraciones de Obama.<\/p>\n<p style=\"text-align: justify;\">Todas estas demandas ser\u00e1n presentadas como expresi\u00f3n del movimiento sindical inter regional para que sean tenidas en cuenta en la pr\u00f3xima Cumbre de Jefes y Jefas de Estado y de Gobierno de la UE-CELAC a realizarse en junio.<\/p>\n<p style=\"text-align: justify;\">* Equipo de Comunicaci\u00f3n de la CTA Nacional<\/p>\n","protected":false},"excerpt":{"rendered":"Parte de la Conducci\u00f3n Nacional de la CTA Aut\u00f3noma est\u00e1 participando del 7\u00ba Encuentro Sindical Uni\u00f3n Europea-CELAC (Am\u00e9rica Latina y el Caribe) que \n<a class=\"moretag\" href=\"https:\/\/ctainternacionales.org\/?p=2655\"> [...]<\/a>","protected":false},"author":1,"featured_media":0,"comment_status":"closed","ping_status":"closed","sticky":false,"template":"","format":"standard","meta":{"ngg_post_thumbnail":0,"footnotes":""},"categories":[],"tags":[],"class_list":["post-2655","post","type-post","status-publish","format-standard","hentry"],"_links":{"self":[{"href":"https:\/\/ctainternacionales.org\/index.php?rest_route=\/wp\/v2\/posts\/2655","targetHints":{"allow":["GET"]}}],"collection":[{"href":"https:\/\/ctainternacionales.org\/index.php?rest_route=\/wp\/v2\/posts"}],"about":[{"href":"https:\/\/ctainternacionales.org\/index.php?rest_route=\/wp\/v2\/types\/post"}],"author":[{"embeddable":true,"href":"https:\/\/ctainternacionales.org\/index.php?rest_route=\/wp\/v2\/users\/1"}],"replies":[{"embeddable":true,"href":"https:\/\/ctainternacionales.org\/index.php?rest_route=%2Fwp%2Fv2%2Fcomments&post=2655"}],"version-history":[{"count":1,"href":"https:\/\/ctainternacionales.org\/index.php?rest_route=\/wp\/v2\/posts\/2655\/revisions"}],"predecessor-version":[{"id":2657,"href":"https:\/\/ctainternacionales.org\/index.php?rest_route=\/wp\/v2\/posts\/2655\/revisions\/2657"}],"wp:attachment":[{"href":"https:\/\/ctainternacionales.org\/index.php?rest_route=%2Fwp%2Fv2%2Fmedia&parent=2655"}],"wp:term":[{"taxonomy":"category","embeddable":true,"href":"https:\/\/ctainternacionales.org\/index.php?rest_route=%2Fwp%2Fv2%2Fcategories&post=2655"},{"taxonomy":"post_tag","embeddable":true,"href":"https:\/\/ctainternacionales.org\/index.php?rest_route=%2Fwp%2Fv2%2Ftags&post=2655"}],"curies":[{"name":"wp","href":"https:\/\/api.w.org\/{rel}","templated":true}]}}