{"id":2647,"date":"2015-03-04T11:07:50","date_gmt":"2015-03-04T14:07:50","guid":{"rendered":"http:\/\/www.ctainternacionales.org\/?p=2647"},"modified":"2015-03-04T11:11:45","modified_gmt":"2015-03-04T14:11:45","slug":"causa-saharaui-el-documental-raices-y-clamor-fue-presentado-en-la-sede-de-la-cta","status":"publish","type":"post","link":"https:\/\/ctainternacionales.org\/?p=2647","title":{"rendered":"Causa Saharaui El documental \u00abRa\u00edces y clamor\u00bb fue presentado en la sede de la CTA"},"content":{"rendered":"<p style=\"text-align: justify;\"><a href=\"http:\/\/www.ctainternacionales.org\/wp-content\/uploads\/2015\/03\/Foto03-3.jpg\"><img loading=\"lazy\" decoding=\"async\" class=\"aligncenter size-thumbnail wp-image-2648\" src=\"http:\/\/www.ctainternacionales.org\/wp-content\/uploads\/2015\/03\/Foto03-3-307x207.jpg\" alt=\"Foto03-3\" width=\"307\" height=\"207\" \/><\/a> <a href=\"http:\/\/www.ctainternacionales.org\/wp-content\/uploads\/2015\/03\/Foto02-8.jpg\"><br \/>\n<\/a>La libertad se ha exiliado en campamentos de refugiados\u201d, dice la protagonista de Ra\u00edces y Clamor, el documental sobre la historia del pueblo saharaui que se present\u00f3 en la tarde de ayer en la sede de la CTA con la presencia de Jos\u00e9 Antonio Gim\u00e9nez de las Heras, profesor de la Universidad Complutense de Madrid, Salem Bachir, representante del pueblo saharaui en Argentina y Adolfo Aguirre, Secretario de Relaciones Internacionales de la Central.<!--more--><\/p>\n<p style=\"text-align: justify;\">exiliado en campamentos de refugiados\u201d, dice la protagonista de Ra\u00edces y Clamor, el documental sobre la historia del pueblo saharaui que se present\u00f3 en la tarde de ayer en la sede de la CTA con la presencia de Jos\u00e9 Antonio Gim\u00e9nez de las Heras, profesor de la Universidad Complutense de Madrid, Salem Bachir, representante del pueblo saharaui en Argentina y Adolfo Aguirre, Secretario de Relaciones Internacionales de la Central.<\/p>\n<p style=\"text-align: justify;\">Compartir este articulo:<\/p>\n<p style=\"text-align: justify;\">Antes de proyectar el documental, Fito Aguirre dio la bienvenida a todos los presentes y record\u00f3 que la saharaui es una de las 3 causas por la que la CTA viene luchando desde hace a\u00f1os junto con la palestina y la haitiana.<a href=\"http:\/\/www.ctainternacionales.org\/wp-content\/uploads\/2015\/03\/Foto02-8.jpg\"><img loading=\"lazy\" decoding=\"async\" class=\"aligncenter size-thumbnail wp-image-2649\" src=\"http:\/\/www.ctainternacionales.org\/wp-content\/uploads\/2015\/03\/Foto02-8-307x207.jpg\" alt=\"Foto02-8\" width=\"307\" height=\"207\" \/><\/a><\/p>\n<p style=\"text-align: justify;\">El segundo orador fue Jos\u00e9 Antonio Jim\u00e9nez de Las Heras, quien remarc\u00f3 que el documental fue hecho por una estudiante saharaui (Ebbaba Hameida Hafed, la directora) y un estudiante marroqu\u00ed.<\/p>\n<p style=\"text-align: justify;\">\u201cQuiero hacer un agradecimiento especial a la CTA que siempre ha apoyado las causas justas. El mensaje de este documental, hecho por dos j\u00f3venes, una saharaui y el otro marroqu\u00ed, es que entre los pueblos y los j\u00f3venes se puede preparar un futuro, a diferencia de lo que imponen los reg\u00edmenes como el marroqu\u00ed que lleva 60 a\u00f1os de dominaci\u00f3n sobre la regi\u00f3n\u201d, comenz\u00f3 sus palabras Salem Bachir.<\/p>\n<p style=\"text-align: justify;\">En el documental son los j\u00f3venes saharauis quienes cuentan c\u00f3mo son sus vidas separadas de sus familias y su territorio. La mayor\u00eda de los entrevistados explica que han decidido emigrar a Espa\u00f1a para estudiar carreras que puedan servirles para ayudar a liberar a su naci\u00f3n del despotismo marroqu\u00ed. Todos, sin excepci\u00f3n sue\u00f1an con ver a su pueblo liberado.<\/p>\n<p style=\"text-align: justify;\">Bachir cont\u00f3 adem\u00e1s que en 1991 lleg\u00f3 al territorio una misi\u00f3n de la ONU prometiendo que en seis meses los saharauis iban a ser libres: pasaron 24 a\u00f1os de aquella promesa y el pueblo saharaui sigue sufriendo la dominaci\u00f3n marroqu\u00ed. \u201cMarruecos es calificado como el pa\u00eds, luego de Israel, que menos cumple con las resoluciones de la ONU\u201d, agreg\u00f3 Salem.<\/p>\n<p style=\"text-align: justify;\">\u201cLos saharauis viven separados por un muro de m\u00e1s de 2 mil kil\u00f3metros, es el muro m\u00e1s largo del mundo, despu\u00e9s de la muralla china y es el m\u00e1s minado del planeta: todos los d\u00edas hay muertes\u201d, detall\u00f3 Salem ante la condena de todos los presentes. Antes de finalizar, el representante saharaui en Argentina record\u00f3 que en el continente latinoamericano el pueblo saharaui \u201cencontr\u00f3 una gran solidaridad: 27 de los 32 pa\u00edses que lo componen reconocieron a la naci\u00f3n saharaui. Pero todav\u00eda falta que lo haga Argentina, Brasil y Chile\u201d.<\/p>\n<p style=\"text-align: justify;\">Estuvieron presentes Nora Corti\u00f1as, titular de Madres de Plaza de Mayo, L\u00ednea Fundadora, Carlos Custer, H\u00e9ctor M\u00e9ndez, Cinthia Pock, Carolina Ocar y representantes del Comit\u00e9 Argentino de Solidaridad con el pueblo saharaui, periodistas y referentes de organismos de derechos humanos. Fue destacable la presencia de j\u00f3venes en la actividad.<\/p>\n<p style=\"text-align: justify;\">Fotograf\u00edas: Walter Piedras<\/p>\n<p style=\"text-align: justify;\">* Equipo de Comunicaci\u00f3n de la CTA<\/p>\n","protected":false},"excerpt":{"rendered":"La libertad se ha exiliado en campamentos de refugiados\u201d, dice la protagonista de Ra\u00edces y Clamor, el documental sobre la historia del pueblo \n<a class=\"moretag\" href=\"https:\/\/ctainternacionales.org\/?p=2647\"> [...]<\/a>","protected":false},"author":1,"featured_media":0,"comment_status":"closed","ping_status":"closed","sticky":false,"template":"","format":"standard","meta":{"ngg_post_thumbnail":0,"footnotes":""},"categories":[],"tags":[],"class_list":["post-2647","post","type-post","status-publish","format-standard","hentry"],"_links":{"self":[{"href":"https:\/\/ctainternacionales.org\/index.php?rest_route=\/wp\/v2\/posts\/2647","targetHints":{"allow":["GET"]}}],"collection":[{"href":"https:\/\/ctainternacionales.org\/index.php?rest_route=\/wp\/v2\/posts"}],"about":[{"href":"https:\/\/ctainternacionales.org\/index.php?rest_route=\/wp\/v2\/types\/post"}],"author":[{"embeddable":true,"href":"https:\/\/ctainternacionales.org\/index.php?rest_route=\/wp\/v2\/users\/1"}],"replies":[{"embeddable":true,"href":"https:\/\/ctainternacionales.org\/index.php?rest_route=%2Fwp%2Fv2%2Fcomments&post=2647"}],"version-history":[{"count":1,"href":"https:\/\/ctainternacionales.org\/index.php?rest_route=\/wp\/v2\/posts\/2647\/revisions"}],"predecessor-version":[{"id":2650,"href":"https:\/\/ctainternacionales.org\/index.php?rest_route=\/wp\/v2\/posts\/2647\/revisions\/2650"}],"wp:attachment":[{"href":"https:\/\/ctainternacionales.org\/index.php?rest_route=%2Fwp%2Fv2%2Fmedia&parent=2647"}],"wp:term":[{"taxonomy":"category","embeddable":true,"href":"https:\/\/ctainternacionales.org\/index.php?rest_route=%2Fwp%2Fv2%2Fcategories&post=2647"},{"taxonomy":"post_tag","embeddable":true,"href":"https:\/\/ctainternacionales.org\/index.php?rest_route=%2Fwp%2Fv2%2Ftags&post=2647"}],"curies":[{"name":"wp","href":"https:\/\/api.w.org\/{rel}","templated":true}]}}