{"id":2636,"date":"2015-03-03T16:23:44","date_gmt":"2015-03-03T19:23:44","guid":{"rendered":"http:\/\/www.ctainternacionales.org\/?p=2636"},"modified":"2015-03-03T16:30:59","modified_gmt":"2015-03-03T19:30:59","slug":"el-retiro-de-tropas-de-haiti","status":"publish","type":"post","link":"https:\/\/ctainternacionales.org\/?p=2636","title":{"rendered":"El retiro de tropas de Haiti"},"content":{"rendered":"<p>&nbsp;<\/p>\n<p class=\"p1\" style=\"text-align: justify;\"><a href=\"http:\/\/www.ctainternacionales.org\/wp-content\/uploads\/2015\/03\/h5-1.jpg\"><img loading=\"lazy\" decoding=\"async\" class=\"aligncenter size-thumbnail wp-image-2645\" src=\"http:\/\/www.ctainternacionales.org\/wp-content\/uploads\/2015\/03\/h5-1-307x205.jpg\" alt=\"h5-1\" width=\"307\" height=\"205\" \/><\/a>Desde la CTA-Aut\u00f3noma saludamos la decisi\u00f3n del Gobierno argentino en relaci\u00f3n al retiro de las tropas argentinas de Haiti, decisi\u00f3n que era exigida por numerosas organizaciones sociales y pol\u00edticas dentro y fuera de Haiti y que va en consonancia con la lucha que desde esta Central se realiz\u00f3 por esta causa<!--more-->. El Ministerio de Defensa, anunci\u00f3 el repliegue de las tropas argentinas de Haiti que forman parte de la MINUSTAH (Misi\u00f3n de Estabilizaci\u00f3n de las Naciones Unidas en Hait\u00ed). El retiro que comenzar\u00e1 a implementarse a partir de los primeros d\u00edas de abril, 2015 se enmarca en la \u00fatlima resoluci\u00f3n del Consejo de Seguridad de la ONU, de octubre de 2014, que pretende reducir la presencia militar, y fortalecer los procesos institucionales del Estado haitiano. En este marco se est\u00e1 trabajando tambi\u00e9n para el llamado a elecciones presidenciales y legislativas para este a\u00f1o, de conformidad con la Constituci\u00f3n de Haiti.<\/p>\n<p class=\"p1\" style=\"text-align: justify;\">Desde la CTA consideramos como altamente positiva la decisi\u00f3n argentina en este sentido e instamos a que el Gobierno se comprometa a intervenir por la desmilitarizaci\u00f3n completa de Haiti y a contribuir a la recuperaci\u00f3n institucional del pa\u00eds hermano.<\/p>\n<p class=\"p1\" style=\"text-align: justify;\">A catorce a\u00f1os de la resoluci\u00f3n 1529 de las Naciones Unidas que creaba la\u202fMisi\u00f3n de las Naciones Unidas para la Estabilizaci\u00f3n en Hait\u00ed \u202f(MINUSTAH), el gobierno argentino ha anunciado la decisi\u00f3n de reducir su participaci\u00f3n en la misma, que cuenta con cerca de 400 tropas militares, dejando solamente a 70 efectivos, siendo la mayor\u00eda personal sanitario prestando funciones en el Hospital m\u00f3vil.<\/p>\n<p class=\"p1\" style=\"text-align: justify;\">El 29 de febrero de 2004 se realiz\u00f3 un golpe de Estado impulsado por el entonces presidente estadounidense George W. Bush que derroc\u00f3 al presidente electo de Hait\u00ed, Jean-Bertrand Aristide, del Partido Lavalas, quien fue secuestrado y deportado hacia \u00c1frica. La resoluci\u00f3n de la ONU antes mencionada, fue firmada el\u00a0 mismo d\u00eda del golpe. En varios pa\u00edses de Am\u00e9rica Latina se fueron organizando diversos comit\u00e9s por el retiro de tropas. La CTA-Aut\u00f3noma forma parte del cap\u00edtulo argentino junto con otras organizaciones como el SERPAJ, Di\u00e1logo 2000, Jubileo Sur y personalidades reconocidas en la defensa de Derechos Humanos como el Premio Nobel de la Paz, Adolfo P\u00e9rez Esquivel y Nora Corti\u00f1as de Madres de Plaza (L\u00ednea Fundadora) entre otros\/as junto a diversas organizaciones populares de nuestro pa\u00eds.<\/p>\n<p class=\"p1\" style=\"text-align: justify;\">La MINUSTAH tuvo innumerables denuncias, entre ellas, por ser parte de la represi\u00f3n de la protesta social, violaci\u00f3n de j\u00f3venes, torturas y la reintroducci\u00f3n de la cepa del c\u00f3lera en Hait\u00ed, enfermedad que hab\u00eda sido erradicada hace varias d\u00e9cadas entre otras. El terremoto que asol\u00f3 al pa\u00eds a inicios del 2010 fue una nueva \u201cexcusa\u201d para que las tropas se mantuvieran. Posteriormente se realizaron elecciones presidenciales que fueron consideradas ileg\u00edtimas por la mayor\u00eda de las organizaciones obreras y populares que denunciaron el fraude y llevaran a la presidencia a Michel Martelly, de pasaporte Norteamericano seg\u00fan la denuncia del Senador Jean Charles Moise qui\u00e9n promovi\u00f3 en dos oportunidades las resoluciones del Senado Haitiano, exigiendo el retiro \u201cinmediato\u201d de las tropas cuya misi\u00f3n encabezan: EE.UU, Canad\u00e1 y Francia con la inaceptable complicidad de muchos Gobiernos de nuestro continente, entre ellos, la Argentina.<\/p>\n<p class=\"p1\" style=\"text-align: justify;\">La permanencia de la MINUSTAH se fue postergando con el anuncio de un retiro progresivo luego del retrasado llamado a elecciones para renovar las autoridades y la acefal\u00eda parlamentaria<\/p>\n<p class=\"p1\" style=\"text-align: justify;\">\u00a0La negativa por parte del gobierno argentino ante los diversos reclamos ante el env\u00edo de tropas luego de enviar petitorios y la aprobaci\u00f3n parlamentaria de pr\u00f3rroga anual de la misi\u00f3n (la \u00faltima a fines del a\u00f1o pasado) parec\u00eda que ese pedido cayera en saco roto.<\/p>\n<p class=\"p1\" style=\"text-align: justify;\">El anuncio del retiro produce satisfacci\u00f3n porque parece ser un paso en la direcci\u00f3n reclamada desde hace muchos a\u00f1os, pero sobre todo era un reclamo del pueblo de Hait\u00ed, que ve la MINUSTAH como fuerza de ocupaci\u00f3n. Esa satisfacci\u00f3n tambi\u00e9n se debe a que la Canciller\u00eda reconoci\u00f3 en varias oportunidades la raz\u00f3n en las denuncias y reclamos del\u00a0 Comit\u00e9 en Argentina. Del mismo modo, el gobierno argentino consider\u00f3 que la creciente tensi\u00f3n social y pol\u00edtica que se vive en Hait\u00ed era un el peligro de que las tropas argentinas se vieran involucradas en tareas de represi\u00f3n directa a la poblaci\u00f3n.<\/p>\n<p class=\"p1\" style=\"text-align: justify;\">Sin embargo, ante esa buena noticia por parte del Ministerio de Defensa, tenemos ciertas cautelas. Porque todav\u00eda la Argentina sigue siendo parte de una fuerza de ocupaci\u00f3n en el marco de Naciones Unidas, MINUSTAH y todav\u00eda no se efectiviz\u00f3 el retiro anunciado, teniendo como fecha el 1\u00ba de Abril de este a\u00f1o. En ese sentido, seguimos insistiendo en la urgencia del respeto a la soberan\u00eda y los derechos del pueblo haitiano, llamamos al conjunto de las organizaciones populares por el retiro de todas las tropas de ocupaci\u00f3n y el fin de la MINUSTAH, por el fin de la impunidad y por otro tipo de cooperaci\u00f3n como hacen Cuba y Venezuela, que demuestran que un mundo mejor es posible, pero sobre todo necesario.<\/p>\n<p>&nbsp;<\/p>\n<p>&nbsp;<\/p>\n<p>&nbsp;<\/p>\n","protected":false},"excerpt":{"rendered":"&nbsp; Desde la CTA-Aut\u00f3noma saludamos la decisi\u00f3n del Gobierno argentino en relaci\u00f3n al retiro de las tropas argentinas de Haiti, decisi\u00f3n que era \n<a class=\"moretag\" href=\"https:\/\/ctainternacionales.org\/?p=2636\"> [...]<\/a>","protected":false},"author":1,"featured_media":0,"comment_status":"closed","ping_status":"closed","sticky":false,"template":"","format":"standard","meta":{"ngg_post_thumbnail":0,"footnotes":""},"categories":[],"tags":[],"class_list":["post-2636","post","type-post","status-publish","format-standard","hentry"],"_links":{"self":[{"href":"https:\/\/ctainternacionales.org\/index.php?rest_route=\/wp\/v2\/posts\/2636","targetHints":{"allow":["GET"]}}],"collection":[{"href":"https:\/\/ctainternacionales.org\/index.php?rest_route=\/wp\/v2\/posts"}],"about":[{"href":"https:\/\/ctainternacionales.org\/index.php?rest_route=\/wp\/v2\/types\/post"}],"author":[{"embeddable":true,"href":"https:\/\/ctainternacionales.org\/index.php?rest_route=\/wp\/v2\/users\/1"}],"replies":[{"embeddable":true,"href":"https:\/\/ctainternacionales.org\/index.php?rest_route=%2Fwp%2Fv2%2Fcomments&post=2636"}],"version-history":[{"count":4,"href":"https:\/\/ctainternacionales.org\/index.php?rest_route=\/wp\/v2\/posts\/2636\/revisions"}],"predecessor-version":[{"id":2646,"href":"https:\/\/ctainternacionales.org\/index.php?rest_route=\/wp\/v2\/posts\/2636\/revisions\/2646"}],"wp:attachment":[{"href":"https:\/\/ctainternacionales.org\/index.php?rest_route=%2Fwp%2Fv2%2Fmedia&parent=2636"}],"wp:term":[{"taxonomy":"category","embeddable":true,"href":"https:\/\/ctainternacionales.org\/index.php?rest_route=%2Fwp%2Fv2%2Fcategories&post=2636"},{"taxonomy":"post_tag","embeddable":true,"href":"https:\/\/ctainternacionales.org\/index.php?rest_route=%2Fwp%2Fv2%2Ftags&post=2636"}],"curies":[{"name":"wp","href":"https:\/\/api.w.org\/{rel}","templated":true}]}}