{"id":2633,"date":"2015-03-02T16:12:47","date_gmt":"2015-03-02T19:12:47","guid":{"rendered":"http:\/\/www.ctainternacionales.org\/?p=2633"},"modified":"2015-03-02T16:12:47","modified_gmt":"2015-03-02T19:12:47","slug":"uruguay-tabare-juro-como-presidente-y-comienza-su-actividad-reuniendose-con-raul-castro-2","status":"publish","type":"post","link":"https:\/\/ctainternacionales.org\/?p=2633","title":{"rendered":"Uruguay: Tabar\u00e9 jur\u00f3 como presidente y comienza su actividad reuni\u00e9ndose con Ra\u00fal Castro"},"content":{"rendered":"<p style=\"text-align: justify;\"><a href=\"http:\/\/www.ctainternacionales.org\/wp-content\/uploads\/2015\/03\/0011900524.jpg\"><img loading=\"lazy\" decoding=\"async\" class=\"aligncenter size-thumbnail wp-image-2634\" src=\"http:\/\/www.ctainternacionales.org\/wp-content\/uploads\/2015\/03\/0011900524-307x204.jpg\" alt=\"0011900524\" width=\"307\" height=\"204\" \/><\/a>En una aut\u00e9ntica fiesta c\u00edvica, Tabar\u00e9 V\u00e1zquez jur\u00f3 ayer como Presidente de la Rep\u00fablica y defini\u00f3 los pilares de su gobierno desde los m\u00e1s profundos valores artiguistas. Feliz y emocionado, el nuevo mandatario asegur\u00f3 que los ideales del pr\u00f3cer uruguayo inspirar\u00e1n las pol\u00edticas y las medidas que desde hoy mismo se comenzar\u00e1n a aplicar en el pa\u00eds.<\/p>\n<p style=\"text-align: justify;\">Rodeado del afecto de la gente que se volc\u00f3 masivamente a las calles para participar de los actos programados, Tabar\u00e9 recibi\u00f3 el saludo de los presidentes y delegaciones internacionales que llegaron para participar de la ceremonia de asunci\u00f3n.<!--more--><\/p>\n<p style=\"text-align: justify;\"><strong>L\u00edneas de gobierno<\/strong><\/p>\n<p style=\"text-align: justify;\">Por la tarde, en su primer mensaje por cadena de radio y televisi\u00f3n, adelant\u00f3 las grandes l\u00edneas de su acci\u00f3n de gobierno y anticip\u00f3 los proyectos de ley que estar\u00e1 remitiendo al Parlamento en los pr\u00f3ximos d\u00edas.<\/p>\n<p style=\"text-align: justify;\">Reiter\u00f3 que aplicar\u00e1 el programa de gobierno que \u201cla ciudadan\u00eda nos mandat\u00f3\u201d con el voto y que se apegar\u00e1 a las leyes y la Constituci\u00f3n.<\/p>\n<p style=\"text-align: justify;\">Anunci\u00f3 que fortalecer\u00e1 la descentralizaci\u00f3n por lo que el presupuesto quinquenal ser\u00e1 realizado en consulta con los gobiernos departamentales y municipios. \u201cCreemos en la sociedad y fomentamos la participaci\u00f3n de la ciudadan\u00eda en todos los niveles de gobierno\u201d exclam\u00f3.<\/p>\n<p style=\"text-align: justify;\">Adelant\u00f3 que el Ministerio P\u00fablico dejar\u00e1 de depender del Ministerio de Educaci\u00f3n y Cultura, para ser un servicio descentralizado. \u201cEste paso implica la jerarquizaci\u00f3n institucional de un actor relevante del sistema de justicia. Con la descentralizaci\u00f3n propuesta, el Poder Ejecutivo pretende otorgar al Ministerio P\u00fablico la mayor autonom\u00eda posible dentro del marco constitucional del pa\u00eds\u201d sostuvo V\u00e1zquez.<\/p>\n<p style=\"text-align: justify;\">Anunci\u00f3 que se realizar\u00e1 un inventario de todos los bienes del Estado y su condici\u00f3n, para cuidar el patrimonio y resolver sobre ello.<\/p>\n<p style=\"text-align: justify;\"><strong>Foro Uruguay 2050<\/strong><\/p>\n<p style=\"text-align: justify;\">Para el segundo semestre del a\u00f1o anunci\u00f3 la convocatoria para establecer un Foro sobre Uruguay en 2050, del cual participar\u00e1n todos los sectores de la sociedad, y para el cual se presentar\u00e1 una propuesta de temas.\u201d El fruto del trabajo ser\u00e1 un instrumento fundamental para el di\u00e1logo pol\u00edtico que necesariamente deber\u00e1 acompa\u00f1arlo\u201d explic\u00f3.<\/p>\n<p style=\"text-align: justify;\">Tambi\u00e9n destac\u00f3 la continuidad en el trabajo por los derechos humanos, destac\u00f3 el reci\u00e9n creado grupo de trabajo, y en respuesta a cr\u00edticas recibidas por su conformaci\u00f3n, solicit\u00f3 que quien tenga una idea mejor, que la presente en Presidencia.<\/p>\n<p style=\"text-align: justify;\">Dentro de los derechos humanos adelant\u00f3 que se mantendr\u00e1 la pol\u00edtica de refugio pero dijo que se evaluar\u00e1 el resultado del refugio otorgado a familias sirias y expresos de Guant\u00e1namo, para resolver como seguir en el futuro.<\/p>\n<p style=\"text-align: justify;\">Present\u00f3 que se desarrollar\u00e1 un Plan Nacional de Cultura Democr\u00e1tica y Humanitaria que atender\u00e1 a la seguridad y la convivencia, y puso como meta disminuir las rapi\u00f1as. \u201cEsta herramienta desarrollar\u00e1 permanentemente programas y acciones para la inclusi\u00f3n social y la convivencia pac\u00edfica, contra la violencia y toda forma de discriminaci\u00f3n, as\u00ed como la promoci\u00f3n de la cultura basada en la dignidad de la persona humana, considerada en su dimensi\u00f3n individual y comunitaria\u201d, sostuvo.<\/p>\n<p style=\"text-align: justify;\">Otra propuesta a desarrollar ser\u00e1 mejorar la gesti\u00f3n de gobierno y adelant\u00f3 que para 2016 todos los tr\u00e1mites podr\u00e1n realizarse por Internet.<\/p>\n<p style=\"text-align: justify;\"><strong>Tablet para jubilados<\/strong><\/p>\n<p style=\"text-align: justify;\">Asimismo dijo que comenzar\u00e1 a implementar su propuesta de entregar una tablet a cada jubilado, comenzando con aquellos que ganan menos de 24.416 pesos mensuales, e ir completando despu\u00e9s mediante franjas de ingresos.<\/p>\n<p style=\"text-align: justify;\">Destac\u00f3 que el Sistema Nacional de Cuidados ser\u00e1 prioridad en sus cinco a\u00f1os de gobierno, y que en el primer a\u00f1o se invertir\u00e1n en el mismo 45 millones de d\u00f3lares, para llegar a 2020, con una inversi\u00f3n anual de 240 millones. \u201cAs\u00ed como en el per\u00edodo de gobierno 2005-2010, el Plan de Emergencia Social fue prioritario, en el per\u00edodo 2015-2020 lo ser\u00e1 este sistema\u201d afirm\u00f3 V\u00e1zquez. Atender\u00e1 a toda la poblaci\u00f3n dependiente, desde beb\u00e9s hasta adultos mayores y personas con capacidades diferentes. Dijo que ese gasto es un \u201cimperativo \u00e9tico y un mandato constitucional\u201d.<\/p>\n<p style=\"text-align: justify;\">En el mismo sentido anunci\u00f3 que seguir\u00e1 desarrollando y profundizando el Sistema Nacional Integrado de Salud al que agreg\u00f3 varias propuestas, entre ellas dijo que \u201ctrabajaremos en la disminuci\u00f3n del costo de los prepagos o tiques, se incorporar\u00e1n a la canasta de cobertura obligatoria la cirug\u00eda de ves\u00edcula por v\u00eda laparosc\u00f3pica y la ecograf\u00eda estructural para las madres que la tengan indicada\u201d.<\/p>\n<p style=\"text-align: justify;\">Adem\u00e1s dijo que contra el alcoholismo \u201cvamos a desarrollar acciones similares, muy fuertes, como las que desarrollamos en la lucha contra el tabaquismo\u201d.<\/p>\n<p style=\"text-align: justify;\">Otra l\u00ednea de acci\u00f3n ser\u00e1 un sistema nacional de infraestructura, para promover la inversi\u00f3n p\u00fablico privada. \u201cPara este sistema de infraestructura se utilizar\u00e1n todos los instrumentos jur\u00eddicos disponibles\u201d a\u00f1adi\u00f3. Adelant\u00f3 prioridades en la reparaci\u00f3n de la red vial a trav\u00e9s de un plan de reparaci\u00f3n de carreteras.<\/p>\n<p style=\"text-align: justify;\">Asimismo adelant\u00f3 que est\u00e1 pronta la reglamentaci\u00f3n de la ley de servicio audiovisual conocida como \u201cley de medios\u201d.<\/p>\n<p style=\"text-align: justify;\"><strong>Mejora de la educaci\u00f3n<\/strong><\/p>\n<p style=\"text-align: justify;\">Tambi\u00e9n ser\u00e1 prioridad la mejora de la educaci\u00f3n, y propuso un sistema integrado de los 3 a los 14 a\u00f1os, \u201cy que para el a\u00f1o 2020 el 100 % de los j\u00f3venes de hasta 17 a\u00f1os est\u00e9 en el sistema educativo y el 75 % termine el ciclo de ense\u00f1anza media\u201d.<\/p>\n<p style=\"text-align: justify;\">Otro de los focos del gobierno ser\u00e1 el desarrollo de una pol\u00edtica de vivienda, que promueva la vivienda social de calidad y que mejore las posibilidades de acceso a la misma, estableciendo tambi\u00e9n mecanismos para los j\u00f3venes. Anunci\u00f3 que el Programa de Mejoramiento de Barrios y el Plan Juntos se incorporar\u00e1n al Ministerio de Vivienda.<\/p>\n<p style=\"text-align: justify;\">La promoci\u00f3n de la cultura, que desarrolle valores, ser\u00e1 otra apuesta fuerte del gobierno para avanzar en el trabajo de calidad. \u201cTodos nosotros somos trabajadores, todos nosotros tenemos que defender nuestros derechos, pero todos nosotros debemos asumir nuestras responsabilidades\u201d afirm\u00f3.<\/p>\n<p style=\"text-align: justify;\">Por otra parte, anunci\u00f3 la creaci\u00f3n de una Secretar\u00eda Nacional de Deporte dependiente de Presidencia, \u201ccomo promotor de valores y adem\u00e1s factor de integraci\u00f3n social\u201d y enviar\u00e1 un proyecto de ley para que el Ministerio de Turismo y Deportes, sea solo de Turismo. En este campo anunci\u00f3 que se prepara un proyecto de ley para atacar la violencia en el deporte. \u201cSeremos implacables, porque queremos tener una sociedad sana, una sociedad fuerte, una sociedad fraterna, una sociedad en paz\u201d, exclam\u00f3.<\/p>\n<p style=\"text-align: justify;\">Finalmente abord\u00f3 el cap\u00edtulo de econom\u00eda, producci\u00f3n, trabajo, medio ambiente y cambio clim\u00e1tico, se\u00f1alando que se mantendr\u00e1 la pol\u00edtico de control y equilibrio fiscal, y anunci\u00f3 que en un plazo de 18 meses se propone que la inflaci\u00f3n se establezca dentro del rango meta, entre 3 y 7%.<\/p>\n<p style=\"text-align: justify;\">Asimismo anunci\u00f3 la creaci\u00f3n de un sistema nacional de competitividad para impulsar la transformaci\u00f3n productiva y aprovechar todos los recursos disponibles. Se crear\u00e1 un mini gabinete, integrado por las carteras de Ganader\u00eda, Industria, Exteriores y OPP para consolidar y abrir nuevos mercados y captar inversiones.<\/p>\n<p style=\"text-align: justify;\">Reiter\u00f3 su compromiso electoral de llegar al 1% del PBI la inversi\u00f3n en ciencia y tecnolog\u00eda, \u201cy fortaleceremos fondos para becas de formaci\u00f3n y capacitaci\u00f3n de los investigadores e incorporaremos la investigaci\u00f3n cient\u00edfica y tecnol\u00f3gica en las empresas p\u00fablicas. El desarrollo ha de ser ambientalmente sostenible o simplemente no ser\u00e1 desarrollo\u201d.<\/p>\n<p style=\"text-align: justify;\">Anunci\u00f3 la creaci\u00f3n de una Secretar\u00eda de Medio Ambiente, Cambio Clim\u00e1tico y Agua para asegurar que el crecimiento sea sostenible.<\/p>\n<p style=\"text-align: justify;\">Otras leyes anunciadas para la primera etapa de gobierno es separar el pago del IRPF al salario vacacional y aguinaldo, as\u00ed como una ley que institucionalice el Fondo de Desarrollo (Fondes) creado por decreto en 2011.<\/p>\n<p style=\"text-align: justify;\">Adelant\u00f3 tambi\u00e9n el env\u00edo de un proyecto de ley \u201cpara restituir el Impuesto de Primaria a las extensiones de tierra superiores a 300 hect\u00e1reas, dado que las condiciones que llevaron a suspender este impuesto han sido ampliamente superadas\u201d.<\/p>\n<p style=\"text-align: justify;\">Ya en la despedida, V\u00e1zquez adelant\u00f3 que dialogar\u00e1 con todos, todas las veces que ser\u00e1 necesario. \u201cPero el di\u00e1logo y los acuerdos han de estar orientados por la voluntad y el mandato de la ciudadan\u00eda. No pedimos que nos sigan, sino que nos acompa\u00f1en en la tarea de continuar construyendo el pa\u00eds. Ese pa\u00eds con desarrollo que los uruguayos deseamos y adem\u00e1s merecemos\u201d subray\u00f3.<\/p>\n<p style=\"text-align: justify;\"><strong>Rep\u00fablica<\/strong><\/p>\n<p style=\"text-align: justify;\">V\u00e1zquez abre su agenda con el presidente de Cuba, Castro<br \/>\nEl d\u00eda despu\u00e9s de la asunci\u00f3n del Dr. Tabar\u00e9 V\u00e1zquez como Presidente de la Rep\u00fablica y su primera jornada como mandatario, arrancar\u00e1 tempranito, ya que a la hora 10 mantendr\u00e1 un encuentro con su par de la Rep\u00fablica de Cuba, Ra\u00fal Castro en la residencia presidencial de la Avenida Su\u00e1rez y Reyes, en el Prado.<\/p>\n<p style=\"text-align: justify;\">En la instancia hablar\u00e1n de varios temas de la agenda com\u00fan de ambos mandatarios, como ser intercambio educativo, asuntos relacionados con la producci\u00f3n lechera, entre otros.<\/p>\n<p style=\"text-align: justify;\">Asunciones oficiales desde las 10 hasta las 17 horas.<\/p>\n<p style=\"text-align: justify;\">Adem\u00e1s, se llevar\u00e1n a cabo un sinf\u00edn de actividades de presentaci\u00f3n de autoridades en las 13 secretar\u00edas de Estado, y otras reparticiones de gobierno de importancia, entre las cuales destacamos:<\/p>\n<p style=\"text-align: justify;\">-10hs. Ministerio de Turismo y Deporte. Presentaci\u00f3n de las autoridades designadas (Liliam Kechichian, Benjam\u00edn Liberoff y equipo). Lugar: Dep\u00f3sito Santos (Rambla 25 de Agosto s\/n esq. Yacar\u00e9, hall de entrada)<\/p>\n<p style=\"text-align: justify;\">-11hs. Asunci\u00f3n de autoridades de la Oficina de Planeamiento y Presupuesto (OPP). \u00c1lvaro Garc\u00eda y equipo. Lugar: Sal\u00f3n de Actos de Torre Ejecutiva<\/p>\n<p style=\"text-align: justify;\">-12hs. Ministerio de Educaci\u00f3n y Cultura. Asunci\u00f3n de nuevas autoridades, Mar\u00eda Julia Mu\u00f1oz, Fernando Filgueira y equipo). Lugar: sede del MEC Reconquista 535, piso 9<\/p>\n<p style=\"text-align: justify;\">-14hs. Ministerio de Relaciones Exteriores. Asunci\u00f3n de nuevas autoridades (Rodolfo Nin Novoa, Jos\u00e9 Luis Cancela y equipo). Lugar: Canciller\u00eda (Colonia y Cuareim).<\/p>\n<p style=\"text-align: justify;\">-14.45hs. Ministerio de Ganader\u00eda, Agricultura y Pesca. Asunci\u00f3n de nuevas autoridades (Tabar\u00e9 Aguerre, Enzo Benech y equipo). Lugar. Sede del MGAP (Constituyente 1476, planta baja).<\/p>\n<p style=\"text-align: justify;\">-17hs. Ministerio de Trabajo y Seguridad Social. Asunci\u00f3n de nuevas autoridades (Ernesto Murro, Julio Bar\u00e1ibar y equipo). Lugar. sala de Actos del MTSS (Juncal 1511, piso 1).<\/p>\n<p style=\"text-align: justify;\">-17.45hs. Administraci\u00f3n Nacional de Puertos. Asunci\u00f3n de autoridades. El ministro de Transporte y Obras P\u00fablicas, V\u00edctor Rossi, impondr\u00e1 en funciones a las autoridades designadas de la ANP (Alberto D\u00edaz y equipo). Lugar: Edificio Sede de la ANP (2\u00ba Piso Sala de Directorio).<\/p>\n<p style=\"text-align: justify;\"><strong>El 1er. Consejo del 2\u00ba per\u00edodo<\/strong><\/p>\n<p style=\"text-align: justify;\">El primer Consejo de Ministros que se llevar\u00e1 a cabo en el segundo per\u00edodo de gobierno (2015-2020) del Dr. Tabar\u00e9 V\u00e1zquez como Presidente de la Rep\u00fablica se realizar\u00e1 \u2013seguramente- en la zona de Santa Luc\u00eda, Canelones.<\/p>\n<p style=\"text-align: justify;\">Rep\u00fablica<\/p>\n<p style=\"text-align: justify;\">Texto completo del discurso<br \/>\n\u201cSe\u00f1ores representantes de pa\u00edses hermanos y amigos. Se\u00f1ores expresidentes de la Rep\u00fablica, se\u00f1oras y se\u00f1ores legisladores. Se\u00f1oras y se\u00f1ores.<\/p>\n<p style=\"text-align: justify;\">Al inicio de mi alocuci\u00f3n quisiera fervorosamente saludar los treinta a\u00f1os ininterrumpidos de democracia que gozamos en el Uruguay.<\/p>\n<p style=\"text-align: justify;\">Quiero tambi\u00e9n recordar y saludar a aquel primer gobierno que presidiera el doctor Julio Mar\u00eda Sanguinetti posdictadura y que desde aqu\u00ed mismo hace treinta a\u00f1os asumiera la Presidencia de la Rep\u00fablica.<\/p>\n<p style=\"text-align: justify;\">Se\u00f1oras y se\u00f1ores, hace exactamente diez a\u00f1os desde este mismo lugar me dirig\u00ed a la Asamblea General del Poder Legislativo en ocasi\u00f3n de asumir la Presidencia de la Rep\u00fablica.<\/p>\n<p style=\"text-align: justify;\">Hoy la vida me da una segunda oportunidad. Ha pasado el tiempo y obviamente muchas cosas ocurrieron en el Uruguay y en el mundo. Algunas buenas, algunas malas y otras sencillamente horribles. Es as\u00ed que pocas veces en su historia la humanidad se vio tan sacudida, tan golpeada, tan abrumada como en estos tiempos. La violencia, el miedo, el terror, la intolerancia campean en distintas regiones de nuestro planeta.<\/p>\n<p style=\"text-align: justify;\">Los conflictos b\u00e9licos que parecen no concluir nunca, las muertes violentas y las que podr\u00edan ser evitables, los excluidos, el hambre cr\u00f3nica y la desnutrici\u00f3n que padecen millones de personas mientras toneladas de alimentos se arrojan diariamente como si fueran desperdicios, la intolerancia y la discriminaci\u00f3n por razones religiosas, \u00e9tnicas o de orientaci\u00f3n sexual constituyen la realidad a la que hacemos referencia.<\/p>\n<p style=\"text-align: justify;\">Parecer\u00eda que los virtuosos, recordando a Arist\u00f3teles cuando afirmaba que hay una l\u00ednea entre la virtud y el vicio que divide a toda la humanidad, los virtuosos est\u00e1n perdiendo terreno.<\/p>\n<p style=\"text-align: justify;\">No obstante, debemos decir que tambi\u00e9n hay signos positivos que nos alientan. No son pocos los que claman y luchan por la paz, quienes trabajan a favor de los derechos humanos, los que se preocupan por los pobres e indigentes y aquellos que militan cuidando el medio ambiente.<\/p>\n<p style=\"text-align: justify;\">Frente a esta dram\u00e1tica, cr\u00edtica y a la vez contradictoria realidad mundial, cuando un ciudadano electo libre y democr\u00e1ticamente por el pueblo soberano para presidir el pa\u00eds se presenta ante ustedes, leg\u00edtimos representantes del mismo, y ante los honorables visitantes provenientes de pa\u00edses amigos y hermanos, considera oportuno hablar como lo hiciera hace diez a\u00f1os de los principios y valores que constituyen el modo de vida del pueblo uruguayo.<\/p>\n<p style=\"text-align: justify;\">Por feliz coincidencia, en este momento hist\u00f3rico se cumplen doscientos a\u00f1os del Reglamento Provisorio de Tierras a trav\u00e9s del cual nuestro pr\u00f3cer Artigas en el apogeo de su gobierno y desde Villa Purificaci\u00f3n afirmara en conocida y c\u00e9lebre frase el principio de que los m\u00e1s infelices sean los m\u00e1s privilegiados.<\/p>\n<p style=\"text-align: justify;\">Creo entonces propicia esta circunstancia para recordar los valores que animaran al gobierno artiguista. No se trata de una mera rememoraci\u00f3n de ocasi\u00f3n, sino que estos valores ser\u00e1n los referentes axiol\u00f3gicos que inspirar\u00e1n y animar\u00e1n las pol\u00edticas y medidas concretas que desde nuestro gobierno impulsaremos.<\/p>\n<p style=\"text-align: justify;\">Ruego entonces a todos ustedes se me permita despojar al pr\u00f3cer Jos\u00e9 Artigas de la frialdad y rigidez del bronce y del m\u00e1rmol, de los mitos y oropeles que lo rodean y evocarlo, con respeto y admiraci\u00f3n, como un hombre con sus virtudes y con sus defectos, como un simple ciudadano, tal como pidiera se le designara el 25 de abril de 1815 en oficio al Cabildo de Montevideo.<\/p>\n<p style=\"text-align: justify;\">Un hombre que dirigiendo su ej\u00e9rcito popular derrot\u00f3 a los invasores y, al final de esa batalla, la conocida Batalla de Las Piedras, pidiera generosidad a su tropa para salvar a los vencidos.<\/p>\n<p style=\"text-align: justify;\">Qu\u00e9 diferente del momento actual donde se inmolan v\u00edctimas, se graban por televisi\u00f3n y tristemente se muestran como si fuera un espect\u00e1culo circense o deportivo.<\/p>\n<p style=\"text-align: justify;\">Artigas fue como todo hombre o mujer hijo de su \u00e9poca. \u201cEl hombre y sus circunstancias\u201d, como escribiera Ortega y Gasset. Situemos, pues, a este hombre en el marco hist\u00f3rico de su circunstancia donde se entrecruzaran de modo fermental las diversas corrientes doctrinarias del momento hist\u00f3rico que le toc\u00f3 vivir.<\/p>\n<p style=\"text-align: justify;\">Era aquella la \u00e9poca de la filosof\u00eda, la \u00e9poca de la Ilustraci\u00f3n, el Siglo de las Luces donde era referencia obligatoria hablar, entre otros t\u00f3picos, de la filosof\u00eda moral de los cl\u00e1sicos griegos.<\/p>\n<p style=\"text-align: justify;\">Tambi\u00e9n era la \u00e9poca en que en la Universidad de C\u00f3rdoba predominaba la ense\u00f1anza de los humanistas inspirados en las tesis comunitarias de ra\u00edz no individualista sobre la soberan\u00eda popular y el bien com\u00fan.<\/p>\n<p style=\"text-align: justify;\">Era tiempo en el que vientos independentistas recorr\u00edan el suelo americano. Artigas nace en esa \u00e9poca, 56 a\u00f1os despu\u00e9s de la fundaci\u00f3n de Santo Domingo de Soriano, primer centro poblado de lo que luego ser\u00eda el Uruguay.<\/p>\n<p style=\"text-align: justify;\">Nace el 19 de junio de 1764 en un Montevideo muy joven con apenas 40 a\u00f1os de vida. Hac\u00eda solo nueve a\u00f1os de fundada la ciudad de Maldonado. Por entonces, Miguel Hidalgo, revolucionario mexicano, cumpl\u00eda 11 a\u00f1os; George Washington, 32. En 1765, al a\u00f1o de Artigas, nacer\u00e1 otro revolucionario mexicano, Jos\u00e9 Mar\u00eda Morelos. En 1766 lo hace el pr\u00f3cer paraguayo, Jos\u00e9 Gaspar Rodr\u00edguez de Francia. En 1769, cinco a\u00f1os despu\u00e9s del nacimiento de Artigas, nace Napole\u00f3n Bonaparte. En 1778, San Mart\u00edn, Mariano Moreno y el futuro pr\u00f3cer chileno, O\u2019Higgins. En 1783, Sim\u00f3n Bol\u00edvar. Artigas ten\u00eda entonces 19 a\u00f1os.<\/p>\n<p style=\"text-align: justify;\">Recordemos adem\u00e1s la realidad hist\u00f3rica de aquel momento. En 1764, a\u00f1o del nacimiento del Jefe de los Orientales, que luego ser\u00eda llamado inicialmente por resoluci\u00f3n el Cabildo de C\u00f3rdoba, Protector de los Pueblos Libres, comienza el conflicto entre Inglaterra y sus colonias americanas, originado por el tema de los impuestos, siendo el a\u00f1o de 1776 cuando estalla la revoluci\u00f3n y guerra de la independencia de lo que posteriormente ser\u00eda los Estados Unidos de Norteam\u00e9rica. Artigas ten\u00eda 12 a\u00f1os.<\/p>\n<p style=\"text-align: justify;\">Cuando cumpli\u00f3 16, nuevamente se sacude la tierra americana y esta vez en el sur. Jos\u00e9 Gabriel Condorcanqui, llamado T\u00fapac Amaru, encabeza en Per\u00fa la insurrecci\u00f3n ind\u00edgena m\u00e1s importante de estas latitudes y en 1789 comenz\u00f3 la Revoluci\u00f3n Francesa bajo el lema libertad, igualdad y fraternidad.<\/p>\n<p style=\"text-align: justify;\">Y en agosto de ese a\u00f1o se aprob\u00f3 la Declaraci\u00f3n de los Derechos del Hombre que consagra la resistencia a la opresi\u00f3n, como un derecho de todos los pueblos.<\/p>\n<p style=\"text-align: justify;\">Es entonces donde nace y se forja la personalidad de Artigas. Ser\u00e1 como se ha dicho su grandeza de alma, su hombr\u00eda de bien, su compromiso con los m\u00e1s humildes y despose\u00eddos, lo que lo hace trascender mientras que otros de esa \u00e9poca quedaron en el olvido o en la triste historia.<\/p>\n<p style=\"text-align: justify;\">Hombre de dos sociedades. Vive primero en Montevideo hasta los 16 a\u00f1os, a los 10 inicia su Educaci\u00f3n Primaria en el Convento San Bernardino de los Padres Franciscanos. Estudi\u00f3 dos a\u00f1os y aprendi\u00f3 lo b\u00e1sico: leer, escribir y contar.<\/p>\n<p style=\"text-align: justify;\">En 1780 abandon\u00f3 la ciudad y se intern\u00f3 a vivir en la campa\u00f1a y en los bosques durante 19 a\u00f1os. Una vida an\u00f3nima que se desarroll\u00f3 en contacto con las tolder\u00edas de los indios charr\u00faas, con la cultura guaran\u00ed, con los negros, mestizos y zambos y con los gauchos contrabandistas de ganado al norte del R\u00edo Negro. Sin perjuicio que posteriormente en di\u00e1logos enriquecedores alternar\u00e1 con vigorosas personalidades intelectuales.<\/p>\n<p style=\"text-align: justify;\">Llev\u00f3 vida de hombre suelto, vivi\u00f3 la libertad de los campos y all\u00ed madur\u00f3 su esp\u00edritu revolucionario. Un siglo despu\u00e9s, en 1881, el historiador argentino Bartolom\u00e9 Mitre escrib\u00eda: \u201cArtigas es hoy una especie del mito del que todos hablan y ninguno conoce\u201d. Y en 1910 Juan Zorrilla de San Mart\u00edn expresaba magistralmente: \u201cArtigas no ha sido visto, ya no digo en el mundo, pero ni siquiera en Am\u00e9rica, su aparici\u00f3n va a sorprender a muchos, pero acabar\u00e1 imponi\u00e9ndose a todos\u201d. Para Zorrilla, Artigas era un caudillo popular en todo el Virreinato, el h\u00e9roe criollo, el h\u00e9roe de la independencia de Am\u00e9rica, el que crey\u00f3 en la democracia nativa.<\/p>\n<p style=\"text-align: justify;\">Es en ese hombre, pues, es all\u00ed, en el que debemos buscar los valores y principios que conforman la identidad del pueblo uruguayo. Valores y principios que en estos tiempos del mundo m\u00e1s que nunca debemos reivindicar, asumir y llevar a la pr\u00e1ctica. Libertad, igualdad, justicia, democracia, determinaci\u00f3n, autodeterminaci\u00f3n de los pueblos, ilustraci\u00f3n, solidaridad, fraternidad, integraci\u00f3n, respeto y tolerancia hacia los otros; son mandatos que emanan del pensamiento artiguista y que intentar\u00e9 desarrollar brevemente bas\u00e1ndome en documentos que con su firma nos legara.<\/p>\n<p style=\"text-align: justify;\">La libertad es uno de los m\u00e1ximos valores por los que luch\u00f3 el pr\u00f3cer, de ah\u00ed la carta que le dirigiera el 20 de diciembre de 1812 a la Junta Gubernativa del Paraguay afirmando: \u201cYo ya estoy decidido, propender\u00e9 siempre a los tiempos de la verdadera libertad\u201d.<\/p>\n<p style=\"text-align: justify;\">Cinco d\u00edas despu\u00e9s le escribir\u00e1 a Sarratea, su enemigo declarado, \u201cla cuesti\u00f3n es solo entre la libertad y el despotismo\u201d. Pero si Artigas combati\u00f3 por la libertad de los pueblos, con igual denuedo luch\u00f3 por la igualdad de quienes los integraran. Por eso le recordar\u00e1 al gobernador de Corrientes, Jos\u00e9 da Silva, el 9 de abril de 1815: \u201cTodo hombre es igual en presencia de la Ley, sus virtudes o delitos los hacen amigables u odiosos. Olvidemos esa maldita costumbre que los engrandecimientos nacen de la cuna\u201d. Partiendo de este principio igualitario nuestro pr\u00f3cer no querr\u00e1 sojuzgar a los ind\u00edgenas y les reconocer\u00e1 el derecho de gobernarse por s\u00ed mismos.<\/p>\n<p style=\"text-align: justify;\">De ah\u00ed que casi un mes despu\u00e9s del anterior oficio, el 3 de mayo de 1815, le escribir\u00e1 al antedicho gobernador: \u201cYo deseo que los indios en sus pueblos se gobiernen por s\u00ed mismos\u201d.<\/p>\n<p style=\"text-align: justify;\">Seis meses despu\u00e9s, el 10 de febrero de 1816, insistir\u00e1 sobre este tema en carta al Cabildo de Corrientes y, demostrando su coherencia y perseverancia, afirmar\u00e1: \u201cEs preciso que a los indios se los trate con m\u00e1s consideraci\u00f3n, pues no es deseable cuando sostenemos nuestro derecho, excluirlos del que justamente les corresponde\u201d.<\/p>\n<p style=\"text-align: justify;\">Artigas reafirmar\u00e1 este principio de integraci\u00f3n y solidaridad pronunci\u00e1ndose contra la exclusi\u00f3n, defendiendo el derecho de los marginados, expresando: \u201cRecordemos que ellos tienen el principal derecho y que ser\u00eda una degradaci\u00f3n vergonzosa para nosotros mantenerlos en aquella exclusi\u00f3n vergonzosa que hasta hoy han padecido por el simple hecho de ser indianos\u201d.<\/p>\n<p style=\"text-align: justify;\">La libertad y la igualdad las sustentaba con la justicia. En carta a la Junta Gubernativa del Paraguay, el 20 de diciembre de 1812, expresar\u00e1 el pr\u00f3cer: \u201cLa raz\u00f3n y la justicia sancionar\u00e1n mi proceder\u201d. Y en misiva a Barreiro del 28 de agosto de 1815 le ordena: \u201cno condescienda de manera alguna con todo aquello que no se ajusta a la justicia y a la raz\u00f3n\u201d.<\/p>\n<p style=\"text-align: justify;\">Sobre la base de los tres principios anunciados: libertad, igualdad y justicia, Artigas ser\u00e1 un celoso defensor de los derechos de los pueblos.<\/p>\n<p style=\"text-align: justify;\">\u201cHoy estamos resueltos a hacer valer los derechos que los tiranos nos ten\u00edan usurpados\u201d, le escribe a Antonio Pereira el 10 de mayo de 1811. Y en correspondencia al comandante de las Misiones, el notable caudillo guaran\u00ed Andr\u00e9s Artigas, le explicaba cu\u00e1l era el fin buscado por sus acciones revolucionarias, reiterando su idea de autogesti\u00f3n para los pueblos ind\u00edgenas, con el fin, le dir\u00e1, de dejar a los pueblos en el pleno goce de sus derechos. Esto es, para que cada pueblo se gobierne por s\u00ed mismo.<\/p>\n<p style=\"text-align: justify;\">Y en carta a Sim\u00f3n Bol\u00edvar, fechada el 20 de junio de 1817, le expresar\u00e1: \u201cUnidos \u00edntimamente por v\u00ednculos de naturaleza y de intereses rec\u00edprocos, luchamos contra tiranos que intentan profanar nuestros derechos\u201d.<\/p>\n<p style=\"text-align: justify;\">Artigas recog\u00eda y extend\u00eda a toda la provincia lo que el presb\u00edtero P\u00e9rez Castellano expresara refiri\u00e9ndose en 1808 a Montevideo, la primera ciudad en Am\u00e9rica en proclamar sus derechos.<\/p>\n<p style=\"text-align: justify;\">Para Artigas, los derechos de los pueblos se asientan en su soberan\u00eda. Por eso rindi\u00f3 culto al pueblo soberano en su discurso de abril de 1813 diciendo: \u201cMi autoridad emana de vosotros y ella cesa ante vuestra presencia soberana\u201d.<\/p>\n<p style=\"text-align: justify;\">En relaci\u00f3n a los derechos de los pueblos y su ejercicio en el pensamiento artiguista es pilar fundamental, la integraci\u00f3n, la \u201cPatria Grande\u201d.<\/p>\n<p style=\"text-align: justify;\">De este modo le escribir\u00e1 a la Junta Gubernativa de Paraguay el 7 de diciembre de 1811: \u201cnuestro sistema continental, nuestra Am\u00e9rica\u201d, se refer\u00eda a la del Sur.<\/p>\n<p style=\"text-align: justify;\">Elocuentemente, al Cabildo de Montevideo el 9 de mayo de 1815 le advertir\u00e1: \u201cNosotros no debemos tener en vista lo que podemos respectivamente sino lo que podr\u00e1n todos los pueblos americanos unidos\u201d.<\/p>\n<p style=\"text-align: justify;\">Ya con anterioridad, le har\u00e1 saber a Manuel Sarratea el 25 de diciembre de 1812: \u201cHallar\u00e1 en mi a un hombre decidido por el sistema de los pueblos\u201d.<\/p>\n<p style=\"text-align: justify;\">La defensa de la soberan\u00eda de los pueblos har\u00e1 que Artigas, sin caer en un peligroso aislacionismo, sea particularmente cuidadoso y firme en su relaci\u00f3n con las potencias de la \u00e9poca. En oficio al Cabildo de Montevideo, con fecha 12 de agosto de 1815, y refiri\u00e9ndose al comandante de los buques ingleses que comercializaban en ese momento en los territorios de la Banda Oriental, expresar\u00e1: \u201cSi no le acomoda, mande Vuestra Se\u00f1or\u00eda a retirar todos sus buques que yo abrir\u00e9 el comercio con quien m\u00e1s nos convenga\u201d. Continuando m\u00e1s adelante, \u201clos ingleses deben conocer que ellos son los beneficiados y, por lo mismo, jam\u00e1s deben imponernos, al contrario, someterse a nuestras leyes territoriales, seg\u00fan lo verifican todas las naciones y la misma inglesa en su puerto\u201d.<\/p>\n<p style=\"text-align: justify;\">Pero si Artigas fue el principal adalid en la defensa de los derechos de los pueblos, tambi\u00e9n se preocupar\u00e1 para que en el ejercicio de estos derechos los pueblos sean ilustrados. Es entonces en la \u00e9poca de la \u201cPatria Vieja\u201d que se abre la primera escuela p\u00fablica. Ser\u00e1 en esta \u00e9poca que se inaugurar\u00e1 la Biblioteca Nacional, es entonces que Artigas pronuncia la conocida frase: \u201cSean los orientales tan ilustrados como valientes\u201d.<\/p>\n<p style=\"text-align: justify;\">Es en 1815 que aparece tambi\u00e9n el peri\u00f3dico El Prospecto Oriental, prensa del Estado y que Artigas defini\u00f3 como: \u201cConveniente para fomentar la ilustraci\u00f3n de nuestros paisanos\u201d.<\/p>\n<p style=\"text-align: justify;\">Se\u00f1oras y se\u00f1ores, lo dicho es parte del pensamiento artiguista, de su doctrina, de su filosof\u00eda pol\u00edtica. Es all\u00ed, precisamente all\u00ed que est\u00e1 la g\u00e9nesis de nuestra identidad, de los principios y valores que le son tan caros a los buenos orientales. Inspirados en estos valores, los uruguayos y las uruguayas podemos y debemos proponer, analizar y discutir juntos, con respeto, sobre los distintos caminos para lograr la mejor educaci\u00f3n p\u00fablica para nuestra gente.<\/p>\n<p style=\"text-align: justify;\">El mejor de los que se propongan para obtener una salud de calidad e igual para todos, una vivienda digna para la totalidad de los habitantes, tal como lo establece en su art\u00edculo 45 la Constituci\u00f3n de la Rep\u00fablica. Pero no debemos, ni podemos y no queremos, ni por asomo, discutir o cuestionar la matriz de principios y valores que surgen desde el inicio de nuestra historia con el Jefe de los Orientales.<\/p>\n<p style=\"text-align: justify;\">Se\u00f1oras y se\u00f1ores, hace algunos minutos me compromet\u00ed ante ustedes a respetar y hacer respetar la Constituci\u00f3n y la Ley. Ahora, en este momento tan particular que atraviesa el mundo, me comprometo ante ustedes y les pido me acompa\u00f1en a proclamar, difundir y honrar en todo momento esos principios y valores a los que hice referencia y que constituyen el noble metal en el que se inscribe nuestra identidad como naci\u00f3n. Principios y valores que nos regala nuestro Pr\u00f3cer, el simple ciudadano Jos\u00e9 Artigas. \u00a1Muchas gracias!\u201d.<\/p>\n<p style=\"text-align: justify;\">Rep\u00fablica<\/p>\n<p style=\"text-align: justify;\">\n<strong>La frase<\/strong><br \/>\n\u201cDeseo recordar Venezuela, que est\u00e1 viviendo momentos de aguda tensi\u00f3n. Rezo por las v\u00edctimas y en particular por el chico asesinado hace pocos d\u00edas en San Crist\u00f3bal\u201c \u2013 papa Francisco<br \/>\nsuscripcion widget<br \/>\nCorreo Electr\u00f3nico *<\/p>\n<p style=\"text-align: justify;\">\n<p style=\"text-align: justify;\">columnistasyachay NODAL<br \/>\naudios nodalesepeciales nodal<\/p>\n","protected":false},"excerpt":{"rendered":"En una aut\u00e9ntica fiesta c\u00edvica, Tabar\u00e9 V\u00e1zquez jur\u00f3 ayer como Presidente de la Rep\u00fablica y defini\u00f3 los pilares de su gobierno desde los \n<a class=\"moretag\" href=\"https:\/\/ctainternacionales.org\/?p=2633\"> [...]<\/a>","protected":false},"author":1,"featured_media":0,"comment_status":"closed","ping_status":"closed","sticky":false,"template":"","format":"standard","meta":{"ngg_post_thumbnail":0,"footnotes":""},"categories":[],"tags":[],"class_list":["post-2633","post","type-post","status-publish","format-standard","hentry"],"_links":{"self":[{"href":"https:\/\/ctainternacionales.org\/index.php?rest_route=\/wp\/v2\/posts\/2633","targetHints":{"allow":["GET"]}}],"collection":[{"href":"https:\/\/ctainternacionales.org\/index.php?rest_route=\/wp\/v2\/posts"}],"about":[{"href":"https:\/\/ctainternacionales.org\/index.php?rest_route=\/wp\/v2\/types\/post"}],"author":[{"embeddable":true,"href":"https:\/\/ctainternacionales.org\/index.php?rest_route=\/wp\/v2\/users\/1"}],"replies":[{"embeddable":true,"href":"https:\/\/ctainternacionales.org\/index.php?rest_route=%2Fwp%2Fv2%2Fcomments&post=2633"}],"version-history":[{"count":1,"href":"https:\/\/ctainternacionales.org\/index.php?rest_route=\/wp\/v2\/posts\/2633\/revisions"}],"predecessor-version":[{"id":2635,"href":"https:\/\/ctainternacionales.org\/index.php?rest_route=\/wp\/v2\/posts\/2633\/revisions\/2635"}],"wp:attachment":[{"href":"https:\/\/ctainternacionales.org\/index.php?rest_route=%2Fwp%2Fv2%2Fmedia&parent=2633"}],"wp:term":[{"taxonomy":"category","embeddable":true,"href":"https:\/\/ctainternacionales.org\/index.php?rest_route=%2Fwp%2Fv2%2Fcategories&post=2633"},{"taxonomy":"post_tag","embeddable":true,"href":"https:\/\/ctainternacionales.org\/index.php?rest_route=%2Fwp%2Fv2%2Ftags&post=2633"}],"curies":[{"name":"wp","href":"https:\/\/api.w.org\/{rel}","templated":true}]}}