{"id":2626,"date":"2015-03-02T15:02:24","date_gmt":"2015-03-02T18:02:24","guid":{"rendered":"http:\/\/www.ctainternacionales.org\/?p=2626"},"modified":"2015-03-02T15:02:47","modified_gmt":"2015-03-02T18:02:47","slug":"2626","status":"publish","type":"post","link":"https:\/\/ctainternacionales.org\/?p=2626","title":{"rendered":"Visita y Actividad por el Pueblo Saharaui"},"content":{"rendered":"<p style=\"text-align: justify;\">\u00a0<a href=\"http:\/\/www.ctainternacionales.org\/wp-content\/uploads\/2015\/03\/Sahara-3.jpg\"><img loading=\"lazy\" decoding=\"async\" class=\"aligncenter size-thumbnail wp-image-2627\" src=\"http:\/\/www.ctainternacionales.org\/wp-content\/uploads\/2015\/03\/Sahara-3-307x207.jpg\" alt=\"Sahara-3\" width=\"307\" height=\"207\" \/><\/a>El representante del pueblo Saharaui, Salem Bachir, visit\u00f3 nuestra Central y en reuni\u00f3n con Adolfo Aguirre, Secretario de Relaciones Internacionales de la CTA, y con Bruno Dobrusin, asesor de esa Secretar\u00eda, Salem expres\u00f3 su continua preocupaci\u00f3n sobre la actual situaci\u00f3n de su pueblo.<!--more--><\/p>\n<p style=\"text-align: justify;\">La charla con Salem fue sobre la situaci\u00f3n en los territorios en la actualidad , donde lo m\u00e1s relevante es la radicalizaci\u00f3n de una parte de la juventud que est\u00e1 empujando para un retorno a la lucha armada contra la ocupaci\u00f3n Marroqu\u00ed.<\/p>\n<p style=\"text-align: justify;\">Esto se da en el contexto del debate sobre la renovaci\u00f3n de la Misi\u00f3n de Naciones Unidas para el Sahara Occidental (MINURSO), el pr\u00f3ximo mes de abril.<\/p>\n<p style=\"text-align: justify;\">Ademas, se coordin\u00f3 una actividad para este martes 3 de marzo a las 17 horas en la CTA Nacional (Lima 609 de la Ciudad Aut\u00f3noma de Buenos Aires).<\/p>\n<p style=\"text-align: justify;\">La Actividad consiste en la exposici\u00f3n de\u00bbRa\u00edces y Clamor\u00bb, un corto documental que trata la situaci\u00f3n de los estudiantes saharauis en Espa\u00f1a. Sus vivencias, sus sue\u00f1os y su resistencia. A cargo de Jos\u00e9 Antonio Jim\u00e9nez de las Heras, Vice-decano de Estudiantes en la Universidad Complutense de Madrid.<\/p>\n<p style=\"text-align: justify;\">La actividad, abierta a todo el p\u00fablico, contar\u00e1 con la presencia de Salem Bachir, y luego se abrir\u00e1 una mesa para debatir y conocer m\u00e1s sobre el pueblo de Saharaui.<\/p>\n<h3 class=\"spip\" style=\"text-align: justify;\">Origenes del Conflicto<\/h3>\n<p style=\"text-align: justify;\">El conflicto de Saharaui tiene cuatro d\u00e9cadas y comienza con una invasi\u00f3n por parte de Marruecos en el a\u00f1o 1975 cuando la poblaci\u00f3n huy\u00f3 al territorio Argelino dejando todos sus bienes y viviendo sin absolutamente nada escapando del bombardeo Marruecos que asesin\u00f3 a Mujeres ni\u00f1os y poblaciones enteras.<\/p>\n<p style=\"text-align: justify;\">El pueblo Saharaui rode\u00f3 el mill\u00f3n y medio pero se encuentra diseminado en todo el mundo. Actualmente se encuentran alrededor de doscientos mil refugiados en territorio Argelino en el sur de Argelia. Viven de ayuda humanitaria no tienen recursos y dependen exclusivamente del apoyo internacional para sobrevivir. Posee una \u00fanica religi\u00f3n que es la musulmana su idioma es el Arabe y un segundo idioma que es el espa\u00f1ol por su influencia de haber sido una colonia espa\u00f1ola desde el 1884 que fue liberada por el pueblo saharaui con un movimiento que se llam\u00f3 frente Polisario en el 1976; y casi en forma inmediata fue invadida por Mauritania y luego de tres a\u00f1os de resistencia se logr\u00f3 el reconocimiento por parte de ese pa\u00eds pero las invasiones por parte de Marruecos continuaron hasta el a\u00f1o de 1991.<\/p>\n<p style=\"text-align: justify;\">En ese mismo a\u00f1o representantes de Sahara se presentaron en Naciones Unidas y se obtuvieron un alto al fuego que permiti\u00f3 a Sahara iniciar una lucha por la independencia. Desde entonces seguimos intentando un refer\u00e9ndum que permita hacer de Sahara un pueblo libre, pero desde el a\u00f1o 1991 hasta la fecha sufrimos represi\u00f3n persecuciones y toda clase de obst\u00e1culos para no que se apliquen las recomendaciones de Naciones Unidas.<\/p>\n<p style=\"text-align: justify;\">Si bien Marruecos firm\u00f3 los acuerdos en Naciones Unidas no hubo por parte de este pa\u00eds ning\u00fan intereses no s\u00f3lo en respetar la decisi\u00f3n del pueblo Saharaui sino tampoco de tomar las recomendaciones sobre los derechos humanos y no hubo ninguna presi\u00f3n por parte del resto de los pa\u00edses integrantes de Naciones Unidas para que Marruecos acepte al pueblo Saharui, como as\u00ed tampoco por parte de Naciones Unidas existe ninguna comisi\u00f3n que pueda ser veedor de la violaci\u00f3n de los derechos humanos que sufre el pueblo de Sahara que son violados sistem\u00e1ticamente por Marruecos.<\/p>\n<h3 class=\"spip\" style=\"text-align: justify;\">Sahara Occidental: el proceso de paz auspiciado por la ONU conoce hoy grandes desaf\u00edos y serios peligros<\/h3>\n<p style=\"text-align: justify;\">En el Sahara Occidental (ex Sahara Espa\u00f1ol, \u00faltima colonia en \u00c1frica, inscrita junto con las Islas Malvinas en la 4\u00b0 comisi\u00f3n de la ONU como Territorios pendientes de la Descolonizaci\u00f3n), el pueblo saharaui y su Representante Leg\u00edtimo reconocido por la ONU, el Frente POLISARIO, optaron por la v\u00eda pac\u00edfica, por la no violencia y depositaron la plena confianza en la v\u00eda diplom\u00e1tica, en la comunidad internacional, en las Naciones Unidos y sus instrumentos, para la aplicaci\u00f3n de las resoluciones de la Asamblea General de la NN.UU, del Consejo de Seguridad y dem\u00e1s organismos internacionales, que reconocen al pueblo saharaui su leg\u00edtimo derecho a la autodeterminaci\u00f3n.<\/p>\n<p style=\"text-align: justify;\">En cambio, la monarqu\u00eda marroqu\u00ed se burla de la ONU y de la Comunidad Internacional, multiplicando los obst\u00e1culos y las maniobras dilatorias para entorpecer tanto el trabajo del Enviado Personal del Secretario General de las Naciones Unidas para el Sahara Occidental -el Sr. Christopher Ross-, como de la Sra. Kim Bolduc, nueva responsable de la Misi\u00f3n de Paz en el Sahara Occidental -MINURSO-, neg\u00e1ndose a recibirles durante 9 meses (desde abril del 2014 a enero del 2015). Y en la misma sinton\u00eda, el Reino de Marruecos sigue rechazando al Enviado Especial de la Uni\u00f3n Africana (UA) para el Sahara Occidental, el ex Presidente de la Rep\u00fablica de Mozambique, Joaquim Chissano.<\/p>\n<p style=\"text-align: justify;\">La intenci\u00f3n no confesada de la monarqu\u00eda marroqu\u00ed, es la torpedear el proceso de Paz de la ONU o, al menos, posponer de manera indefinida los plazos de su aplicaci\u00f3n. Como consecuencia de esta actitud, Marruecos pone en serio peligro la Paz y la estabilidad en toda la Regi\u00f3n.<\/p>\n<p style=\"text-align: justify;\">Esta actitud marroqu\u00ed, que tiene como finalidad poner en tela de juicio la labor minuciosa realizada por los funcionarios de las Naciones Unidas, muchas veces en condiciones dif\u00edciles, representa un acto de desprecio a los esfuerzos de la Comunidad Internacional que en este proceso de paz ha invertido considerables medios humanos y financieros.<\/p>\n<p style=\"text-align: justify;\">Actuando de esta manera, Marruecos hace caso omiso a los repetidos llamamientos hechos por el Secretario General en m\u00e1s de un informe, por la Asamblea General de la ONU, el Consejo de Seguridad y dem\u00e1s organismos internacionales, en sus repetidas resoluciones a lo largo de los \u00faltimos m\u00e1s de 50 a\u00f1os llamando al respeto de los leg\u00edtimos derechos del pueblo saharaui a la libre autodeterminaci\u00f3n e Independencia.<\/p>\n<p style=\"text-align: justify;\">El Reino de Marruecos, adem\u00e1s de sabotear impunemente la legalidad internacional, saquea los recursos naturales de un territorio que no le pertenece -porque, de acuerdo al derecho internacional y a la ONU, est\u00e1 pendiente de descolonizaci\u00f3n-, mantiene muros militarizados (de m\u00e1s 2.700 km de extensi\u00f3n) que dividen tanto a la tierra como a la poblaci\u00f3n, con millones de minas antipersonas, sembrando muerte y destrucci\u00f3n a diario entre civiles inocentes. Sus fuerzas de seguridad cierran a cal y canto el territorio para la prensa extranjera y los observadores internacionales, mientras cometen todo tipo de atrocidades contra manifestantes saharauis pac\u00edficos y defensores de derechos humanos.<\/p>\n<p style=\"text-align: justify;\">El pueblo saharaui, hoy 27 de febrero de 2015, celebra el 39\u00b0 aniversario de la proclamaci\u00f3n de su Estado: la Rep\u00fablica \u00c1rabe Saharaui Democr\u00e1tica, reconocida por 84 naciones y miembro de la Organizaci\u00f3n Continental Uni\u00f3n Africana (UA). En este contexto, particularmente los m\u00e1s j\u00f3venes dentro y fuera de los territorios ocupados, en los dos lados del muro de verg\u00fcenza, est\u00e1n pr\u00f3ximos a la desesperanza por el desamparo de las instancias internacionales y la tibia reacci\u00f3n de la Comunidad Internacional.<\/p>\n<p style=\"text-align: justify;\">Frente a esta situaci\u00f3n, tanto el Secretario General como el Consejo de Seguridad no han mostrado, lamentablemente, una firme determinaci\u00f3n adoptando medidas para proteger la autoridad de la ONU y la credibilidad de su misi\u00f3n para la pacificaci\u00f3n del S\u00e1hara Occidental y para persuadir a la monarqu\u00eda de Marruecos a fin de cumplir sus compromisos y cooperar con honestidad en la misi\u00f3n de la MINURSO y, as\u00ed, contribuir en la consolidaci\u00f3n de un clima de estabilidad, seguridad y convivencia pac\u00edfica en la Regi\u00f3n, ya que la persistencia del conflicto prolonga una situaci\u00f3n de injusticia para el pueblo saharaui y afecta seriamente a la paz y a la seguridad de la regi\u00f3n y del Mundo.<\/p>\n<p style=\"text-align: justify;\">La Rep\u00fablica Argentina (Gobierno nacional, Provincias, partidos pol\u00edticos, organizaciones, ciudadanos\u2026), como Naci\u00f3n que sufri\u00f3 la dolorosa experiencia de la violaci\u00f3n sistem\u00e1tica de los derechos m\u00e1s elementales del hombre, est\u00e1 llamada por los saharauis a asumir su responsabilidad y obligaci\u00f3n moral, \u00e9tica y pol\u00edtica de condenar las mismas pr\u00e1cticas en el Sahara Occidental denunciadas peri\u00f3dicamente por todos los organismos de derechos humanos internacionales y por los organismos argentinos en la materia.<\/p>\n<p style=\"text-align: justify;\">Llamamos tambi\u00e9n al Gobierno argentino a expresar su apoyo a la ONU para conseguir la r\u00e1pida aplicaci\u00f3n de sus resoluciones y a sumarse al consenso latinoamericano, reconociendo a la Rep\u00fablica Saharaui, contribuyendo as\u00ed a la descolonizaci\u00f3n y a la paz, en plena sinton\u00eda con los principios y valores imbuidos de la propia historia de la Rep\u00fablica Argentina.<\/p>\n<div style=\"margin-top: 20px; margin-right: 100px; font-size: 86%; font-style: italic; min-height: 50px; text-align: justify;\">* Equipo de Comunicaci\u00f3n de la Secretar\u00eda de Relaciones Internacionales de la CTA<\/div>\n","protected":false},"excerpt":{"rendered":"\u00a0El representante del pueblo Saharaui, Salem Bachir, visit\u00f3 nuestra Central y en reuni\u00f3n con Adolfo Aguirre, Secretario de Relaciones Internacionales de la CTA, \n<a class=\"moretag\" href=\"https:\/\/ctainternacionales.org\/?p=2626\"> [...]<\/a>","protected":false},"author":1,"featured_media":0,"comment_status":"closed","ping_status":"closed","sticky":false,"template":"","format":"standard","meta":{"ngg_post_thumbnail":0,"footnotes":""},"categories":[],"tags":[],"class_list":["post-2626","post","type-post","status-publish","format-standard","hentry"],"_links":{"self":[{"href":"https:\/\/ctainternacionales.org\/index.php?rest_route=\/wp\/v2\/posts\/2626","targetHints":{"allow":["GET"]}}],"collection":[{"href":"https:\/\/ctainternacionales.org\/index.php?rest_route=\/wp\/v2\/posts"}],"about":[{"href":"https:\/\/ctainternacionales.org\/index.php?rest_route=\/wp\/v2\/types\/post"}],"author":[{"embeddable":true,"href":"https:\/\/ctainternacionales.org\/index.php?rest_route=\/wp\/v2\/users\/1"}],"replies":[{"embeddable":true,"href":"https:\/\/ctainternacionales.org\/index.php?rest_route=%2Fwp%2Fv2%2Fcomments&post=2626"}],"version-history":[{"count":2,"href":"https:\/\/ctainternacionales.org\/index.php?rest_route=\/wp\/v2\/posts\/2626\/revisions"}],"predecessor-version":[{"id":2629,"href":"https:\/\/ctainternacionales.org\/index.php?rest_route=\/wp\/v2\/posts\/2626\/revisions\/2629"}],"wp:attachment":[{"href":"https:\/\/ctainternacionales.org\/index.php?rest_route=%2Fwp%2Fv2%2Fmedia&parent=2626"}],"wp:term":[{"taxonomy":"category","embeddable":true,"href":"https:\/\/ctainternacionales.org\/index.php?rest_route=%2Fwp%2Fv2%2Fcategories&post=2626"},{"taxonomy":"post_tag","embeddable":true,"href":"https:\/\/ctainternacionales.org\/index.php?rest_route=%2Fwp%2Fv2%2Ftags&post=2626"}],"curies":[{"name":"wp","href":"https:\/\/api.w.org\/{rel}","templated":true}]}}