{"id":2611,"date":"2015-02-19T13:32:17","date_gmt":"2015-02-19T16:32:17","guid":{"rendered":"http:\/\/www.ctainternacionales.org\/?p=2611"},"modified":"2015-02-19T13:43:43","modified_gmt":"2015-02-19T16:43:43","slug":"jornada-nacional-en-defensa-del-derecho-a-huelga","status":"publish","type":"post","link":"https:\/\/ctainternacionales.org\/?p=2611","title":{"rendered":"Jornada Nacional en Defensa del Derecho a Huelga"},"content":{"rendered":"<p style=\"text-align: justify;\"><a href=\"http:\/\/www.ctainternacionales.org\/wp-content\/uploads\/2015\/02\/DSC00007-1.jpg\"><img loading=\"lazy\" decoding=\"async\" class=\"aligncenter size-thumbnail wp-image-2612\" src=\"http:\/\/www.ctainternacionales.org\/wp-content\/uploads\/2015\/02\/DSC00007-1-307x204.jpg\" alt=\"DSC00007-1\" width=\"307\" height=\"204\" \/><\/a>La Federaci\u00f3n Sindical de Profesionales de la Salud de la Rep\u00fablica Argentina (FESPROSA-CTA) present\u00f3 una denuncia en la sede local de la Organizaci\u00f3n Internacional del Trabajo como parte de las acciones de la \u00abMovilizaci\u00f3n Mundial en defensa del derecho de huelga\u00bb, convocada por la Confederaci\u00f3n Sindical Internacional (CSI), la Internacional de Servicios P\u00fablicos (ISP) y otras organizaciones internacionales de trabajadores.<!--more--><\/p>\n<p style=\"text-align: justify;\">La FESPROSA, como entidad nacional, junto a la CTA Aut\u00f3noma, como miembro de Organizaci\u00f3n Internacional del Trabajo (OIT), present\u00f3 en la sede argentina de la OIT la denuncia realizada por la Asociaci\u00f3n Mendocina de Profesionales de la Salud (AMPROS\/FESPROSA) en el caso de violaci\u00f3n del derecho de huelga y de negociaci\u00f3n colectiva.<\/p>\n<p style=\"text-align: justify;\">La delegaci\u00f3n de los trabajadores estar\u00e1 encabezada por la secretaria General de AMPROS y vicepresidente de la FESPROSA, Mar\u00eda Isabel del P\u00f3polo, quien denunciar\u00e1 ante la OIT que la nueva legislaci\u00f3n provincial mendocina, sancionada a instancias del gobernador Francisco P\u00e9rez, viola el convenio 87 y la Constituci\u00f3n Nacional, cercenando el derecho de huelga.<\/p>\n<p style=\"text-align: justify;\">Acompa\u00f1ando a Mar\u00eda Isabel Del P\u00f3polo, Secretaria General de la Asociaci\u00f3n Mendocina de profesionales de la Salud, estuvieron Gladys Vel\u00e1zquez, Secretaria General Adjunta y Carlos Alico, Abogado de AMPROS. Tambi\u00e9n estuvieron presentes Jorge Yabkowski, Presidente de la FESPROSA y Secretario de Salud Laboral de la CTA; Adolfo Aguirre, Secretario de Relaciones Internacionales de la CTA-A; miembros del Consejo Directivo de la CICOP, regional base de FESPROSA en la provincia de Buenos aires, entre ellos Viviana Garc\u00eda y Guillermo Pacagnini.<\/p>\n<p style=\"text-align: justify;\">Sobre la convocatoria de las centrales internacionales, Yabkowski precis\u00f3: \u00abLa CSI se\u00f1ala que mientras las desigualdades aumentan, los grupos de empleadores de todo el mundo est\u00e1n intentando socavar el derecho a la huelga a nivel nacional e internacional. Sus ataques se producen en un momento en que las patronales y los gobiernos est\u00e1n implementando medidas de austeridad, de aumento incesante de los empleos precarios y de criminalizaci\u00f3n de las protestas sociales, con la intenci\u00f3n de silenciar a los trabajadores y trabajadoras que reclaman empleos decentes y protecci\u00f3n social\u201d.<\/p>\n<p style=\"text-align: justify;\">Indic\u00f3 a su vez que \u201cdesde junio de 2012, los empleadores est\u00e1n poniendo en tela de juicio la existencia misma del derecho internacional a la huelga, la autoridad de la OIT y su mecanismo de supervisi\u00f3n. En marzo de 2015, el Consejo de Administraci\u00f3n de la OIT adoptar\u00e1 una decisi\u00f3n sobre este conflicto, que lleva trabando el mecanismo de supervisi\u00f3n de la OIT desde 2012. Si no se alcanza un acuerdo, los trabajadores pedir\u00e1n que se remita la cuesti\u00f3n a la Corte Internacional de Justicia, para que \u00e9sta dictamine una opini\u00f3n sobre el tema, como se prev\u00e9 en la Constituci\u00f3n de la OIT\u201d.<\/p>\n<p style=\"text-align: justify;\">Yabkowski finaliz\u00f3 haciendo suyas las palabras de la secretaria General de la CSI, Sharan Burrow: \u201cA lo largo de la historia, cuando los empleadores y los gobiernos se niegan al di\u00e1logo y en su lugar imponen unilateralmente su voluntad, los trabajadores han dado el paso de retirar su mano de obra. Eso no va a cambiar. Los trabajadores continuar\u00e1n yendo a la huelga cuando sea necesario. Quitarnos el derecho de huelga ser\u00eda convertirnos a todos en esclavos. No vamos a permitir que eso suceda.\u201d<\/p>\n<p style=\"text-align: justify;\">Por su parte, Adolfo \u00abFito\u00bb Aguirre, dijo a ACTA: \u00abLos trabajadores y trabajadoras de la argentina queremos dejar un claro mensaje frente a la ofensiva del sector empleador de querer avasallar derechos que son fundamentales, intentando fraccionar y doblegar con m\u00e1s ajuste a la clase trabajadora\u00bb.<\/p>\n<p style=\"text-align: justify;\">\u00abHoy nos manifestamos a favor del Derecho a la Huelga; y queremos felicitar y dar nuestro apoyo incondicional a todo el movimiento de trabajadores a nivel global que se encuentra realizando manifestaciones, acciones y huelgas en cada rinc\u00f3n del mundo. Los trabajadores estamos dispuestos a dar respuestas y resistencia en cada lugar donde se viole la libertad sindical, pero esta respuesta no ser\u00e1 en forma aislada sino con el conjunto de clase trabajadora organizada de manera un\u00edsona como lo demuestra esta jornada mundial por el derecho a la huelga\u00bb, declar\u00f3 Aguirre.<\/p>\n","protected":false},"excerpt":{"rendered":"La Federaci\u00f3n Sindical de Profesionales de la Salud de la Rep\u00fablica Argentina (FESPROSA-CTA) present\u00f3 una denuncia en la sede local de la Organizaci\u00f3n \n<a class=\"moretag\" href=\"https:\/\/ctainternacionales.org\/?p=2611\"> [...]<\/a>","protected":false},"author":1,"featured_media":0,"comment_status":"closed","ping_status":"closed","sticky":false,"template":"","format":"standard","meta":{"ngg_post_thumbnail":0,"footnotes":""},"categories":[],"tags":[],"class_list":["post-2611","post","type-post","status-publish","format-standard","hentry"],"_links":{"self":[{"href":"https:\/\/ctainternacionales.org\/index.php?rest_route=\/wp\/v2\/posts\/2611","targetHints":{"allow":["GET"]}}],"collection":[{"href":"https:\/\/ctainternacionales.org\/index.php?rest_route=\/wp\/v2\/posts"}],"about":[{"href":"https:\/\/ctainternacionales.org\/index.php?rest_route=\/wp\/v2\/types\/post"}],"author":[{"embeddable":true,"href":"https:\/\/ctainternacionales.org\/index.php?rest_route=\/wp\/v2\/users\/1"}],"replies":[{"embeddable":true,"href":"https:\/\/ctainternacionales.org\/index.php?rest_route=%2Fwp%2Fv2%2Fcomments&post=2611"}],"version-history":[{"count":1,"href":"https:\/\/ctainternacionales.org\/index.php?rest_route=\/wp\/v2\/posts\/2611\/revisions"}],"predecessor-version":[{"id":2613,"href":"https:\/\/ctainternacionales.org\/index.php?rest_route=\/wp\/v2\/posts\/2611\/revisions\/2613"}],"wp:attachment":[{"href":"https:\/\/ctainternacionales.org\/index.php?rest_route=%2Fwp%2Fv2%2Fmedia&parent=2611"}],"wp:term":[{"taxonomy":"category","embeddable":true,"href":"https:\/\/ctainternacionales.org\/index.php?rest_route=%2Fwp%2Fv2%2Fcategories&post=2611"},{"taxonomy":"post_tag","embeddable":true,"href":"https:\/\/ctainternacionales.org\/index.php?rest_route=%2Fwp%2Fv2%2Ftags&post=2611"}],"curies":[{"name":"wp","href":"https:\/\/api.w.org\/{rel}","templated":true}]}}