{"id":2580,"date":"2015-02-05T16:36:35","date_gmt":"2015-02-05T19:36:35","guid":{"rendered":"http:\/\/www.ctainternacionales.org\/?p=2580"},"modified":"2015-02-05T16:36:48","modified_gmt":"2015-02-05T19:36:48","slug":"movilizacion-contra-la-impunidad-micheli-nuestro-pueblo-sabe-que-la-verdad-y-la-justicia-se-debe-conseguir-luchando","status":"publish","type":"post","link":"https:\/\/ctainternacionales.org\/?p=2580","title":{"rendered":"Movilizaci\u00f3n contra la impunidad Micheli: \u00abNuestro pueblo sabe que la verdad y la justicia se debe conseguir luchando\u00bb"},"content":{"rendered":"<p style=\"text-align: justify;\"><a href=\"http:\/\/www.ctainternacionales.org\/wp-content\/uploads\/2015\/02\/imagen02-c9c23.jpg\"><img loading=\"lazy\" decoding=\"async\" class=\"aligncenter size-thumbnail wp-image-2581\" src=\"http:\/\/www.ctainternacionales.org\/wp-content\/uploads\/2015\/02\/imagen02-c9c23-307x203.jpg\" alt=\"imagen02-c9c23\" width=\"307\" height=\"203\" \/><\/a><\/p>\n<p style=\"text-align: justify;\">En una movilizaci\u00f3n del Congreso de la Naci\u00f3n a Plaza de Mayo, con una amplia convocatoria a organizaciones sociales, pol\u00edticas, de derechos humanos, la CTA exigi\u00f3 el esclarecimiento en la Causa AMIA y el fin de la impunidad.<!--more--><\/p>\n<p style=\"text-align: justify;\">A las 17 horas, comenzaron a llegar las columnas de trabajadores, militantes y referentes del campo popular a la Plaza de los Dos Congresos, donde se realiz\u00f3 un acto para luego dar paso a la movilizaci\u00f3n a Plaza de Mayo.<\/p>\n<p style=\"text-align: justify;\">\u201cDesde la CTA Aut\u00f3noma queremos saludar esta convocatoria. Nosotros tuvimos esta iniciativa en los primeros d\u00edas de enero, cuando comenz\u00f3 la turbulencia en relaci\u00f3n a la muerte del Fiscal Nisman. Cre\u00edmos que nuestra Central de trabajadores deb\u00edamos encontrar la manera de aportar a esclarecer, frente a la cantidad de versiones cruzadas que se iban planteando para, en lugar de esclarecer, confundir cada vez m\u00e1s a la opini\u00f3n p\u00fablica\u201d, con estas palabras, Pablo Micheli comenz\u00f3 el acto frente al Congreso nacional.<\/p>\n<p style=\"text-align: justify;\">El l\u00edder de la CTA apunt\u00f3: \u201cla mejor forma de conseguir la verdad sobre esto que est\u00e1 pasando, que a\u00fan no est\u00e1 nada claro para la mayor\u00eda de nuestro pueblo, no era que la Presidenta hablara solamente por cadena de radio y televisi\u00f3n y nos diera su parecer, generando as\u00ed m\u00e1s confusi\u00f3n. La \u00fanica manera de que nuestro pueblo pueda conseguir esta y otras tantas cosas que hacen a la construcci\u00f3n de una verdadera democracia es comprometi\u00e9ndonos, saliendo a la calle y movilizando, organizados en la m\u00e1s amplia unidad\u201d.<\/p>\n<p style=\"text-align: justify;\">En este sentido, agreg\u00f3: \u201cNo dudamos en juntarnos con los compa\u00f1eros de APEMIA, de Servicio de Paz y Justicia, con las organizaciones sociales, con la Corriente Clasista y Combativa, sindicatos, partidos pol\u00edticos del campo popular, juntarnos con todos aquellos que estuvieran dispuestos a convocar a una movilizaci\u00f3n para comenzar un camino; con un documento que plantea claramente la posici\u00f3n que tenemos colectivamente\u201d.<\/p>\n<p style=\"text-align: justify;\">\u201cEn este contexto invitamos tambi\u00e9n a la CGT y hoy esta aqu\u00ed presente el compa\u00f1ero Julio Piumato de la CGT, esta es una demostraci\u00f3n de que debemos construir verdad y justicia. Y la \u00fanica manera no es esperar sentados a que un funcionario, una presidenta o un diputado, un gobernante o un candidato nos diga cu\u00e1l es la verdad y la justicia. Nuestro pueblo sabe que la verdad y la justicia la debe conseguir con lucha\u201d, a\u00f1adi\u00f3 el dirigente.<\/p>\n<p style=\"text-align: justify;\">Finalmente, ratific\u00f3 que el compromiso de esta Central no es s\u00f3lo estar en este acto, sino de \u201cdemostrar que una central de trabajadores va a pelear contra el impuesto a las ganancias; por un salario m\u00ednimo, vital y m\u00f3vil que sea digno para una familia tipo, superior a los 10 mil pesos por mes; por aumento salarial para los jubilados, por el 82% m\u00f3vil y tambi\u00e9n vamos a pelear por verdad y justicia\u201d.<\/p>\n<p style=\"text-align: justify;\">\u201cVamos a pelear para que se esclarezca la muerte de Nisman, pero tambi\u00e9n por Jorge Julio L\u00f3pez, por Luciano Arruga y todos los que han pagado con su vida el haber levantado la voz en esta democracia. Y la Presidenta, si realmente quiere tener un gesto para cambiar esta situaci\u00f3n de vigilar a los que luchamos, deber\u00eda derogar la Ley Antiterrorista\u201d, finaliz\u00f3 Micheli.<\/p>\n<p style=\"text-align: justify;\">\u201cLa \u00fanica forma de reformar esto, es con la unidad del pueblo\u201d<br \/>\nAdolfo P\u00e9rez Esquivel, de Servicio, Paz y Justicia (SERPAJ), tambi\u00e9n hizo uso de la palabra: \u201cUna vez m\u00e1s estamos movilizados para reclamar verdad y justicia, porque sobre la impunidad no se puede construir una democracia. Hemos luchado durante much\u00edsimo a\u00f1os para recuperar esta democracia que est\u00e1n bastardeando\u201d.<\/p>\n<p style=\"text-align: justify;\"><a href=\"http:\/\/www.ctainternacionales.org\/wp-content\/uploads\/2015\/02\/imagen06-535b0.jpg\"><img loading=\"lazy\" decoding=\"async\" class=\"aligncenter size-thumbnail wp-image-2582\" src=\"http:\/\/www.ctainternacionales.org\/wp-content\/uploads\/2015\/02\/imagen06-535b0-307x212.jpg\" alt=\"imagen06-535b0\" width=\"307\" height=\"212\" \/><\/a><\/p>\n<p style=\"text-align: justify;\">El Premio N\u00f3bel de la Paz record\u00f3 los principales ejes de la movilizaci\u00f3n: \u201capoyamos el proyecto de Ley de APEMIA para que los Diputados y Senadores voten la Comisi\u00f3n Investigadora Independiente sobre la Causa AMIA. Llevamos casi 20 a\u00f1os y seguimos en la total impunidad, no hay un solo acusado ni un solo detenido. As\u00ed tambi\u00e9n exigimos que se abran los archivos que hoy est\u00e1n en manos de los servicios de inteligencia, que son m\u00e1s de desinteligencia que de inteligencia\u201d.<\/p>\n<p style=\"text-align: justify;\">\u201cLa disoluci\u00f3n de la Secretar\u00eda de Intelegencia no puede ser simplemente un maquillaje. Los servicios deben reformarse para que est\u00e9n al servicio del pueblo y no de los grandes intereses econ\u00f3micos y pol\u00edticos\u201d, a\u00f1adi\u00f3 P\u00e9rez Esquivel a la vez que solicit\u00f3 la renuncia del general Milani al mando del Ejercito: \u201cacusado de cr\u00edmenes de la dictadura militar. Ac\u00e1 seguiremos juntos, luchando y caminando porque la \u00fanica forma de reformar esto es con unidad del pueblo\u201d, finaliz\u00f3 el referente.<\/p>\n<p style=\"text-align: justify;\">\u201cEl oficialismo y la oposici\u00f3n no pueden mostrar una sola idea cre\u00edble para resolver los cr\u00edmenes de la AMIA\u201d<br \/>\nFinalmente, Laura Ginsberg, tom\u00f3 la palabra por la Agrupaci\u00f3n Por el Esclarecimiento de la Masacre Impune de la AMIA (APEMIA): \u201cNo tienen ni idea de c\u00f3mo superar 20 a\u00f1os de manipulaci\u00f3n, secretos, encubrimientos e impunidad. Asistimos a un momento de profunda descomposici\u00f3n pol\u00edtica que el gobierno Kirchner pretende remendar con fiscales renovados\u201d.<\/p>\n<p style=\"text-align: justify;\">\u201cLa Presidenta anunci\u00f3 la \u2019disoluci\u00f3n\u2019 de la Secretar\u00eda de Inteligencia cuando se propone una reestructuraci\u00f3n burocr\u00e1tica, un maquillaje, sin dar a conocer la n\u00f3mina de los esp\u00edas ni mostrar todos los archivos secretos que siguen ocultos. Su iniciativa no termina con la criminalidad y prolonga la impunidad. Se trata de una nueva manipulaci\u00f3n pol\u00edtica, ahora en nombre de Nisman, sin esclarecer el atentado a la AMIA\u201d, agreg\u00f3 Ginsberg en su intervenci\u00f3n.<\/p>\n<p style=\"text-align: justify;\">Adem\u00e1s, la referente de APEMIA denunci\u00f3: \u201cEn pleno a\u00f1o electoral, la oposici\u00f3n de Masa y Macri insisten en \u201cdejar actuar a la Justicia\u201d. En este punto no se diferencian en nada del gobierno de Kirchner, con el agravante de que varios de los opositores de hoy como Alberto Fern\u00e1ndez, Sergio Massa, y el propio Macri, desde sus cargos de gobierno, ya participaron en la trama del encubrimiento criminal o apoyaron la acusaci\u00f3n internacional para esconder las responsabilidades propias del Estado argentino en el atentado\u201d.<\/p>\n<p style=\"text-align: justify;\">\u201cEl oficialismo y la oposici\u00f3n no pueden mostrar una sola idea cre\u00edble para resolver los cr\u00edmenes de la AMIA y del fiscal. Ni se lo proponen. No nos enga\u00f1amos ni nos sumamos a propuestas distraccionistas. Estamos convencidos de que se puede conocer la verdad e impulsar Justicia. Nosotros tenemos una propuesta: abrir los archivos secretos y ponerlos a disposici\u00f3n de una verdadera Comisi\u00f3n Investigadora Independiente\u201d, propuso a trav\u00e9s de su discurso.<\/p>\n<p style=\"text-align: justify;\">A la vez, Laura Ginsberg denunci\u00f3 que: \u201cTanto el oficialismo como la oposici\u00f3n se niegan al debate democr\u00e1tico del Proyecto de Ley para constituir una comisi\u00f3n investigadora que presentamos en junio de 2014. Su negativa s\u00f3lo se explica en su necesidad de seguir manipulando y encubriendo los cr\u00edmenes perpetrados por el Estado argentino\u201d.<\/p>\n<p style=\"text-align: justify;\">Finalmente, hizo un llamado a seguir peleando contra la impunidad: \u201cPara terminar con la impunidad y saber la verdad, hacemos un llamado a todo el pueblo argentino para que, junto a organizaciones pol\u00edticas, sociales y de derechos humanos, impulsemos una campa\u00f1a exigiendo que se constituya en el Parlamento una Comisi\u00f3n Investigadora Independiente, integrada por referentes incuestionables del pueblo argentino, los familiares de las v\u00edctimas y diputados y senadores. Exigimos la apertura de los archivos secretos, la disoluci\u00f3n efectiva de la Secretar\u00eda de Inteligencia y el esclarecimiento de la muerte de Nisman y de la masacre impune de la AMIA\u201d.<\/p>\n<p style=\"text-align: justify;\">Finalizado el acto frente al Congreso de la Naci\u00f3n, una amplia columna se moviliz\u00f3 a Plaza de Mayo, donde se realiz\u00f3 la lectura del documento consensuado por las distintas organizaciones y personalidades del campo popular que convocaron a la movilizaci\u00f3n.<\/p>\n<p>&nbsp;<\/p>\n","protected":false},"excerpt":{"rendered":"En una movilizaci\u00f3n del Congreso de la Naci\u00f3n a Plaza de Mayo, con una amplia convocatoria a organizaciones sociales, pol\u00edticas, de derechos humanos, \n<a class=\"moretag\" href=\"https:\/\/ctainternacionales.org\/?p=2580\"> [...]<\/a>","protected":false},"author":1,"featured_media":0,"comment_status":"closed","ping_status":"closed","sticky":false,"template":"","format":"standard","meta":{"ngg_post_thumbnail":0,"footnotes":""},"categories":[],"tags":[],"class_list":["post-2580","post","type-post","status-publish","format-standard","hentry"],"_links":{"self":[{"href":"https:\/\/ctainternacionales.org\/index.php?rest_route=\/wp\/v2\/posts\/2580","targetHints":{"allow":["GET"]}}],"collection":[{"href":"https:\/\/ctainternacionales.org\/index.php?rest_route=\/wp\/v2\/posts"}],"about":[{"href":"https:\/\/ctainternacionales.org\/index.php?rest_route=\/wp\/v2\/types\/post"}],"author":[{"embeddable":true,"href":"https:\/\/ctainternacionales.org\/index.php?rest_route=\/wp\/v2\/users\/1"}],"replies":[{"embeddable":true,"href":"https:\/\/ctainternacionales.org\/index.php?rest_route=%2Fwp%2Fv2%2Fcomments&post=2580"}],"version-history":[{"count":2,"href":"https:\/\/ctainternacionales.org\/index.php?rest_route=\/wp\/v2\/posts\/2580\/revisions"}],"predecessor-version":[{"id":2584,"href":"https:\/\/ctainternacionales.org\/index.php?rest_route=\/wp\/v2\/posts\/2580\/revisions\/2584"}],"wp:attachment":[{"href":"https:\/\/ctainternacionales.org\/index.php?rest_route=%2Fwp%2Fv2%2Fmedia&parent=2580"}],"wp:term":[{"taxonomy":"category","embeddable":true,"href":"https:\/\/ctainternacionales.org\/index.php?rest_route=%2Fwp%2Fv2%2Fcategories&post=2580"},{"taxonomy":"post_tag","embeddable":true,"href":"https:\/\/ctainternacionales.org\/index.php?rest_route=%2Fwp%2Fv2%2Ftags&post=2580"}],"curies":[{"name":"wp","href":"https:\/\/api.w.org\/{rel}","templated":true}]}}