{"id":2570,"date":"2015-02-03T15:36:18","date_gmt":"2015-02-03T18:36:18","guid":{"rendered":"http:\/\/www.ctainternacionales.org\/?p=2570"},"modified":"2015-02-03T15:46:05","modified_gmt":"2015-02-03T18:46:05","slug":"aparece-fidel-castro-en-un-encuentro-con-dirigente-estudiantil","status":"publish","type":"post","link":"https:\/\/ctainternacionales.org\/?p=2570","title":{"rendered":"Aparece Fidel Castro en un encuentro con dirigente estudiantil"},"content":{"rendered":"<p style=\"text-align: justify;\"><em>Por Randy Perdomo Garc\u00eda, presidente de la FEU de la Universidad de La Habana.<\/em><\/p>\n<p style=\"text-align: justify;\"><a href=\"http:\/\/www.ctainternacionales.org\/wp-content\/uploads\/2015\/02\/15fidel-castro-randy-presidente-feu1221-400x350.jpg\"><img loading=\"lazy\" decoding=\"async\" class=\"aligncenter size-thumbnail wp-image-2571\" src=\"http:\/\/www.ctainternacionales.org\/wp-content\/uploads\/2015\/02\/15fidel-castro-randy-presidente-feu1221-400x350-307x268.jpg\" alt=\"15fidel-castro-randy-presidente-feu1221-400x350\" width=\"307\" height=\"268\" \/><\/a><\/p>\n<p style=\"text-align: justify;\">Todo comenz\u00f3 con su llamada a la Oficina de la FEU de la Universidad de La Habana el d\u00eda 22 de enero, a las 9 y 20 de la noche. Aunque la precedi\u00f3 un anuncio del momento que me esperaba, la voz, tantas veces escuchada de lejos, fue impactante al sentirla cercana.<!--more--><\/p>\n<p style=\"text-align: justify;\">\u2014Randy, \u00bfc\u00f3mo est\u00e1s?<\/p>\n<p style=\"text-align: justify;\">\u2014Comandante, bien. No puedo creer que voy a conversar con usted.<\/p>\n<p style=\"text-align: justify;\">\u00c9l se r\u00ede y agradece \u201cel mensaje que me hiciste llegar. Lo he le\u00eddo varias veces\u201d.<\/p>\n<p style=\"text-align: justify;\">Se refiere a nuestro proyecto de celebrar los 70 a\u00f1os de su ingreso a la Universidad con una jornada de amor y compromiso. Se le nota entusiasmado cuando anuncia sorpresa y me invita a una conversaci\u00f3n personal al d\u00eda siguiente.<\/p>\n<p style=\"text-align: justify;\">Pero esa misma noche hablaremos m\u00e1s: alrededor de 50 minutos. Suena tan inmediato, como si los dos estuvi\u00e9semos sentados en el Sal\u00f3n de los M\u00e1rtires que record\u00f3 varias veces como sitio de reuniones de su \u00e9poca en la FEU.<\/p>\n<p style=\"text-align: justify;\">\u2014\u00a1Ya son 70 a\u00f1os de mi ingreso a la Universidad, que se cumplen el 4 de septiembre!, me dice.<\/p>\n<p style=\"text-align: justify;\">Conversamos con alegr\u00eda, como dos compa\u00f1eros de clase: \u00e9l, con su sencillez impresionante, tratando de que me sintiera en igualdad de condiciones. Yo, por mi parte, sin poder explicarme totalmente la suerte extraordinaria que me hac\u00eda vivir ese instante \u00fanico. Tambi\u00e9n inquieto y preocupado al pensar en responder al \u201cbombardeo\u201d de interrogantes al que siempre tiene acostumbrados a sus interlocutores este conversador audaz.<\/p>\n<p style=\"text-align: justify;\">Quiso saber de las facultades de la Universidad y de la Casa Estudiantil, qu\u00e9 hab\u00eda sido antes de convertirse en Casa de la FEU, a qui\u00e9n perteneci\u00f3, en qu\u00e9 a\u00f1o ocurri\u00f3 el cambio. Yo trataba de responderlo todo, consciente de que nunca estamos completamente preparados como para tener todas las respuestas que exige un di\u00e1logo de esta \u00edndole. No era una prueba y a la vez lo era. Necesitaba transmitir mucho en nombre de la juventud universitaria, y esa presi\u00f3n estaba ah\u00ed, aunque el esp\u00edritu de la conversaci\u00f3n casi me hac\u00eda olvidarlo todo.<\/p>\n<p style=\"text-align: justify;\">Se interesa por la ubicaci\u00f3n actual de todas las carreras en la Universidad y al hablar sobre la Facultad de F\u00edsica, antigua de Arquitectura, habla emocionado de Jos\u00e9 Antonio Echeverr\u00eda. Le explico que F\u00edsica se encuentra ahora en el Edificio Varona, y me interrumpe: \u2014\u00a1El edificio de Pedagog\u00eda!, dice y ah\u00ed mismo comienza a indagar sobre las aulas.<\/p>\n<p style=\"text-align: justify;\">Justo cuando ya me pon\u00eda nuevamente a sudar, por el temor a no tener todas las respuestas, lanza la interrogante que menos me esperaba: \u2014Ven ac\u00e1 Randy, \u00bfqu\u00e9 cantidad de sillas tiene un aula en esta Facultad de F\u00edsica?. Y yo sin palabras, por supuesto. Impresionado por esa curiosidad infinita y su necesidad y ansias por saber al dedillo c\u00f3mo funciona el mundo.<\/p>\n<p style=\"text-align: justify;\">Le explico que comparten el edificio estudiantes de distintas nacionalidades que aprenden espa\u00f1ol en Cuba: chinos, norteamericanos, vietnamitas. Entonces apunta: \u201c\u00a1No me digas!, \u00bftambi\u00e9n chinos?\u201d. Y me recuerda con detalles los programas de ese convenio con la Rep\u00fablica Popular China.<\/p>\n<p style=\"text-align: justify;\">\u201c\u00bfY c\u00f3mo se organiza el Consejo Universitario del Edificio Varona al tener la carrera de F\u00edsica y los estudios para aprender espa\u00f1ol?\u201d, insiste. Le comento que es provisional, hasta la terminaci\u00f3n del edificio de F\u00edsica. Entonces el Varona ser\u00e1 centro de convenciones de la Colina universitaria.<\/p>\n<p style=\"text-align: justify;\">Por fin logro comentarle de las actividades de la jornada que preparamos los universitarios para conmemorar el aniversario 70 de su ingreso a la casa de altos estudios. Le adelanto tambi\u00e9n nuestra idea de ascender el Turquino.<\/p>\n<p style=\"text-align: justify;\">\u2014Especial, Randy, prep\u00e1rense. Te contar\u00e9 an\u00e9cdotas, cuando nos veamos, de la experiencia nuestra en la Sierra.<\/p>\n<p style=\"text-align: justify;\">No quiero guardarme ning\u00fan detalle y le comento tambi\u00e9n que visitaremos su casa natal. Responde con un silencio largo, que rompe para indagar c\u00f3mo van mis estudios de Filosof\u00eda, en qu\u00e9 a\u00f1o estoy de la carrera, qu\u00e9 piensa mi familia de lo que hago.<\/p>\n<p style=\"text-align: justify;\">Despu\u00e9s quiere conocer c\u00f3mo se organiza la FEU en la Universidad. Le describo el apoyo del Rector y de la Universidad en el mejoramiento de las condiciones de vida y de la infraestructura, de las residencias estudiantiles, de las facultades y del perfeccionamiento del Estadio Universitario, conocido por los de la UH como el SEDER.<\/p>\n<p style=\"text-align: justify;\">Con una precisi\u00f3n que asombra, detalla cada lugar en ese estadio universitario, cuando le digo de todos los preparativos para los Juegos Caribe. Se nota que conoce la Colina como la palma de su mano. Podr\u00eda decirse que sabe ubicar cada adoqu\u00edn de la casa de altos estudios.<\/p>\n<p style=\"text-align: justify;\">Tambi\u00e9n se interesa por el Aula Magna, por la organizaci\u00f3n de la actividad por el 162 natalicio de Jos\u00e9 Mart\u00ed, el concierto del maestro Frank Fern\u00e1ndez y el lanzamiento de la convocatoria por los 70 de su ingreso a la Universidad.<br \/>\nEn la despedida \u201c\u00a1un abrazo! y ma\u00f1ana nos vemos\u201d. Y me quedo casi hipnotizado. A\u00fan no ha acabado mi sue\u00f1o de hacerse realidad.<br \/>\nFidel no est\u00e1 al tel\u00e9fono<\/p>\n<p style=\"text-align: justify;\">Viernes 23 de enero. Casi es hora de empezar el encuentro mensual del Consejo de la FEU de la Universidad de La Habana, en el Sal\u00f3n de los M\u00e1rtires de la Colina universitaria. Me excuso por no poder estar presente. Aseguro que en pr\u00f3ximos d\u00edas la Universidad de La Habana ser\u00e1 escenario de una noticia de alegr\u00eda para todo nuestro pueblo y de trascendencia mundial.<\/p>\n<p style=\"text-align: justify;\">Me despido de Henry, el secretario de la UJC en la Universidad, que a\u00f1os antes tuvo tambi\u00e9n el honor de conversar con el Comandante.<\/p>\n<p style=\"text-align: justify;\">Son muy puntuales en la recogida quienes me pondr\u00e1n frente a Fidel. Choferes muy amables que saben reconocer mis nervios y los calman, evidentemente solidarizados con mi tensi\u00f3n ante la perspectiva de mi primer encuentro personal con Fidel. Conversan sobre nuestras respectivas provincias: ellos son de Santiago de Cuba y yo de Matanzas.<\/p>\n<p style=\"text-align: justify;\">Al poco rato, se detiene el carro y me sueltan las palabras que he esperado con desespero y contenci\u00f3n. \u201cYa est\u00e1s en la casa del Comandante\u201d. Y salgo dispuesto a vivir el que seguramente se convertir\u00e1 en uno de mis instantes m\u00e1s trascendentales. Y resulta que no ser\u00e1 un instante. Porque hablar\u00e9 con Fidel durante m\u00e1s de tres horas.<\/p>\n<p style=\"text-align: justify;\">En la puerta del jard\u00edn espera Dalia, su esposa. Le entrego una flor que recibe con agradecimiento especial y me acompa\u00f1a hasta una puerta de cristales, unos pocos metros m\u00e1s adelante. Detr\u00e1s, espera el Comandante.<\/p>\n<p style=\"text-align: justify;\">\u2014\u00a1Randy \u2014saluda jovial\u2014 a ver qu\u00e9 tanto te pareces a Echeverr\u00eda\u2026!<\/p>\n<p style=\"text-align: justify;\">Comienza la conversaci\u00f3n de esta tarde con Fidel. Y ya no est\u00e1 al tel\u00e9fono, sino a unos pocos metros, como si fuera mi habitual compa\u00f1ero de charlas. Combato con mi emoci\u00f3n para poder guardar cada hecho con precisi\u00f3n.<\/p>\n<p style=\"text-align: justify;\">Me ense\u00f1a la compilaci\u00f3n de sus Reflexiones, y hace referencia a algunas de ellas, leyendo ideas o p\u00e1ginas enteras. Me cuenta que es una colecci\u00f3n de la que se editaron 500 ejemplares, que se acompa\u00f1a de un cat\u00e1logo con dibujos de Ranca\u00f1o.<\/p>\n<p style=\"text-align: justify;\">Transcurre el tiempo mientras repasamos muchos temas. Trato de llevarme todos los detalles de su grandeza, no le quito los ojos de encima. \u00c9l, como convoc\u00e1ndome siempre al conocimiento, lleva las riendas de la conversaci\u00f3n. No dejo de pensar en c\u00f3mo las circunstancias de la Sierra \u2014de la guerra\u2014 y los actuales desaf\u00edos pueden moldear tan especialmente a un hombre.<\/p>\n<p style=\"text-align: justify;\">Me comenta de la astronom\u00eda, de los observatorios en el mundo. Insiste en la necesidad del desarrollo de las ciencias como la \u00fanica forma de que la inteligencia predomine, de la relaci\u00f3n de esas materias con la econom\u00eda y la calidad de la formaci\u00f3n de estos profesionales en las universidades.<\/p>\n<p style=\"text-align: justify;\">Tambi\u00e9n habla muy entusiasmado de la donaci\u00f3n al Zool\u00f3gico Nacional de Cuba, de las especies animales de Namibia, y su inter\u00e9s en la novedosa pr\u00e1ctica del traslado.<\/p>\n<p style=\"text-align: justify;\">Persiste en su llamado de atenci\u00f3n a la producci\u00f3n de alimentos para los seres humanos y animales, y muestra fotograf\u00edas del sembrado de las plantas con las que experimenta. Me revela varias semillas, hablando del costo y su importancia; de la situaci\u00f3n del combustible.<\/p>\n<p style=\"text-align: justify;\">Sobre la mesa de trabajo, decenas de cables de prensa recopilados en una carpeta. Veo de cerca y compruebo su legendario inter\u00e9s por estar informado de todo, lo mismo del acontecer nacional que internacional.<\/p>\n<p style=\"text-align: justify;\">Se detiene en particular en la lectura de cables recientes con una infograf\u00eda de la cadena Rusia Today sobre qu\u00e9 naci\u00f3n contribuy\u00f3 m\u00e1s a la derrota de Alemania en 1945. Durante a\u00f1os, la mayor\u00eda de los europeos reconoc\u00edan a la URSS. M\u00e1s recientemente los datos se han invertido y se le da la prominencia a Estados Unidos.<\/p>\n<p style=\"text-align: justify;\">Pero tambi\u00e9n hablamos de \u00e9l, de sus ejercicios f\u00edsicos diarios, de la alimentaci\u00f3n correcta. Sigo sin creerme que estoy al lado del hombre que m\u00e1s ha hecho por el logro de relaciones de justicia entre los hombres, y descubr\u00eda la maravilla de atisbar, desde la rememoraci\u00f3n del pasado, qu\u00e9 es el futuro.<\/p>\n<p style=\"text-align: justify;\">A\u00fan tiene bien grabado que soy de Matanzas. No iba a dejarlo pasar tan f\u00e1cil. Entonces me pide que le cuente c\u00f3mo funciona la pr\u00e1ctica de deportes en mi ciudad. Sin darme demasiado tiempo a pensar me inquiere sobre las perspectivas del equipo de pelota de Matanzas con la conducci\u00f3n de V\u00edctor Mesa, y de la alegr\u00eda y emotividad que le impregna a la Serie Nacional. Luego se refiere a otros equipos presentes en esta Serie, y al desaf\u00edo de ser matancero y estar en la capital, tan defensora de su equipo Industriales. Re\u00edmos los dos. Y yo admiro ese amor por el deporte que siempre ha dejado ver.<\/p>\n<p style=\"text-align: justify;\">Despu\u00e9s habla de las revoluciones que vienen contra la filosof\u00eda dominante, y me comenta que no se puede dejar de creer en ellas, pues cada revoluci\u00f3n termina por renacer. En un momento especial, se refiere a Venezuela y habla con gran emoci\u00f3n de Ch\u00e1vez y de Maduro.<\/p>\n<p style=\"text-align: justify;\">Tambi\u00e9n comenta sobre Nicaragua y el empe\u00f1o de Daniel Ortega y su esposa en el desarrollo de esa peque\u00f1a naci\u00f3n.<\/p>\n<p style=\"text-align: justify;\">Volviendo al tema de nuestra Universidad, le muestro un cat\u00e1logo y recorremos en su mapa todos los sitios que recordaba: la cafeter\u00eda de la Facultad de Derecho \u2014me cuenta algunos detalles de su construcci\u00f3n y ubicaci\u00f3n\u2014, otros sitios significativos para \u00e9l, y me pide que le cuente de las Facultades de la Colina y las que actualmente est\u00e1n fuera de ella. Recuerda los tiempos desafiantes de su formaci\u00f3n y sus hist\u00f3ricos encuentros con los estudiantes universitarios luego del triunfo revolucionario.<\/p>\n<p style=\"text-align: justify;\">Al mostrarle una serie de dise\u00f1os dedicados a \u00e9l, me pregunta qui\u00e9n los hace. Le respondo que un estudiante que tambi\u00e9n se llama Randy, de apellido Pereira y que estudia en cuarto a\u00f1o de Comunicaci\u00f3n. Entonces se interesa por saber d\u00f3nde imprimimos los carteles y los pul\u00f3veres, pues yo llevaba uno con el s\u00edmbolo de los Juegos Caribe.<\/p>\n<p style=\"text-align: justify;\">No me voy sin dejarle de recuerdo una foto de Henry, actual secretario de la UJC de la Universidad, e Indira, quien trabaja en la Direcci\u00f3n de Extensi\u00f3n Universitaria, los dos j\u00f3venes que le entregaron en el 2010 la fotograf\u00eda suya que dice: \u201cAqu\u00ed me hice revolucionario\u2026\u201d. Leo la convocatoria a la Jornada por los 70 a\u00f1os de su ingreso a la Universidad, y le comento sobre los invitados que habr\u00e1 y el modo en el que hemos concebido la actividad.<\/p>\n<p style=\"text-align: justify;\">Tambi\u00e9n repasamos con inter\u00e9s un ejemplar del peri\u00f3dico Resumen Latinoamericano, dedicado a los Cinco. Emocionado, recorre los rostros de Ren\u00e9, Fernando, Tony, Gerardo y Ram\u00f3n, y se detiene en las caracter\u00edsticas m\u00e1s significativas de cada uno de los H\u00e9roes.<\/p>\n<p style=\"text-align: justify;\">Ya casi parece que me ir\u00e9. Pero retoma la conversaci\u00f3n sobre las nuevas formas de contrarrestar algunas enfermedades, entre ellas, la diabetes, con la producci\u00f3n de algunos alimentos naturales; de la relaci\u00f3n de Cuba con \u00c1frica, desde la contribuci\u00f3n a la independencia con sus pa\u00edses, el fin del apartheid y de la actual contribuci\u00f3n de m\u00e9dicos cubanos a la lucha contra el \u00c9bola. Y agradezco por dentro que este momento a\u00fan no se me acabe.<\/p>\n<p style=\"text-align: justify;\">Finalmente me muestra algunas p\u00e1ginas de temas que estudia en este momento. Entre ellos, uno sobre el Banco Central de Cuba con costos de los alimentos, metales b\u00e1sicos y preciosos, del az\u00facar, energ\u00eda, tasa de inter\u00e9s.<\/p>\n<p style=\"text-align: justify;\">No me deja ir sin que le ponga en el televisor un disco que le llev\u00e9 como regalo, con las im\u00e1genes del recibimiento de los estudiantes de la Universidad a los del Crucero Semestre en el Mar, que visitaron el pa\u00eds en el mes de diciembre.<\/p>\n<p style=\"text-align: justify;\">Se interesa por c\u00f3mo nos fue con nuestros colegas norteamericanos, indaga en el programa de actividades. Al visualizar las im\u00e1genes\u2026 no s\u00e9 por qu\u00e9 veo un Fidel diferente, mucho m\u00e1s cercano de lo que pensaba. La imagen de unos estudiantes norteamericanos sin pul\u00f3veres que ten\u00edan escrito CUBA en el pecho, lo traen a su momento m\u00e1s alegre y entusiasta.<\/p>\n<p style=\"text-align: justify;\">Llega el instante de irme. Nos despedimos al estilo tradicional primero. Pero luego quiere conocer un modo m\u00e1s actual. Le ense\u00f1o entonces aquel que ensayamos muchas veces con nuestros socios, m\u00e1s juvenil y diferente. Es tanta su insistencia que termina aprendi\u00e9ndolo. Y lo practica varias veces antes de que finalmente nos digamos hasta luego.<\/p>\n<p style=\"text-align: justify;\">Camino nuevamente por mis calles y pienso en lo que he vivido. Me llevo con intensidad el Fidel lleno de vida que convers\u00f3 conmigo animada e inteligentemente. Con la sencillez que imaginaba, pero con esa capacidad infinita de sorprender.<\/p>\n<p style=\"text-align: justify;\">Pienso en un escritor y encuentro una frase para que resuma lo que siento. Si la verdadera grandeza del hombre solo la puede alcanzar en el Reino de este mundo, no puedo menos que verla en \u00e9l, que ha trascendido el escal\u00f3n m\u00e1s alto de la especie humana para transformarse en leyenda.<\/p>\n<p style=\"text-align: justify;\">Varios d\u00edas despu\u00e9s, a\u00fan la emoci\u00f3n me humedece los ojos. Sigo vi\u00e9ndolo frente a m\u00ed, tan vivo, con tanta energ\u00eda y claridad, burl\u00e1ndose con esa vitalidad de quienes han pretendido hacer creer que ya no est\u00e1. A\u00fan puedo pensarlo, mes\u00e1ndose la barba, analizando qui\u00e9n sabe cu\u00e1ntas cosas.<\/p>\n<p style=\"text-align: justify;\">No ha dejado de ser estudiante universitario. En un ambiente familiar y cordial, con su mirada m\u00e1s all\u00e1 de las apariencias, me acerc\u00f3 a su infinito caudal de inteligencia. Y yo casi me asusto de ver lo mucho que me queda por estudiar y aprender. Le agradezco entonces el revelarme esa verdad y proveerme de una gu\u00eda para entender c\u00f3mo conducirme por lo inexplorado con curiosidad y tino.<br \/>\nHaber ocupado parte de su tiempo es el honor m\u00e1s grande que he recibido. Por nuestra FEU y nuestra Universidad de La Habana viv\u00ed esta excepcional oportunidad. Fueron varias noches sin dormir de la alegr\u00eda, de los impacientes deseos de volver a conversar con \u00e9l\u2026<\/p>\n<p style=\"text-align: justify;\">Impl\u00edcito en todo, m\u00e1s all\u00e1 de lo que pueda decir, va la ense\u00f1anza de la humildad, de la confianza en nosotros, en el futuro de la Patria. La certeza de que este encuentro es la continuidad de m\u00e1s deberes, de m\u00e1s compromisos.<br \/>\nFidel sigue en una marcha constante al comp\u00e1s de nuestro tiempo, como s\u00edmbolo imperecedero, como eterno joven universitario. No puedo plasmar todo en palabras, pues a\u00fan llego a creer que es un sue\u00f1o. La esencia de los milagros es inapresable por m\u00e1s que lo intentemos. Fidel es un fuera de serie.<\/p>\n","protected":false},"excerpt":{"rendered":"Por Randy Perdomo Garc\u00eda, presidente de la FEU de la Universidad de La Habana. Todo comenz\u00f3 con su llamada a la Oficina de \n<a class=\"moretag\" href=\"https:\/\/ctainternacionales.org\/?p=2570\"> [...]<\/a>","protected":false},"author":1,"featured_media":0,"comment_status":"closed","ping_status":"closed","sticky":false,"template":"","format":"standard","meta":{"ngg_post_thumbnail":0,"footnotes":""},"categories":[],"tags":[],"class_list":["post-2570","post","type-post","status-publish","format-standard","hentry"],"_links":{"self":[{"href":"https:\/\/ctainternacionales.org\/index.php?rest_route=\/wp\/v2\/posts\/2570","targetHints":{"allow":["GET"]}}],"collection":[{"href":"https:\/\/ctainternacionales.org\/index.php?rest_route=\/wp\/v2\/posts"}],"about":[{"href":"https:\/\/ctainternacionales.org\/index.php?rest_route=\/wp\/v2\/types\/post"}],"author":[{"embeddable":true,"href":"https:\/\/ctainternacionales.org\/index.php?rest_route=\/wp\/v2\/users\/1"}],"replies":[{"embeddable":true,"href":"https:\/\/ctainternacionales.org\/index.php?rest_route=%2Fwp%2Fv2%2Fcomments&post=2570"}],"version-history":[{"count":1,"href":"https:\/\/ctainternacionales.org\/index.php?rest_route=\/wp\/v2\/posts\/2570\/revisions"}],"predecessor-version":[{"id":2572,"href":"https:\/\/ctainternacionales.org\/index.php?rest_route=\/wp\/v2\/posts\/2570\/revisions\/2572"}],"wp:attachment":[{"href":"https:\/\/ctainternacionales.org\/index.php?rest_route=%2Fwp%2Fv2%2Fmedia&parent=2570"}],"wp:term":[{"taxonomy":"category","embeddable":true,"href":"https:\/\/ctainternacionales.org\/index.php?rest_route=%2Fwp%2Fv2%2Fcategories&post=2570"},{"taxonomy":"post_tag","embeddable":true,"href":"https:\/\/ctainternacionales.org\/index.php?rest_route=%2Fwp%2Fv2%2Ftags&post=2570"}],"curies":[{"name":"wp","href":"https:\/\/api.w.org\/{rel}","templated":true}]}}