{"id":2567,"date":"2015-02-03T15:24:37","date_gmt":"2015-02-03T18:24:37","guid":{"rendered":"http:\/\/www.ctainternacionales.org\/?p=2567"},"modified":"2015-02-03T15:25:50","modified_gmt":"2015-02-03T18:25:50","slug":"algunas-conclusiones-de-la-celac","status":"publish","type":"post","link":"https:\/\/ctainternacionales.org\/?p=2567","title":{"rendered":"Conclusiones de la CELAC"},"content":{"rendered":"<p><a href=\"http:\/\/www.ctainternacionales.org\/wp-content\/uploads\/2015\/01\/Unknown.jpeg\"><img loading=\"lazy\" decoding=\"async\" class=\"aligncenter size-full wp-image-2558\" src=\"http:\/\/www.ctainternacionales.org\/wp-content\/uploads\/2015\/01\/Unknown.jpeg\" alt=\"Unknown\" width=\"284\" height=\"178\" \/><\/a><\/p>\n<p>La declaraci\u00f3n aprobada por la III Cumbre de la Comunidad de Estados de Am\u00e9rica Latina y el Caribe (Celac) reafirma su car\u00e1cter social poniendo \u00e9nfasis en temas como pobreza, cambio clim\u00e1tico, educaci\u00f3n e igualdad de g\u00e9nero.<\/p>\n<p>\u201cReafirmar nuestra firme determinaci\u00f3n de erradicar la pobreza, el hambre y la desigualdad en la regi\u00f3n como requisito indispensable para alcanzar el desarrollo sostenible, a trav\u00e9s de la articulaci\u00f3n de las pol\u00edticas econ\u00f3micas, sociales y ambientales con la participaci\u00f3n ciudadana integral y equitativa\u201d, dice la Declaraci\u00f3n de Bel\u00e9n aprobada durante la cumbre.<!--more--><\/p>\n<p>Los acuerdos fueron aprobados luego de algunos cambios sugeridos por la delegaci\u00f3n de Barbados. La sesi\u00f3n privada de los mandatarios se suspendi\u00f3 luego de una pol\u00e9mica con el nicarag\u00fcense Daniel Ortega por la participaci\u00f3n de un delegado puertorrique\u00f1o.<\/p>\n<p>Para luchar contra los flagelos evidenciados en la cumbre de la Celac pide aplicar acciones regionales con una visi\u00f3n de mediano y largo plazo, entre las que destacan las siguientes:<\/p>\n<p>Implementar el Plan para la Seguridad Alimentaria, Nutrici\u00f3n y Erradicaci\u00f3n del Hambre 2025 de la Celac, elaborado por la FAO, Cepal y Aladi en seguimiento al mandato reiterado en el Plan de Acci\u00f3n de la Celac 2014.<br \/>\nFuncionamiento de un Grupo de Trabajo de Agricultura Familiar y Desarrollo Rural, as\u00ed como ejecutar su Plan de Acci\u00f3n 2015.<br \/>\nReiterar a la FAO para que a la brevedad posible lleve a cabo las acciones necesarias para conceptualizar y definir el t\u00e9rmino soberan\u00eda alimentaria.<br \/>\nEn el segundo semestre de 2015 se realizar\u00e1 en Venezuela la II Reuni\u00f3n de Ministros, Ministras y Altas Autoridades de Desarrollo Social para la Erradicaci\u00f3n del Hambre y la Pobreza de la Celac, con el fin de evaluar los avances alcanzados.<br \/>\nReiterar a la FAO para que a la brevedad posible lleve a cabo las acciones necesarias para conceptualizar y definir el t\u00e9rmino soberan\u00eda alimentaria.<br \/>\nEn el \u00e1rea laboral, la Celac plantea reiterar la necesidad de realizar un estudio sobre los mecanismos existentes para fortalecer las competencias laborales y de certificaci\u00f3n, especialmente en el segmento de la poblaci\u00f3n joven.<br \/>\nEn materia de drogas, se planea continuar los trabajos en el marco del Mecanismo de Cooperaci\u00f3n y Coordinaci\u00f3n Celac\u2013UE en materia de drogas.<br \/>\nEn el tema de ciencia, tecnolog\u00eda e innovaci\u00f3n se prev\u00e9 avanzar en la identificaci\u00f3n e implementaci\u00f3n de mecanismos de cooperaci\u00f3n en la esfera de la ciberseguridad que permita enfrentar las ciberamenazas, particularmente aquellas que afecten la seguridad de los Estados, organizaciones e individuos.<br \/>\nEn la reuni\u00f3n de la Celac participaron un total de 21 jefes de Estado y de Gobierno de Latinoam\u00e9rica y el Caribe.<\/p>\n<p>Declaraciones especiales<\/p>\n<p>De la cumbre de la Celac tambi\u00e9n surgieron un total de 27 declaraciones especiales sobre temas que van desde la lucha contra las drogas hasta la condena del embargo estadounidense a Cuba.<\/p>\n<p>A continuaci\u00f3n, un resumen de las m\u00e1s importantes:<\/p>\n<p>Declaraci\u00f3n especial sobre la necesidad de poner fin al bloqueo econ\u00f3mico y financiero de los Estados Unidos contra Cuba<br \/>\nDeclaraci\u00f3n especial sobre el proceso de negociaci\u00f3n del gobierno de Colombia con las Fuerzas Armadas Revolucionarias de Colombia (FARC).<br \/>\nDeclaraci\u00f3n especial para el tr\u00e1fico il\u00edcito de armas convencionales.<br \/>\nDeclaraci\u00f3n especial para el financiamiento para el desarrollo<br \/>\nDeclaraci\u00f3n especial para la transparencia y lucha contra la corrupci\u00f3n.<br \/>\nLa pr\u00f3xima cumbre de la Celac ser\u00e1 en el 2016 en Ecuador, con Rafael Correa como presidente pro tempore.<\/p>\n<p>&nbsp;<\/p>\n<p>DECLARACI\u00d3N POL\u00cdTICA DE BEL\u00c9N III CUMBRE DE JEFAS Y JEFES DE ESTADO Y DE GOBIERNO DE LA COMUNIDAD DE ESTADOS LATINOAMERICANOS Y CARIBE\u00d1OS (CELAC) 28 Y 29 DE ENERO DE 2015, BEL\u00c9N, COSTA RICA<br \/>\nhttp:\/\/www.celac2015.go.cr\/wp-content\/uploads\/2015\/01\/DECLARACION-POLITICA-DE-BELEN-2015-ES-5.pdf<br \/>\nPlan de Acci\u00f3n de la CELAC 2015<br \/>\nhttp:\/\/www.celac2015.go.cr\/plan-de-accion-de-la-celac-2015\/<br \/>\nDeclaraci\u00f3n Especial Sobre la situaci\u00f3n pol\u00edtica en Hait\u00ed<br \/>\nhttp:\/\/www.celac2015.go.cr\/declaracion-especial-26-sobre-la-situacion-politica-en-haiti\/<br \/>\nDECLARACI\u00d3N ESPECIAL SOBRE LA CUESTI\u00d3N DE LAS ISLAS MALVINAS<br \/>\nhttp:\/\/www.cancilleria.gob.ar\/userfiles\/III%20CELAC%20-%20RESPALDO%20CUESTION%20MALVINAS.pdf<br \/>\nDECLARACION ESPECIAL DE RESPALDO A LA POSICI\u00d3N DE LA REPUBLICA ARGENTINA EN LA REESTRUCTURACI\u00d3N DE SU DEUDA SOBERANA<br \/>\nhttp:\/\/www.cancilleria.gob.ar\/userfiles\/III%20CELAC%20-%20RESPALDO%20REESTRUCTURACION%20DEUDA%20SOBERANA.pdf<br \/>\nCOMUNICADO DE LA COMUNIDAD DE ESTADOS LATINOAMERICANOS Y CARIBE\u00d1OS SOBRE<br \/>\nACCIONES UNILATERALES CONTRA LA REP\u00daBLICA BOLIVARIANA DE VENEZUELA<br \/>\nhttp:\/\/www.minci.gob.ve\/wp-content\/uploads\/2015\/01\/24.-DE-COMUNICADO-ACCIONES-UNILATERALES-Venezuela.pdf<br \/>\nDeclaraci\u00f3n Especial Sobre procesos de paz entre Colombia y las FARC<br \/>\nhttp:\/\/www.celac2015.go.cr\/declaracion-especial-22-sobre-procesos-de-paz-entre-colombia-y-las-farc\/<br \/>\nDeclaraci\u00f3n Especial Sobre necesidad de poner fin al bloqueo cubano<br \/>\nhttp:\/\/www.celac2015.go.cr\/declaracion-especial-7-sobre-necesidad-de-poner-fin-al-bloqueo-cubano\/<br \/>\nDeclaraci\u00f3n Especial Sobre cambio clim\u00e1tico<br \/>\nhttp:\/\/www.celac2015.go.cr\/declaracion-especial-6-sobre-cambio-climatico\/<\/p>\n<p>&nbsp;<\/p>\n<p>&nbsp;<\/p>\n","protected":false},"excerpt":{"rendered":"La declaraci\u00f3n aprobada por la III Cumbre de la Comunidad de Estados de Am\u00e9rica Latina y el Caribe (Celac) reafirma su car\u00e1cter social \n<a class=\"moretag\" href=\"https:\/\/ctainternacionales.org\/?p=2567\"> [...]<\/a>","protected":false},"author":1,"featured_media":0,"comment_status":"closed","ping_status":"closed","sticky":false,"template":"","format":"standard","meta":{"ngg_post_thumbnail":0,"footnotes":""},"categories":[],"tags":[],"class_list":["post-2567","post","type-post","status-publish","format-standard","hentry"],"_links":{"self":[{"href":"https:\/\/ctainternacionales.org\/index.php?rest_route=\/wp\/v2\/posts\/2567","targetHints":{"allow":["GET"]}}],"collection":[{"href":"https:\/\/ctainternacionales.org\/index.php?rest_route=\/wp\/v2\/posts"}],"about":[{"href":"https:\/\/ctainternacionales.org\/index.php?rest_route=\/wp\/v2\/types\/post"}],"author":[{"embeddable":true,"href":"https:\/\/ctainternacionales.org\/index.php?rest_route=\/wp\/v2\/users\/1"}],"replies":[{"embeddable":true,"href":"https:\/\/ctainternacionales.org\/index.php?rest_route=%2Fwp%2Fv2%2Fcomments&post=2567"}],"version-history":[{"count":2,"href":"https:\/\/ctainternacionales.org\/index.php?rest_route=\/wp\/v2\/posts\/2567\/revisions"}],"predecessor-version":[{"id":2569,"href":"https:\/\/ctainternacionales.org\/index.php?rest_route=\/wp\/v2\/posts\/2567\/revisions\/2569"}],"wp:attachment":[{"href":"https:\/\/ctainternacionales.org\/index.php?rest_route=%2Fwp%2Fv2%2Fmedia&parent=2567"}],"wp:term":[{"taxonomy":"category","embeddable":true,"href":"https:\/\/ctainternacionales.org\/index.php?rest_route=%2Fwp%2Fv2%2Fcategories&post=2567"},{"taxonomy":"post_tag","embeddable":true,"href":"https:\/\/ctainternacionales.org\/index.php?rest_route=%2Fwp%2Fv2%2Ftags&post=2567"}],"curies":[{"name":"wp","href":"https:\/\/api.w.org\/{rel}","templated":true}]}}