{"id":2562,"date":"2015-01-27T12:24:19","date_gmt":"2015-01-27T15:24:19","guid":{"rendered":"http:\/\/www.ctainternacionales.org\/?p=2562"},"modified":"2015-01-27T12:59:08","modified_gmt":"2015-01-27T15:59:08","slug":"la-cta-moviliza-contra-la-impunidad-en-el-caso-amia","status":"publish","type":"post","link":"https:\/\/ctainternacionales.org\/?p=2562","title":{"rendered":"La CTA moviliza contra la impunidad en el Caso AMIA"},"content":{"rendered":"<p>&nbsp;<\/p>\n<p><a href=\"http:\/\/www.ctainternacionales.org\/wp-content\/uploads\/2015\/01\/images-3.jpeg\"><img loading=\"lazy\" decoding=\"async\" class=\"aligncenter size-full wp-image-2564\" src=\"http:\/\/www.ctainternacionales.org\/wp-content\/uploads\/2015\/01\/images-3.jpeg\" alt=\"images-3\" width=\"290\" height=\"174\" \/><\/a>Ante los acontecimientos que han derivado en la muerte del fiscal de la Causa AMIA, Alberto Nisman, se realizar\u00e1 en la sede de la CTA Aut\u00f3noma (Lima 609) una conferencia de prensa el pr\u00f3ximo 28 de enero, a las 11 horas. En la misma, se presentar\u00e1 y desarrollar\u00e1 una declaraci\u00f3n consensuada entre las organizaciones sociales, pol\u00edticas, sindicales y de derechos humanos\u00a0que convocan a la pr\u00f3xima movilizaci\u00f3n a realizarse el d\u00eda 4 de febrero de Congreso a Plaza de Mayo.<!--more--><\/p>\n<p>Compartir este articulo:<\/p>\n<p>El documento desarrolla las principales demandas convocantes de la marcha: exigir la creaci\u00f3n de una Comisi\u00f3n Investigadora Independiente en el marco del Congreso Nacional; la apertura de los archivos de la causa AMIA; la democratizaci\u00f3n del Poder Judicial, de las estructuras de seguridad y del Sistema de Inteligencia en la Argentina; la nulidad de la Ley Antiterrorista y de los proyectos de espionaje contra los luchadores del campo popular. Denunciar\u00e1 adem\u00e1s el entramado de encubrimiento y espionaje asociado al caso, incluso con participaci\u00f3n de servicios de inteligencia locales y extranjeros.<\/p>\n<p>Junto a la CTA Aut\u00f3noma, convocan: APEMIA (Agrupaci\u00f3n Por el Esclarecimiento de la Masacre Impune de la AMIA); Asociaci\u00f3n ex detenidos-desaparecidos; Liberpueblo; CCC-PTP; Foro Argentino por la Deuda Externa; Camino de los Libres; Liga Argentina por los Derechos del Hombre; MST Teresa Vive; Di\u00e1logo 2000 Jubileo Sur y SERPAJ (Servicio, Paz y Justicia).<\/p>\n","protected":false},"excerpt":{"rendered":"&nbsp; Ante los acontecimientos que han derivado en la muerte del fiscal de la Causa AMIA, Alberto Nisman, se realizar\u00e1 en la sede \n<a class=\"moretag\" href=\"https:\/\/ctainternacionales.org\/?p=2562\"> [...]<\/a>","protected":false},"author":1,"featured_media":0,"comment_status":"closed","ping_status":"closed","sticky":false,"template":"","format":"standard","meta":{"ngg_post_thumbnail":0,"footnotes":""},"categories":[],"tags":[],"class_list":["post-2562","post","type-post","status-publish","format-standard","hentry"],"_links":{"self":[{"href":"https:\/\/ctainternacionales.org\/index.php?rest_route=\/wp\/v2\/posts\/2562","targetHints":{"allow":["GET"]}}],"collection":[{"href":"https:\/\/ctainternacionales.org\/index.php?rest_route=\/wp\/v2\/posts"}],"about":[{"href":"https:\/\/ctainternacionales.org\/index.php?rest_route=\/wp\/v2\/types\/post"}],"author":[{"embeddable":true,"href":"https:\/\/ctainternacionales.org\/index.php?rest_route=\/wp\/v2\/users\/1"}],"replies":[{"embeddable":true,"href":"https:\/\/ctainternacionales.org\/index.php?rest_route=%2Fwp%2Fv2%2Fcomments&post=2562"}],"version-history":[{"count":1,"href":"https:\/\/ctainternacionales.org\/index.php?rest_route=\/wp\/v2\/posts\/2562\/revisions"}],"predecessor-version":[{"id":2565,"href":"https:\/\/ctainternacionales.org\/index.php?rest_route=\/wp\/v2\/posts\/2562\/revisions\/2565"}],"wp:attachment":[{"href":"https:\/\/ctainternacionales.org\/index.php?rest_route=%2Fwp%2Fv2%2Fmedia&parent=2562"}],"wp:term":[{"taxonomy":"category","embeddable":true,"href":"https:\/\/ctainternacionales.org\/index.php?rest_route=%2Fwp%2Fv2%2Fcategories&post=2562"},{"taxonomy":"post_tag","embeddable":true,"href":"https:\/\/ctainternacionales.org\/index.php?rest_route=%2Fwp%2Fv2%2Ftags&post=2562"}],"curies":[{"name":"wp","href":"https:\/\/api.w.org\/{rel}","templated":true}]}}