{"id":2557,"date":"2015-01-26T15:56:02","date_gmt":"2015-01-26T18:56:02","guid":{"rendered":"http:\/\/www.ctainternacionales.org\/?p=2557"},"modified":"2015-01-26T15:56:52","modified_gmt":"2015-01-26T18:56:52","slug":"delegaciones-nacionales-comienzan-en-costa-rica-trabajos-preparatorios-de-la-iii-cumbre-de-jefes-de-estado-de-la-celac","status":"publish","type":"post","link":"https:\/\/ctainternacionales.org\/?p=2557","title":{"rendered":"Delegaciones nacionales comienzan en Costa Rica trabajos preparatorios de la III Cumbre de Jefes de Estado de la Celac"},"content":{"rendered":"<p style=\"text-align: justify;\"><a href=\"http:\/\/www.ctainternacionales.org\/wp-content\/uploads\/2015\/01\/Unknown.jpeg\"><img loading=\"lazy\" decoding=\"async\" class=\"aligncenter size-full wp-image-2558\" src=\"http:\/\/www.ctainternacionales.org\/wp-content\/uploads\/2015\/01\/Unknown.jpeg\" alt=\"Unknown\" width=\"284\" height=\"178\" \/><\/a><\/p>\n<p style=\"text-align: justify;\">Durante la inauguraci\u00f3n de los trabajos preparatorios y las negociaciones formales de la III Cumbre de Jefes de Estado y Gobierno de la Comunidad de Estados Latinoamericanos y del Caribe (CELAC), el vicecanciller Alejandro Solano resalt\u00f3 que las sesiones iniciaron con un amplio grado de consenso.<!--more--><\/p>\n<p style=\"text-align: justify;\">En la primera sesi\u00f3n de trabajo de los Coordinadores Nacionales de los 33 pa\u00edses que integran la CELAC, en la ma\u00f1ana de este domingo, se logr\u00f3 avanzar con los primeros ocho textos de los 23 proyectos de Declaraciones Especiales.<\/p>\n<p style=\"text-align: justify;\">\u201cCosta Rica, como Presidencia Pro T\u00e9mpore (PPT) de la CELAC, agradece el compromiso y el excelente trabajo de los Coordinadores Nacionales que han emprendido la revisi\u00f3n de los textos, que someter\u00e1n a consideraci\u00f3n de los ministros de Relaciones Exteriores, el martes pr\u00f3ximo\u201d, destac\u00f3 el vicecanciller Solano.<\/p>\n<p style=\"text-align: justify;\">Las Declaraciones Especiales, que suman hasta ahora 22, se refieren a temas de diversa naturaleza que buscan reflejar los intereses y preocupaciones puntuales de los pa\u00edses de la regi\u00f3n, explic\u00f3 Solano.<\/p>\n<p style=\"text-align: justify;\">Por ejemplo, el desarme, la gobernanza en la Internet, la Agenda post 2015, el financiamiento para el desarrollo, la solidaridad con los pa\u00edses sin litoral, el cambio clim\u00e1tico, asuntos financieros, armas convencionales, los peque\u00f1os Estados insulares en desarrollo, la lucha contra el terrorismo, el combate a la corrupci\u00f3n, la situaci\u00f3n de los pa\u00edses de renta media, el fortalecimiento del Sistema Interamericano de Derechos Humanos, entre otros. Hoy se actualiz\u00f3 el texto sobre la declaraci\u00f3n que hace referencia al bloqueo contra Cuba, para incorporar el reciente acercamiento entre ese pa\u00eds y los Estados Unidos de Am\u00e9rica.<\/p>\n<p style=\"text-align: justify;\">Estas Declaraciones Especiales, junto con la Declaraci\u00f3n Pol\u00edtica y el Plan de Acci\u00f3n ser\u00e1n conocidas por los Jefes de Estado y de Gobierno que se reunir\u00e1n el 27 y 28 de enero.<\/p>\n<p style=\"text-align: justify;\">\u201cHemos tenido intensas discusiones, pero ha prevalecido un buen ambiente de trabajo en la sala (plenaria), lo que ha permitido un avance importante\u201d, en la discusi\u00f3n de los temas, declar\u00f3 Solano.<\/p>\n","protected":false},"excerpt":{"rendered":"Durante la inauguraci\u00f3n de los trabajos preparatorios y las negociaciones formales de la III Cumbre de Jefes de Estado y Gobierno de la \n<a class=\"moretag\" href=\"https:\/\/ctainternacionales.org\/?p=2557\"> [...]<\/a>","protected":false},"author":1,"featured_media":0,"comment_status":"closed","ping_status":"closed","sticky":false,"template":"","format":"standard","meta":{"ngg_post_thumbnail":0,"footnotes":""},"categories":[],"tags":[],"class_list":["post-2557","post","type-post","status-publish","format-standard","hentry"],"_links":{"self":[{"href":"https:\/\/ctainternacionales.org\/index.php?rest_route=\/wp\/v2\/posts\/2557","targetHints":{"allow":["GET"]}}],"collection":[{"href":"https:\/\/ctainternacionales.org\/index.php?rest_route=\/wp\/v2\/posts"}],"about":[{"href":"https:\/\/ctainternacionales.org\/index.php?rest_route=\/wp\/v2\/types\/post"}],"author":[{"embeddable":true,"href":"https:\/\/ctainternacionales.org\/index.php?rest_route=\/wp\/v2\/users\/1"}],"replies":[{"embeddable":true,"href":"https:\/\/ctainternacionales.org\/index.php?rest_route=%2Fwp%2Fv2%2Fcomments&post=2557"}],"version-history":[{"count":1,"href":"https:\/\/ctainternacionales.org\/index.php?rest_route=\/wp\/v2\/posts\/2557\/revisions"}],"predecessor-version":[{"id":2559,"href":"https:\/\/ctainternacionales.org\/index.php?rest_route=\/wp\/v2\/posts\/2557\/revisions\/2559"}],"wp:attachment":[{"href":"https:\/\/ctainternacionales.org\/index.php?rest_route=%2Fwp%2Fv2%2Fmedia&parent=2557"}],"wp:term":[{"taxonomy":"category","embeddable":true,"href":"https:\/\/ctainternacionales.org\/index.php?rest_route=%2Fwp%2Fv2%2Fcategories&post=2557"},{"taxonomy":"post_tag","embeddable":true,"href":"https:\/\/ctainternacionales.org\/index.php?rest_route=%2Fwp%2Fv2%2Ftags&post=2557"}],"curies":[{"name":"wp","href":"https:\/\/api.w.org\/{rel}","templated":true}]}}