{"id":2551,"date":"2015-01-26T14:29:32","date_gmt":"2015-01-26T17:29:32","guid":{"rendered":"http:\/\/www.ctainternacionales.org\/?p=2551"},"modified":"2015-01-26T14:29:58","modified_gmt":"2015-01-26T17:29:58","slug":"en-su-asuncion-evo-morales-asegura-que-bolivia-volvera-al-mar-y-bachelet-pide-a-sus-embajadores-defender-posicion-chilena","status":"publish","type":"post","link":"https:\/\/ctainternacionales.org\/?p=2551","title":{"rendered":"En su asunci\u00f3n, Evo Morales asegura que Bolivia \u201cvolver\u00e1 al mar\u201d y Bachelet pide a sus embajadores defender posici\u00f3n chilena"},"content":{"rendered":"<p style=\"text-align: justify;\"><a href=\"http:\/\/www.ctainternacionales.org\/wp-content\/uploads\/2015\/01\/imagen-16a_1.jpg\"><img loading=\"lazy\" decoding=\"async\" class=\"aligncenter size-thumbnail wp-image-2552\" src=\"http:\/\/www.ctainternacionales.org\/wp-content\/uploads\/2015\/01\/imagen-16a_1-307x184.jpg\" alt=\"imagen-16a_1\" width=\"307\" height=\"184\" \/><\/a><\/p>\n<p style=\"text-align: justify;\">El presidente Evo Morales expres\u00f3 su optimismo al se\u00f1alar que la demanda mar\u00edtima interpuesta por Bolivia ante la Corte Internacional de Justicia (CIJ) est\u00e1 en buen camino, por lo que asever\u00f3 que por justicia, por historia y por derecho Bolivia volver\u00e1 al Pac\u00edfico con soberan\u00eda.<!--more--><\/p>\n<p style=\"text-align: justify;\">\u201cNuestra demanda est\u00e1 bien encaminada. Por historia, por justicia y por derecho un d\u00eda vamos a volver al oc\u00e9ano Pac\u00edfico con soberan\u00eda\u201d, dijo el Mandatario durante su discurso en la Asamblea Legislativa Plurinacional tras haber sido investido por tercera vez.<\/p>\n<p style=\"text-align: justify;\">Afirm\u00f3 que la demanda fue presentada con solidez y consistencia \u201cen un derecho hist\u00f3rico de la b\u00fasqueda de una salida soberana\u201d al mar.<\/p>\n<p style=\"text-align: justify;\">Morales asumi\u00f3 ayer su tercer mandato despu\u00e9s de ganar las elecciones presidenciales del 12 de octubre de 2014 con el 61% del total de los votos.<br \/>\nBolivia present\u00f3 una demanda en 2013 ante la CIJ con el fin de que se obligue a Chile a negociar una salida soberana al mar, despu\u00e9s de m\u00e1s de 130 a\u00f1os de que Bolivia perdiera sus costas mar\u00edtimas en el oc\u00e9ano Pac\u00edfico en un conflicto b\u00e9lico.<\/p>\n<p style=\"text-align: justify;\">El pa\u00eds vecino sostiene su argumento contra la demanda boliviana bajo el argumento de que las consecuencias de la guerra fueron zanjadas con un tratado de paz y amistad que firmaron ambos pa\u00edses en 1904, por lo que declar\u00f3 incompetente a la CIJ para atender el caso.<br \/>\nLas primeras potencias<br \/>\nAsimismo, el portavoz internacional de la demanda mar\u00edtima y expresidente de Bolivia Carlos Mesa (2003-2005) dijo que es fundamental que las primeras potencias del mundo comprendan la causa boliviana.<\/p>\n<p style=\"text-align: justify;\">\u201cBolivia tiene que llegar a pa\u00edses fundamentales: Estados Unidos, Rusia, China, Alemania porque son primeras potencias a nivel mundial, porque su palabra es siempre importante y porque el que esos pa\u00edses comprendan la causa boliviana es fundamental\u201d, manifest\u00f3 a la ABI.<\/p>\n<p style=\"text-align: justify;\">La semana pasada, el presidente Morales asegur\u00f3 que Bolivia no retirar\u00e1 la demanda presentada a la Corte Internacional de Justicia de La Haya a cambio de un \u201cpedazo de tierra\u201d en referencia a la supuesta oferta \u201csecreta\u201d de un enclave que supuestamente realiz\u00f3 el pa\u00eds a Chile.<\/p>\n<p style=\"text-align: justify;\">\u201cLos bolivianos no somos tontos para levantar la demanda mar\u00edtima por un pedazo de tierra\u201d, declar\u00f3 el Jefe de Estado.<\/p>\n<p style=\"text-align: justify;\">Mesa adelant\u00f3 que Bolivia no cambiar\u00e1 de estrategia para la difusi\u00f3n de su reclamo a un derecho soberano al mar ante la corte de la Haya.<\/p>\n<p style=\"text-align: justify;\">\u201cBolivia hace lo que tiene que hacer, nosotros tenemos varias visitas en Am\u00e9rica Latina, tenemos una visita en Nueva York (Estados Unidos) a varios embajadores, llevaremos adelante visitas en Europa durante el primer semestre de este a\u00f1o\u201d, adelanto el expresidente, quien particip\u00f3 del acto de posesi\u00f3n de Morales ayer en la Asamblea Legislativa.<\/p>\n<p style=\"text-align: justify;\">Chile invadi\u00f3 suelo boliviano en febrero de 1879 y desat\u00f3 una contienda b\u00e9lica que termin\u00f3 con la usurpaci\u00f3n de 400 kil\u00f3metros de playa y 120 mil kil\u00f3metros de territorio. Desde entonces, Bolivia reivindica en diferentes foros internacionales el derecho de recuperar su salida soberana al mar.<\/p>\n<p style=\"text-align: justify;\">La Socializaci\u00f3n<br \/>\nMesa El portavoz inform\u00f3 que aprovech\u00f3 la visita de las delegaciones de Colombia y del secretario general de la Uni\u00f3n de Naciones Suramericanas (Unasur), Ernesto Samper, a Bolivia, quienes llegaron para participar en la posesi\u00f3n del presidente Evo Morales y se reuni\u00f3 con ambas delegaciones, para socializar la demanda mar\u00edtima boliviana.<\/p>\n<p style=\"text-align: justify;\">Morales \u201cEl Estado Plurinacional mantiene una sola pol\u00edtica, una sola postura y una misma l\u00ednea con los expresidentes, Diremar (Direcci\u00f3n de Reivindicaci\u00f3n Mar\u00edtima), movimientos sociales y Asamblea Legislativa, todos estamos unidos\u201d, dijo Morales hace una semana. El Mandatario expres\u00f3 que algunas autoridades y medios de comunicaci\u00f3n de Chile tienen \u201cmucho nerviosismo\u201d ante el pedido boliviano.<\/p>\n<p style=\"text-align: justify;\">P\u00e1gina Siete<\/p>\n<p style=\"text-align: justify;\">Bachelet pide a embajadores defender postura de Chile ante demanda mar\u00edtima boliviana<br \/>\nHasta el sal\u00f3n O\u2019Higgins del edificio Jos\u00e9 Miguel Carrera llegaron 24 embajadores de Chile en las Am\u00e9ricas y el Caribe para participar en una reuni\u00f3n que tuvo como principal objetivo profundizar la posici\u00f3n de nuestro pa\u00eds ante la demanda mar\u00edtima de Bolivia en la Corte Internacional de Justicia de La Haya.<\/p>\n<p style=\"text-align: justify;\">Una jornada que fue la justificaci\u00f3n de la presidenta Michelle Bachelet para evitar asistir a la ceremonia de toma de posesi\u00f3n de mando \u2013por un tercer periodo- del presidente de Bolivia, Evo Morales, actividad oficial a la que asisti\u00f3 como representante de Chile el presidente de la Corte Suprema, Sergio Mu\u00f1oz.<\/p>\n<p style=\"text-align: justify;\">En un extenso discurso de inauguraci\u00f3n, Bachelet emplaz\u00f3 a los embajadores chilenos a defender los intereses de nuestro pa\u00eds ante el diferendo mar\u00edtimo con el pa\u00eds altipl\u00e1nico.<\/p>\n<p style=\"text-align: justify;\">En esta l\u00ednea, el canciller Heraldo Mu\u00f1oz calific\u00f3 como infundada la acci\u00f3n emprendida por Bolivia, cuesti\u00f3n que, dijo, va a trabajar con los embajadores con la idea de reforzar la estrategia p\u00fablica y privada de nuestro pa\u00eds.<\/p>\n<p style=\"text-align: justify;\">Serie de declaraciones que se efectuaron en Chile, mientras en Bolivia, el presidente Evo Morales se\u00f1al\u00f3, en el marco de la ceremonia de toma de posesi\u00f3n, que un d\u00eda van a volver al Oc\u00e9ano Pac\u00edfico con soberan\u00eda, indicando que su demanda va bien encaminada.<\/p>\n<p style=\"text-align: justify;\">Adem\u00e1s, el canciller Mu\u00f1oz destac\u00f3 el respeto de Chile frente al fallo de la Corte de Justicia de La Haya que favoreci\u00f3 a Per\u00fa con 50 mil kil\u00f3metros cuadrados de territorio mar\u00edtimo, a poco d\u00edas de cumplirse un a\u00f1o de la decisi\u00f3n del tribunal internacional.<br \/>\nAdem\u00e1s, la presidenta Michelle Bachelet ofreci\u00f3 en el Palacio de La Moneda un almuerzo a los 24 embajadores de Chile en las Am\u00e9ricas, que participan de este encuentro que se extender\u00e1 por dos d\u00edas y que contar\u00e1 la presencia del agente chileno ante La haya, Felipe Bulnes.<\/p>\n","protected":false},"excerpt":{"rendered":"El presidente Evo Morales expres\u00f3 su optimismo al se\u00f1alar que la demanda mar\u00edtima interpuesta por Bolivia ante la Corte Internacional de Justicia (CIJ) \n<a class=\"moretag\" href=\"https:\/\/ctainternacionales.org\/?p=2551\"> [...]<\/a>","protected":false},"author":1,"featured_media":0,"comment_status":"closed","ping_status":"closed","sticky":false,"template":"","format":"standard","meta":{"ngg_post_thumbnail":0,"footnotes":""},"categories":[],"tags":[],"class_list":["post-2551","post","type-post","status-publish","format-standard","hentry"],"_links":{"self":[{"href":"https:\/\/ctainternacionales.org\/index.php?rest_route=\/wp\/v2\/posts\/2551","targetHints":{"allow":["GET"]}}],"collection":[{"href":"https:\/\/ctainternacionales.org\/index.php?rest_route=\/wp\/v2\/posts"}],"about":[{"href":"https:\/\/ctainternacionales.org\/index.php?rest_route=\/wp\/v2\/types\/post"}],"author":[{"embeddable":true,"href":"https:\/\/ctainternacionales.org\/index.php?rest_route=\/wp\/v2\/users\/1"}],"replies":[{"embeddable":true,"href":"https:\/\/ctainternacionales.org\/index.php?rest_route=%2Fwp%2Fv2%2Fcomments&post=2551"}],"version-history":[{"count":2,"href":"https:\/\/ctainternacionales.org\/index.php?rest_route=\/wp\/v2\/posts\/2551\/revisions"}],"predecessor-version":[{"id":2554,"href":"https:\/\/ctainternacionales.org\/index.php?rest_route=\/wp\/v2\/posts\/2551\/revisions\/2554"}],"wp:attachment":[{"href":"https:\/\/ctainternacionales.org\/index.php?rest_route=%2Fwp%2Fv2%2Fmedia&parent=2551"}],"wp:term":[{"taxonomy":"category","embeddable":true,"href":"https:\/\/ctainternacionales.org\/index.php?rest_route=%2Fwp%2Fv2%2Fcategories&post=2551"},{"taxonomy":"post_tag","embeddable":true,"href":"https:\/\/ctainternacionales.org\/index.php?rest_route=%2Fwp%2Fv2%2Ftags&post=2551"}],"curies":[{"name":"wp","href":"https:\/\/api.w.org\/{rel}","templated":true}]}}