{"id":2535,"date":"2015-01-14T13:22:10","date_gmt":"2015-01-14T16:22:10","guid":{"rendered":"http:\/\/www.ctainternacionales.org\/?p=2535"},"modified":"2015-01-14T14:14:39","modified_gmt":"2015-01-14T17:14:39","slug":"stella-calloni-si-quieren-combatir-al-terrorismo-deben-investigar-a-la-otan","status":"publish","type":"post","link":"https:\/\/ctainternacionales.org\/?p=2535","title":{"rendered":"Stella Calloni: \u00abSi quieren combatir al terrorismo deben investigar a la OTAN\u201d"},"content":{"rendered":"<p><span style=\"color: #336699;\">\u00a0<a href=\"http:\/\/www.ctainternacionales.org\/wp-content\/uploads\/2015\/01\/cuba-feria05-2019d.jpg\"><img loading=\"lazy\" decoding=\"async\" class=\"aligncenter size-thumbnail wp-image-2536\" src=\"http:\/\/www.ctainternacionales.org\/wp-content\/uploads\/2015\/01\/cuba-feria05-2019d-307x196.jpg\" alt=\"Stella Calloni\" width=\"307\" height=\"196\" \/><\/a><\/span><\/p>\n<p><span style=\"color: #336699;\">La periodista reflexiona sobre el atentado a la revista Charlie Hebdo. \u00abMe parece muy simplista, muy burdo, que por una foto de Mahoma se quiera atribuir autom\u00e1ticamente el hecho a islamistas\u00bb.<\/span><!--more--><\/p>\n<p style=\"text-align: justify;\"><strong>-\u00bfCu\u00e1l es su opini\u00f3n sobre el atentado?<\/strong><\/p>\n<p style=\"text-align: justify;\"><img loading=\"lazy\" decoding=\"async\" class=\"puce\" src=\"http:\/\/www.agenciacta.org\/squelettes-dist\/puce.gif\" alt=\"-\" width=\"8\" height=\"11\" \/>\u00a0Es una situaci\u00f3n muy tr\u00e1gica. Golpea a un grupo de personas vinculadas con la cultura. Ha tenido una gran repercusi\u00f3n en el mundo. Ha sido, naturalmente, repudiado por todos. Es un hecho conmovedor. Se puede aceptar o no el tipo de humor de la revista, pero eso no tiene nada que ver con repudiar lo que ha pasado que es verdaderamente muy tr\u00e1gico.<\/p>\n<p style=\"text-align: justify;\"><strong>-Ahora empiezan las especulaciones sobre los autores del atentado.<\/strong><\/p>\n<p style=\"text-align: justify;\"><img loading=\"lazy\" decoding=\"async\" class=\"puce\" src=\"http:\/\/www.agenciacta.org\/squelettes-dist\/puce.gif\" alt=\"-\" width=\"8\" height=\"11\" \/>\u00a0Me parece muy simplista, muy burdo, que por una foto de Mahoma se quiera atribuir autom\u00e1ticamente el hecho a islamistas. Estamos perdiendo de vista muchas situaciones que se dieron durante mucho tiempo en Europa. Por ejemplo, la OTAN ten\u00eda un ej\u00e9rcito secreto que llev\u00f3 adelante operaciones en la regi\u00f3n que mataron a muchas personas. Sobre ese terrorismo nadie ha actuado, excepto alg\u00fan valiente juez italiano.<\/p>\n<p style=\"text-align: justify;\">Hoy sabemos que varios atentados que fueron atribuidos a las Brigadas Rojas fueron realizados por ese ej\u00e9rcito. Eso est\u00e1 comprobado. Por otro lado, hay que analizar un hecho ocurrido en enero de 2013 cuando un comando similar asesin\u00f3 a tres dirigentes kurdos en Par\u00eds. No se est\u00e1 analizando la posibilidad de que pueda ser un comando de falsa bandera el que realiz\u00f3 el atentado.<\/p>\n<p style=\"text-align: justify;\">Evidentemente es un comando entrenado militarmente, con un armamento como el que utiliza Al Qaeda o el Estado Isl\u00e1mico, grupos que fueron creados por los servicios secretos de Estados Unidos, Inglaterra e Israel. Eso ha sido estudiado por investigadores europeos muy serios. Tenemos que exigir que se descubra a los verdaderos responsables del atentado. Es un momento clave. Esto nos puede pasar a nosotros, nos pueden hacer atentados de falsa bandera para justificar que ingresemos a determinadas guerras. Esto ocurre despu\u00e9s que la Corte Penal Internacional acept\u00f3 a Palestina, en el mismo momento que ese Estado es reconocido por toda Europa. No tenemos que atarnos al carro de la desinformaci\u00f3n.<\/p>\n<p style=\"text-align: justify;\"><strong>-En ese contexto: \u00bfc\u00f3mo analiza la cumbre a la que ha convocado Francia \u201ccontra el terrorismo\u201d?<\/strong><\/p>\n<p style=\"text-align: justify;\"><img loading=\"lazy\" decoding=\"async\" class=\"puce\" src=\"http:\/\/www.agenciacta.org\/squelettes-dist\/puce.gif\" alt=\"-\" width=\"8\" height=\"11\" \/>\u00a0Esto est\u00e1 evidenciando lo que estoy diciendo. La inteligencia francesa ha participado en la destrucci\u00f3n de pa\u00edses, como Libia (donde no dejaron nada), Irak o Siria. Esto lleva a aumentar las intervenciones e invasiones para lograr lo que ellos sue\u00f1an: un Medio Oriente controlado por la OTAN. Quieren pa\u00edses ocupados militarmente. Si Francia llama a una cumbre antiterrorista tiene que investigar a la OTAN y su actuaci\u00f3n durante el \u00faltimo medio siglo. Si quieren combatir al terrorismo se tienen que combatir a ellos mismos, desde adentro. Hay que evitar que esta situaci\u00f3n lleve a convalidar un avance hacia una tercera guerra mundial, que lleve a la desaparici\u00f3n de la humanidad, como tantas veces describi\u00f3 Fidel Castro.<\/p>\n<p style=\"text-align: justify;\"><strong>-\u00bfCu\u00e1l es su visi\u00f3n sobre el Estado Isl\u00e1mico?<\/strong><\/p>\n<p style=\"text-align: justify;\"><img loading=\"lazy\" decoding=\"async\" class=\"puce\" src=\"http:\/\/www.agenciacta.org\/squelettes-dist\/puce.gif\" alt=\"-\" width=\"8\" height=\"11\" \/>\u00a0Hay muchos an\u00e1lisis que ac\u00e1 no se conocen. En el Estado Isl\u00e1mico hay un mont\u00f3n de europeos (franceses, italianos, alemanes), muchos mercenarios de todo el mundo. \u00bfQui\u00e9n los llev\u00f3? \u00bfPara qu\u00e9 sirve el dinero petrolero de Arabia Saudita, c\u00f3mplice de la OTAN? La OTAN debe desaparecer. No sirve para ayudar a los pueblos sino que sirve para atacar pa\u00edses. Estamos viendo un genocidio en Irak y Libia, que no se estudian porque a nadie le importa. En Libia destruyeron a un pa\u00eds, hoy siguen matando a la poblaci\u00f3n que todav\u00eda queda. Lleg\u00f3 el momento de parar esta carrera hacia la guerra. Hay que parar a los fundamentalistas que est\u00e1n operando en este momento. Y debemos denunciar tambi\u00e9n la complicidad de cierta parte del periodismo con estas guerras y matanzas, que con su accionar se convierten en part\u00edcipes necesarios.<\/p>\n<p style=\"text-align: justify;\"><strong>Fuente: Juan Ciuci<\/strong><\/p>\n","protected":false},"excerpt":{"rendered":"\u00a0 La periodista reflexiona sobre el atentado a la revista Charlie Hebdo. \u00abMe parece muy simplista, muy burdo, que por una foto de \n<a class=\"moretag\" href=\"https:\/\/ctainternacionales.org\/?p=2535\"> [...]<\/a>","protected":false},"author":1,"featured_media":0,"comment_status":"closed","ping_status":"closed","sticky":false,"template":"","format":"standard","meta":{"ngg_post_thumbnail":0,"footnotes":""},"categories":[],"tags":[],"class_list":["post-2535","post","type-post","status-publish","format-standard","hentry"],"_links":{"self":[{"href":"https:\/\/ctainternacionales.org\/index.php?rest_route=\/wp\/v2\/posts\/2535","targetHints":{"allow":["GET"]}}],"collection":[{"href":"https:\/\/ctainternacionales.org\/index.php?rest_route=\/wp\/v2\/posts"}],"about":[{"href":"https:\/\/ctainternacionales.org\/index.php?rest_route=\/wp\/v2\/types\/post"}],"author":[{"embeddable":true,"href":"https:\/\/ctainternacionales.org\/index.php?rest_route=\/wp\/v2\/users\/1"}],"replies":[{"embeddable":true,"href":"https:\/\/ctainternacionales.org\/index.php?rest_route=%2Fwp%2Fv2%2Fcomments&post=2535"}],"version-history":[{"count":1,"href":"https:\/\/ctainternacionales.org\/index.php?rest_route=\/wp\/v2\/posts\/2535\/revisions"}],"predecessor-version":[{"id":2537,"href":"https:\/\/ctainternacionales.org\/index.php?rest_route=\/wp\/v2\/posts\/2535\/revisions\/2537"}],"wp:attachment":[{"href":"https:\/\/ctainternacionales.org\/index.php?rest_route=%2Fwp%2Fv2%2Fmedia&parent=2535"}],"wp:term":[{"taxonomy":"category","embeddable":true,"href":"https:\/\/ctainternacionales.org\/index.php?rest_route=%2Fwp%2Fv2%2Fcategories&post=2535"},{"taxonomy":"post_tag","embeddable":true,"href":"https:\/\/ctainternacionales.org\/index.php?rest_route=%2Fwp%2Fv2%2Ftags&post=2535"}],"curies":[{"name":"wp","href":"https:\/\/api.w.org\/{rel}","templated":true}]}}