{"id":2531,"date":"2015-01-13T00:28:47","date_gmt":"2015-01-13T03:28:47","guid":{"rendered":"http:\/\/www.ctainternacionales.org\/?p=2531"},"modified":"2015-01-13T00:29:01","modified_gmt":"2015-01-13T03:29:01","slug":"multitudinaria-movilizacion-en-francia-contra-los-ataques-terroristas","status":"publish","type":"post","link":"https:\/\/ctainternacionales.org\/?p=2531","title":{"rendered":"Multitudinaria movilizaci\u00f3n en Francia contra los ataques terroristas"},"content":{"rendered":"<p><a href=\"http:\/\/www.ctainternacionales.org\/wp-content\/uploads\/2015\/01\/ataque-terrorista-en-paris-1991940w645.jpg\"><img loading=\"lazy\" decoding=\"async\" class=\"aligncenter size-thumbnail wp-image-2532\" src=\"http:\/\/www.ctainternacionales.org\/wp-content\/uploads\/2015\/01\/ataque-terrorista-en-paris-1991940w645-307x204.jpg\" alt=\"ataque-terrorista-en-paris-1991940w645\" width=\"307\" height=\"204\" \/><\/a> <a href=\"http:\/\/www.ctainternacionales.org\/wp-content\/uploads\/2015\/01\/ataque-terrorista-en-paris-1991464w300.jpg\"><img loading=\"lazy\" decoding=\"async\" class=\"aligncenter size-thumbnail wp-image-2533\" src=\"http:\/\/www.ctainternacionales.org\/wp-content\/uploads\/2015\/01\/ataque-terrorista-en-paris-1991464w300.jpg\" alt=\"ataque-terrorista-en-paris-1991464w300\" width=\"300\" height=\"381\" \/><\/a>El d\u00eda domingo en toda Francia se movilizaron cerca de 3,7 millones de ciudadanos en rechazo a los atentados ocurridos por el terrorismo en dicho pa\u00eds, La convocatoria a la movilizaci\u00f3n fue realizada desde los todos los sectores de la sociedad de Francia. En la movilizaci\u00f3n se hicieron presentes mas de 50 personalidades del mundo y mandatarios, entre ellos la alemana Angela Merkel, el italiano Matteo Renzi, el espa\u00f1ol Mariano Rajoy, el brit\u00e1nico David Cameron y el premier turco, Ahmet Davutoglu. Como tambi\u00e9n la presencia del primer ministro Israeli Benjamin Netanyahu.<\/p>\n<p>Francia fue azotada desde el mi\u00e9rcoles de la semana pasada con un primer ataque con la ejecuci\u00f3n a sangre fr\u00eda de 10 colaboradores de Charlie Hebdo y dos polic\u00edas el pasado mi\u00e9rcoles en Par\u00eds.<\/p>\n<p>&nbsp;<\/p>\n<p>La masacre en el semanario Charlie Hebdo dej\u00f3 12 victimas mortales entre las cuales se encuentran el director de la publicaci\u00f3n, cuatro de los m\u00e1s prestigiosos dibujantes de Francia, dos polic\u00edas, un encargado del mantenimiento, una psiquiatra, un economista, un corrector y un hombre que hab\u00eda ido a la redacci\u00f3n para participar de una reuni\u00f3n.<\/p>\n<p>&nbsp;<\/p>\n<p>Francia se encuentra en estado de alerta con mas 10 mil soldados patrullando las zonas mas \u201cdelicadas\u201d<\/p>\n<p>&nbsp;<\/p>\n<p>El ministro franc\u00e9s de Asuntos Exteriores,Laurent Fabius indic\u00f3 hoy que el Ejecutivo va a analizar esta semana qu\u00e9 medidas deben tomarse para completar el actual dispositivo de seguridad contra el terrorismo. \u00abDebemos tener una respuesta de seguridad, una respuesta social y una respuesta internacional.<\/p>\n<p>&nbsp;<\/p>\n<p>Bajo el lema todos somos Charlie Hebdo multitudes se movilizaron en distintas ciudades de Francia y Europa para pedir por la Paz luego de la ola de atentados yihadistas que esta semana conmocionaron al mundo.<\/p>\n","protected":false},"excerpt":{"rendered":"El d\u00eda domingo en toda Francia se movilizaron cerca de 3,7 millones de ciudadanos en rechazo a los atentados ocurridos por el terrorismo \n<a class=\"moretag\" href=\"https:\/\/ctainternacionales.org\/?p=2531\"> [...]<\/a>","protected":false},"author":1,"featured_media":0,"comment_status":"closed","ping_status":"closed","sticky":false,"template":"","format":"standard","meta":{"ngg_post_thumbnail":0,"footnotes":""},"categories":[],"tags":[],"class_list":["post-2531","post","type-post","status-publish","format-standard","hentry"],"_links":{"self":[{"href":"https:\/\/ctainternacionales.org\/index.php?rest_route=\/wp\/v2\/posts\/2531","targetHints":{"allow":["GET"]}}],"collection":[{"href":"https:\/\/ctainternacionales.org\/index.php?rest_route=\/wp\/v2\/posts"}],"about":[{"href":"https:\/\/ctainternacionales.org\/index.php?rest_route=\/wp\/v2\/types\/post"}],"author":[{"embeddable":true,"href":"https:\/\/ctainternacionales.org\/index.php?rest_route=\/wp\/v2\/users\/1"}],"replies":[{"embeddable":true,"href":"https:\/\/ctainternacionales.org\/index.php?rest_route=%2Fwp%2Fv2%2Fcomments&post=2531"}],"version-history":[{"count":1,"href":"https:\/\/ctainternacionales.org\/index.php?rest_route=\/wp\/v2\/posts\/2531\/revisions"}],"predecessor-version":[{"id":2534,"href":"https:\/\/ctainternacionales.org\/index.php?rest_route=\/wp\/v2\/posts\/2531\/revisions\/2534"}],"wp:attachment":[{"href":"https:\/\/ctainternacionales.org\/index.php?rest_route=%2Fwp%2Fv2%2Fmedia&parent=2531"}],"wp:term":[{"taxonomy":"category","embeddable":true,"href":"https:\/\/ctainternacionales.org\/index.php?rest_route=%2Fwp%2Fv2%2Fcategories&post=2531"},{"taxonomy":"post_tag","embeddable":true,"href":"https:\/\/ctainternacionales.org\/index.php?rest_route=%2Fwp%2Fv2%2Ftags&post=2531"}],"curies":[{"name":"wp","href":"https:\/\/api.w.org\/{rel}","templated":true}]}}