{"id":2528,"date":"2015-01-10T01:12:30","date_gmt":"2015-01-10T04:12:30","guid":{"rendered":"http:\/\/www.ctainternacionales.org\/?p=2528"},"modified":"2015-01-10T01:20:37","modified_gmt":"2015-01-10T04:20:37","slug":"cuba-primera-ronda-de-reuniones-con-eeuu-para-normalizar-relaciones-sera-el-21-de-enero-en-la-habana","status":"publish","type":"post","link":"https:\/\/ctainternacionales.org\/?p=2528","title":{"rendered":"Cuba: primera ronda de reuniones con EEUU para normalizar relaciones ser\u00e1 el 21 de enero en La Habana"},"content":{"rendered":"<p><a href=\"http:\/\/www.ctainternacionales.org\/wp-content\/uploads\/2015\/01\/images.jpeg\"><img loading=\"lazy\" decoding=\"async\" class=\"aligncenter size-full wp-image-2529\" src=\"http:\/\/www.ctainternacionales.org\/wp-content\/uploads\/2015\/01\/images.jpeg\" alt=\"images\" width=\"284\" height=\"177\" \/><\/a><\/p>\n<p>La primera ronda de reuniones entre Estados Unidos y Cuba para iniciar el proceso de normalizaci\u00f3n de sus relaciones diplom\u00e1ticas se realizar\u00e1 el 21 y 22 de enero en La Habana, inform\u00f3 la portavoz del Departamento de Estado, informan las agencias internacionales de prensa AFP y Reuters.<\/p>\n<p>La delegaci\u00f3n estadounidense estar\u00e1 encabezada por la subsecretaria de Estado para el Hemisferio Occidental, Roberta Jacobson, dijo la vocero Jen Psaki.<\/p>\n<p>Jacobson viajar\u00e1 a La Habana \u201caprovechando que ya hab\u00eda sido agendada para esa fecha una reuni\u00f3n para discutir asuntos migratorios con las autoridades cubanas. La decisi\u00f3n de restablecer relaciones diplom\u00e1ticas ser\u00e1 un asunto de esa reuni\u00f3n, as\u00ed como la reapertura de embajadas, arreglos de log\u00edstica, personal, visas y temas afines\u201d, a\u00f1adi\u00f3.<\/p>\n<p>Se trata, dijo la portavoz, de una oportunidad para iniciar el proceso de \u201cdiscutir asuntos espec\u00edficos, de conversar sobre detalles log\u00edsticos, de forma que por el momento no tenemos plazos determinados\u201d.<\/p>\n<p>Estados Unidos y Cuba anunciaron el 17 de diciembre pasado que iniciar\u00edan conversaciones para la normalizaci\u00f3n plena de las relaciones diplom\u00e1ticas.<\/p>\n<p>El acuerdo fue sellado definitivamente con una hist\u00f3rica conversaci\u00f3n telef\u00f3nica de casi una hora entre el presidente estadounidense, Barack Obama y el Jefe cubano de Estado, Ra\u00fal Castro.<\/p>\n","protected":false},"excerpt":{"rendered":"La primera ronda de reuniones entre Estados Unidos y Cuba para iniciar el proceso de normalizaci\u00f3n de sus relaciones diplom\u00e1ticas se realizar\u00e1 el \n<a class=\"moretag\" href=\"https:\/\/ctainternacionales.org\/?p=2528\"> [...]<\/a>","protected":false},"author":1,"featured_media":0,"comment_status":"closed","ping_status":"closed","sticky":false,"template":"","format":"standard","meta":{"ngg_post_thumbnail":0,"footnotes":""},"categories":[],"tags":[],"class_list":["post-2528","post","type-post","status-publish","format-standard","hentry"],"_links":{"self":[{"href":"https:\/\/ctainternacionales.org\/index.php?rest_route=\/wp\/v2\/posts\/2528","targetHints":{"allow":["GET"]}}],"collection":[{"href":"https:\/\/ctainternacionales.org\/index.php?rest_route=\/wp\/v2\/posts"}],"about":[{"href":"https:\/\/ctainternacionales.org\/index.php?rest_route=\/wp\/v2\/types\/post"}],"author":[{"embeddable":true,"href":"https:\/\/ctainternacionales.org\/index.php?rest_route=\/wp\/v2\/users\/1"}],"replies":[{"embeddable":true,"href":"https:\/\/ctainternacionales.org\/index.php?rest_route=%2Fwp%2Fv2%2Fcomments&post=2528"}],"version-history":[{"count":1,"href":"https:\/\/ctainternacionales.org\/index.php?rest_route=\/wp\/v2\/posts\/2528\/revisions"}],"predecessor-version":[{"id":2530,"href":"https:\/\/ctainternacionales.org\/index.php?rest_route=\/wp\/v2\/posts\/2528\/revisions\/2530"}],"wp:attachment":[{"href":"https:\/\/ctainternacionales.org\/index.php?rest_route=%2Fwp%2Fv2%2Fmedia&parent=2528"}],"wp:term":[{"taxonomy":"category","embeddable":true,"href":"https:\/\/ctainternacionales.org\/index.php?rest_route=%2Fwp%2Fv2%2Fcategories&post=2528"},{"taxonomy":"post_tag","embeddable":true,"href":"https:\/\/ctainternacionales.org\/index.php?rest_route=%2Fwp%2Fv2%2Ftags&post=2528"}],"curies":[{"name":"wp","href":"https:\/\/api.w.org\/{rel}","templated":true}]}}