{"id":2519,"date":"2015-01-05T14:51:53","date_gmt":"2015-01-05T17:51:53","guid":{"rendered":"http:\/\/www.ctainternacionales.org\/?p=2519"},"modified":"2015-01-05T15:06:14","modified_gmt":"2015-01-05T18:06:14","slug":"huelga-general-en-belgica-para-decir-no-a-las-medidas-de-austeridad","status":"publish","type":"post","link":"https:\/\/ctainternacionales.org\/?p=2519","title":{"rendered":"HUELGA GENERAL EN B\u00c9LGICA PARA DECIR \u201cNO\u201d A LAS MEDIDAS DE AUSTERIDAD"},"content":{"rendered":"<p><a href=\"http:\/\/www.ctainternacionales.org\/wp-content\/uploads\/2015\/01\/ap561797388176-a2b88.jpg\"><img loading=\"lazy\" decoding=\"async\" class=\"aligncenter size-thumbnail wp-image-2520\" src=\"http:\/\/www.ctainternacionales.org\/wp-content\/uploads\/2015\/01\/ap561797388176-a2b88-307x225.jpg\" alt=\"ap561797388176-a2b88\" width=\"307\" height=\"225\" \/><\/a><\/p>\n<p>Es de esperar que los trabajadores y trabajadoras belgas se sumen en masa a la huelga general convocada este lunes 15 de diciembre en todo el pa\u00eds, para protestar contra las medidas adoptadas por el Gobierno federal de centro-derecha y calificadas de \u201cantisociales\u201d.<!--more--><\/p>\n<p>epresenta el punto culminante de un mes y medio de acciones sindicales y de tres semanas de huelgas rotatorias a trav\u00e9s de las distintas regiones del pa\u00eds.<\/p>\n<p>Tras la investidura del nuevo ejecutivo belga el pasado 11 de octubre, los anuncios de recortes presupuestarios se han sucedido y el descontento va en aumento.<\/p>\n<p>De la salud a las prestaciones de desempleo, pasando por la cultura y el poder adquisitivo, la coalici\u00f3n liderada por el liberal franc\u00f3fono Charles Michel, y fuertemente marcada por la impronta de los nacionalistas flamencos de la NVA, r\u00e1pidamente se ha ganado detractores entres las filas del movimiento sindical, y entre la poblaci\u00f3n en general.<br \/>\nEn la l\u00ednea de mira de los huelguistas figuran prioritariamente las medidas que afectan al empleo y al poder adquisitivo.<\/p>\n<p>La indexaci\u00f3n salarial, una pr\u00e1ctica que consiste en ajustar los salarios y las prestaciones sociales en funci\u00f3n del coste de la vida, permitiendo as\u00ed a los ciudadanos preservar su poder adquisitivo, sobre todo en tiempos de crisis, ser\u00e1 suprimida durante un a\u00f1o. Las empresas afirman que esta pr\u00e1ctica representa un \u201ch\u00e1ndicap\u201d.<\/p>\n<p>La indexaci\u00f3n permiti\u00f3 concretamente que B\u00e9lgica evitase una bajada del poder adquisitivo durante la crisis, al contrario que la mayor\u00eda de los pa\u00edses de la UE.<\/p>\n<p>Aunque el Gobierno asegura que esta supresi\u00f3n (el denominado \u201csaut d\u2019index\u201d) ser\u00e1 \u201csocial\u201d porque no afectar\u00e1 a los ingresos m\u00e1s bajos, los trabajadores belgas, y por supuesto los sindicatos, no est\u00e1n en absoluto convencidos.<\/p>\n<p>C\u00e9line, 23 a\u00f1os, joven maestra de primaria en Bruselas, que apenas est\u00e1 en los inicios de su carrera profesional, hizo part\u00edcipe a Equal Times de sus inquietudes y las razones que la llevan a hacer huelga a pesar de la p\u00e9rdida salarial que ello supone:<\/p>\n<p>\u201cEl 8 de diciembre, no pude desplazarme hasta mi lugar de trabajo porque los transportes p\u00fablicos no funcionaban, pero este lunes 15 de diciembre, he decidido hacer huelga, porque me preocupa el hecho de que supriman la indexaci\u00f3n salarial y que el coste de la vida no pare de aumentar. \u00a1Esta supresi\u00f3n de indexaci\u00f3n penaliza a los trabajadores!<\/p>\n<p>\u201cComprendo que sea necesario trabajar m\u00e1s tiempo porque la esperanza de vida aumenta, pero no estoy de acuerdo con trabajar m\u00e1s para ganar menos\u201d, a\u00f1ade.<br \/>\nLa extensi\u00f3n de la edad de jubilaci\u00f3n hasta los 67 a\u00f1os es otro de los puntos que preocupa a los trabajadores, j\u00f3venes y menos j\u00f3venes, sobre todo en determinados oficios particularmente duros.<\/p>\n<p>\u201cEs comprensible que la edad de la pensi\u00f3n se atrase, pero no por ello resulta menos inquietante, teniendo en cuenta que apenas estoy empezando mi carrera profesional y me gustar\u00eda saber hasta qu\u00e9 edad tendr\u00e9 que trabajar. Los maestros y las maestras trabajamos en clases ya de por s\u00ed numerosas y que no paran de aumentar. Me cuesta trabajo imaginarme a los 65 a\u00f1os delante de una clase de 25 ni\u00f1os\u201d.<\/p>\n<p>Desempleados \u201cal servicio de la comunidad\u201d<\/p>\n<p>Los trabajadores a tiempo parcial, los trabajadores de m\u00e1s edad, o incluso los beneficiarios de prestaciones sociales, no escapar\u00e1n a las reformas del nuevo Gobierno, reformas \u201cque no har\u00e1n sino aumentar las desigualdades\u201d seg\u00fan estiman los sindicatos belgas.<\/p>\n<p>As\u00ed pues, algunos trabajadores a tiempo parcial que reciben de momento un complemento del paro ver\u00e1n dicho complemento limitado en el tiempo, medida que afecta principalmente a las mujeres, 88% seg\u00fan el partido Ecologista en la oposici\u00f3n.<\/p>\n<p>Si la reducci\u00f3n gradual de las subvenciones de desempleo hab\u00eda sido ya aprobada durante la anterior legislatura, provocando la c\u00f3lera de los sindicatos, este Gobierno ha introducido una nueva medida altamente controvertida: el servicio a la comunidad de los parados tras dos a\u00f1os de percibir una indemnizaci\u00f3n, a raz\u00f3n de medio d\u00eda por semana y con riesgo de suspensi\u00f3n de las subvenciones si la \u201coferta\u201d fuese rechazada por el parado, como indica el acuerdo del Gobierno.<\/p>\n<p>Una reforma que provoca descontento, y no s\u00f3lo a la izquierda. Un estudio del Instituto de estudios econ\u00f3micos y sociales de la UCL denunci\u00f3 ya los efectos negativos de tal medida en el mes de septiembre.<br \/>\nAunque est\u00e1 previsto un seguimiento masivo de la acci\u00f3n de huelga este lunes, una buena parte de la sociedad belga se declara totalmente en contra.<\/p>\n<p>Testimonio de ello es una p\u00e1gina Facebook dedicada a todos aquellos que ir\u00e1n a trabajar el 15 de diciembre que ha recibido m\u00e1s de 34.000 \u201clikes\u201d y una enorme publicidad en los medios de comunicaci\u00f3n belgas.<\/p>\n<p>Creada por Nicolas Degrave, director de empresa, re\u00fane esencialmente a independientes que consideran que las huelgas \u201ctoman como reh\u00e9n al empleo\u201d y resultan perjudiciales para el crecimiento econ\u00f3mico.<\/p>\n<p>Para los que se oponen a la huelga, hay que \u201cdar una oportunidad\u201d al nuevo Gobierno para que \u201cdemuestre su eficacia\u201d, seg\u00fan podemos leer en la p\u00e1gina y en la prensa citando a Nicolas Degrave.<\/p>\n<p>Los \u201cpro-huelga\u201d no tardaron en replicar virtualmente a trav\u00e9s de p\u00e1ginas Facebook o en Twitter, donde los debates se multiplican entre los dos bandos.<\/p>\n<p>Une confrontaci\u00f3n que deplora nuestra joven maestra, que nos conf\u00eda al finalizar nuestra entrevista que \u201cno es as\u00ed como conseguiremos que el Gobierno nos escuche\u201d.<\/p>\n<p>&nbsp;<\/p>\n","protected":false},"excerpt":{"rendered":"Es de esperar que los trabajadores y trabajadoras belgas se sumen en masa a la huelga general convocada este lunes 15 de diciembre \n<a class=\"moretag\" href=\"https:\/\/ctainternacionales.org\/?p=2519\"> [...]<\/a>","protected":false},"author":1,"featured_media":0,"comment_status":"closed","ping_status":"closed","sticky":false,"template":"","format":"standard","meta":{"ngg_post_thumbnail":0,"footnotes":""},"categories":[],"tags":[],"class_list":["post-2519","post","type-post","status-publish","format-standard","hentry"],"_links":{"self":[{"href":"https:\/\/ctainternacionales.org\/index.php?rest_route=\/wp\/v2\/posts\/2519","targetHints":{"allow":["GET"]}}],"collection":[{"href":"https:\/\/ctainternacionales.org\/index.php?rest_route=\/wp\/v2\/posts"}],"about":[{"href":"https:\/\/ctainternacionales.org\/index.php?rest_route=\/wp\/v2\/types\/post"}],"author":[{"embeddable":true,"href":"https:\/\/ctainternacionales.org\/index.php?rest_route=\/wp\/v2\/users\/1"}],"replies":[{"embeddable":true,"href":"https:\/\/ctainternacionales.org\/index.php?rest_route=%2Fwp%2Fv2%2Fcomments&post=2519"}],"version-history":[{"count":3,"href":"https:\/\/ctainternacionales.org\/index.php?rest_route=\/wp\/v2\/posts\/2519\/revisions"}],"predecessor-version":[{"id":2523,"href":"https:\/\/ctainternacionales.org\/index.php?rest_route=\/wp\/v2\/posts\/2519\/revisions\/2523"}],"wp:attachment":[{"href":"https:\/\/ctainternacionales.org\/index.php?rest_route=%2Fwp%2Fv2%2Fmedia&parent=2519"}],"wp:term":[{"taxonomy":"category","embeddable":true,"href":"https:\/\/ctainternacionales.org\/index.php?rest_route=%2Fwp%2Fv2%2Fcategories&post=2519"},{"taxonomy":"post_tag","embeddable":true,"href":"https:\/\/ctainternacionales.org\/index.php?rest_route=%2Fwp%2Fv2%2Ftags&post=2519"}],"curies":[{"name":"wp","href":"https:\/\/api.w.org\/{rel}","templated":true}]}}