{"id":2512,"date":"2014-12-22T14:44:42","date_gmt":"2014-12-22T17:44:42","guid":{"rendered":"http:\/\/www.ctainternacionales.org\/?p=2512"},"modified":"2014-12-22T14:44:42","modified_gmt":"2014-12-22T17:44:42","slug":"declaracion-de-lima-cumbre-de-los-pueblos-frente-al-cambio-climatico","status":"publish","type":"post","link":"https:\/\/ctainternacionales.org\/?p=2512","title":{"rendered":"Declaraci\u00f3n de Lima Cumbre de los Pueblos frente al Cambio Clim\u00e1tico"},"content":{"rendered":"<p style=\"text-align: justify;\"><a href=\"http:\/\/www.ctainternacionales.org\/wp-content\/uploads\/2014\/12\/Unknown-1.jpeg\"><img loading=\"lazy\" decoding=\"async\" class=\"aligncenter size-full wp-image-2513\" src=\"http:\/\/www.ctainternacionales.org\/wp-content\/uploads\/2014\/12\/Unknown-1.jpeg\" alt=\"Unknown-1\" width=\"275\" height=\"183\" \/><\/a><\/p>\n<p style=\"text-align: justify;\">\n<p style=\"text-align: justify;\">\nLima, 11 de diciembre de 2014<\/p>\n<p style=\"text-align: justify;\">La Cumbre de los Pueblos frente al Cambio Clim\u00e1tico, realizada en Lima del 8 al 11 de diciembre de 2014, es expresi\u00f3n de los procesos de movilizaci\u00f3n y resistencia emprendidos por una diversidad de organizaciones, movimientos, plataformas, redes y colectivos sociales, sindicales, de mujeres, campesinos, ind\u00edgenas, juveniles, ambientalistas, religiosos, art\u00edsticos y culturales peruanos e internacionales. Nos reunimos para seguir debatiendo y compartiendo las m\u00faltiples formas de lucha y resistencia, por la construcci\u00f3n de la justicia social, contra el sistema capitalista patriarcal, racista y homof\u00f3bico, por el respeto de las diversas formas de vida, sin explotaci\u00f3n ni expoliaci\u00f3n de los bienes de la naturaleza, por la capacidad de los pueblos de decidir sobre sus fuentes de energ\u00eda, comunitaria, por la reducci\u00f3n de las desigualdades sociales as\u00ed como promover el Buen Vivir como modelo de vida en armon\u00eda con la Naturaleza y la Madre Tierra.<\/p>\n<p style=\"text-align: justify;\">El capital busca hacer frente a su crisis sist\u00e9mica imponiendo la captura el agua, el saqueo de los territorios y el patrimonio natural, la depredaci\u00f3n, la producci\u00f3n de combustibles f\u00f3siles, la mayor explotaci\u00f3n de los trabajadores y trabajadoras, la represi\u00f3n de los movimientos sociales y la violencia f\u00edsica y psicol\u00f3gica, aumenta m\u00faltiples formas de criminalizaci\u00f3n de las luchas, de los pueblos, de militarizaci\u00f3n y control territorial. Todo esto es alentado por las corporaciones medi\u00e1ticas. Adem\u00e1s, a esta realidad hay que sumarle la captura de los Estados y de sus burocracias por el poder econ\u00f3mico, el pago de las deudas injustas y corruptas, y una diversidad de hechos que benefician exclusivamente a los verdaderos poderes tras los gobiernos de turno, d\u00f3ciles al mandato de las empresas nacionales y las grandes corporaciones transnacionales y sus operadores pol\u00edticos.<\/p>\n<p style=\"text-align: justify;\">En esta coyuntura la Cumbre de los Pueblos representa la voz de los sectores explotados y oprimidos del mundo, de los marginados por un sistema econ\u00f3mico y cultural que los subordina a los sectores racistas, fundamentalistas, machistas y patronales que se benefician del modelo capitalista. En este momento crucial que atraviesa la humanidad, en el que el grav\u00edsimo cambio clim\u00e1tico que sufrimos exige acciones urgentes de parte de la sociedad global, demandamos a los Gobiernos y al Sistema de Naciones Unidas reunido en la COP 20 la adopci\u00f3n de acuerdos que respeten y valoricen la vida de los pueblos originarios, campesinos y urbanos, y que promuevan la preservaci\u00f3n de la biodiversidad global. Rechazamos cualquier mecanismo de mercado que se plantee como soluci\u00f3n a los problemas clim\u00e1ticos y ambientales.<\/p>\n<p style=\"text-align: justify;\">Quienes nos reunimos en esta cumbre, recogemos y hacemos parte de procesos de luchas anteriores que se han tejido en nuestros pueblos, y llegamos a este momento con esa fuerza y construcci\u00f3n colectiva. A partir de ello expresamos y demandamos:<\/p>\n<p style=\"text-align: justify;\">A los Gobiernos del mundo que respeten nuestros territorios, derechos y modos de vida, nuestras culturas, costumbres y cosmovisiones sobre la vida y el mundo que habitamos. Denunciamos la explotaci\u00f3n de nuestros recursos naturales y territorios por parte de las industrias extractivas, que afectan nuestras formas de sustento, nuestra fuente de identidad y la relaci\u00f3n armoniosa de nuestras comunidades con la Madre Tierra. Demandamos el reconocimiento de la propiedad territorial de las comunidades que tradicionalmente han vivido en sus tierras. No aceptamos el control externo de los territorios, ni los procesos de negociaci\u00f3n e implementaci\u00f3n de las falsas soluciones al clima. Los Gobiernos deben tener como eje central el respeto de nuestras formas de vida ancestrales y el reconocimiento a nuestra autodeterminaci\u00f3n como naciones y pueblos originarios.<\/p>\n<p style=\"text-align: justify;\">Asimismo, aclaramos que el conjunto de iniciativas orientadas a revertir la destructiva tendencia clim\u00e1tica hacia la que ha sido conducido nuestro planeta, deben considerar las responsabilidades hist\u00f3ricas de los pa\u00edses desarrollados y el reconocimiento y reparaci\u00f3n de la deuda hist\u00f3rica y ecol\u00f3gica que tienen con el Sur global. En particular, las corporaciones transnacionales de capital privado de los pa\u00edses desarrollados deben ser responsabilizadas por sus acciones y pr\u00e1cticas a nivel global. Exigimos plena justicia en los casos de contaminaci\u00f3n por parte de Newmont, Doeran en Per\u00fa, y la Chevron-Texaco, entre otras, la cual en su paso por la Amazon\u00eda dej\u00f3 como legado uno de los mayores ecocidios de la historia del planeta.<\/p>\n<p style=\"text-align: justify;\">A los Gobiernos y empresas les exigimos aceptar y respetar nuestro derecho humano a un trabajo digno, con pleno ejercicio de los derechos individuales y colectivos, y que se garantice un proceso de transici\u00f3n justa en un mundo que nos permita mejorar la calidad de vida. Demandamos garant\u00edas al acceso universal a los sistemas de protecci\u00f3n y seguridad social, el respeto de nuestra libertad sindical y a una repartici\u00f3n justa y equitativa de la riqueza producida con nuestro trabajo y conocimientos.<br \/>\nConsideramos que ninguna acci\u00f3n para enfrentar el cambio clim\u00e1tico ser\u00e1 eficiente o viable si no se promueve con pol\u00edticas p\u00fablicas efectivas a favor de la peque\u00f1a agricultura familiar y campesina, la reforma agraria, la soberan\u00eda y seguridad alimentaria de nuestros pueblos, la producci\u00f3n auto sustentable, con base agroecol\u00f3gica, aut\u00f3ctona y libre de transg\u00e9nicos y agrot\u00f3xicos, orientada al consumo humano y a la preservaci\u00f3n de nuestra biodiversidad. Creemos que para avanzar hacia un mundo justo y una econom\u00eda local, solidaria, cooperativa, feminista y comunal, es fundamental reconocer el derecho humano a la alimentaci\u00f3n, as\u00ed como el gran aporte de la agricultura familiar campesina, que contribuye con m\u00e1s del 70% de la alimentaci\u00f3n del mundo. Exigimos frenar la producci\u00f3n y expansi\u00f3n de los agrocombustibles, que promueven la deforestaci\u00f3n, erosi\u00f3n de las tierras, contaminaci\u00f3n de las fuentes del agua y aire, y significan una forma de recolonizaci\u00f3n territorial.<\/p>\n<p style=\"text-align: justify;\">Como expresi\u00f3n de esta estrategia del capital, en los \u00faltimos a\u00f1os se han agudizado los procesos de privatizaci\u00f3n, mercantilizaci\u00f3n y financiarizaci\u00f3n de la naturaleza, expresados en los principios de la econom\u00eda verde, que nos presenta las falsas soluciones a la crisis clim\u00e1tica. Algunas de ellas son: Mecanismos de Desarrollo Limpio (MDL), proyectos de Reducci\u00f3n de Emisiones por Deforestaci\u00f3n y Degradaci\u00f3n de los bosques (REDD), transg\u00e9nicos, agrocombustibles, geoingenier\u00eda, megaproyectos hidroel\u00e9ctricos, centrales nucleares, fractura hidr\u00e1ulica (\u201cfracking\u201d), agricultura clim\u00e1ticamente inteligente.<\/p>\n<p style=\"text-align: justify;\">La estrategia del capital pasa tambi\u00e9n por lo que llamamos arquitectura de la impunidad de las corporaciones transnacionales y gobiernos, a trav\u00e9s de los tratados de libre comercio y protecci\u00f3n de inversiones, entre otros, que pretenden privatizar servicios esenciales como el agua, la educaci\u00f3n, salud y vivienda, y atentan contra los derechos humanos de trabajadores y de los pueblos. La Cumbre de los Pueblos rechaza todas estas estrategias del capital.<br \/>\nComo expresamos antes, denunciamos el sistema capitalista-patriarcal que sostiene la opresi\u00f3n y control sobre el cuerpo, el trabajo y la vida de las mujeres, promueve la violencia sexual y la trata, las margina de diversos \u00e1mbitos de la vida social y p\u00fablica. Es necesario transitar hacia otra divisi\u00f3n social del trabajo, que elimine la subordinaci\u00f3n del trabajo femenino, que no invisibilice el trabajo del cuidado que hace posible la reproducci\u00f3n social ni lo subordine a los mandatos del mercado. Exigimos un cambio radical que reconozca el trabajo reproductivo como la base de la sustentabilidad humana y de las relaciones entre las personas y comunidades. Todas las alternativas deben incorporar la perspectiva feminista y promover una relaci\u00f3n m\u00e1s justa entre hombres y mujeres.<\/p>\n<p style=\"text-align: justify;\">Abogamos por la promoci\u00f3n de un consumo responsable y no alienado, basado en la adopci\u00f3n de h\u00e1bitos y pautas de consumo saludables, y de acuerdo con la necesidad humana, no sujeta a la ambici\u00f3n del capital. Un consumo que no contribuya a la contaminaci\u00f3n ambiental ni al cambio clim\u00e1tico. Alentamos el uso responsable de los recursos vitales, el reciclado y el manejo sustentable de los residuos s\u00f3lidos. Nos comprometemos a promover la conciencia ciudadana respecto a las acciones que podemos llevar adelante individual y colectivamente para avanzar hacia un mundo m\u00e1s justo.<\/p>\n<p style=\"text-align: justify;\">Los Estados deben tomar decisiones y medidas inmediatas de protecci\u00f3n, conservaci\u00f3n o restauraci\u00f3n de las cuencas, los ecosistemas, las altas monta\u00f1as, bofedales, humedales, p\u00e1ramos, estepas, bosques, acu\u00edferos, lagos, r\u00edos, manantiales, zonas marinas costeras, que alimentan a la Madre Tierra. Esos ecosistemas y fuentes de agua son afectados por las actividades de las industrias extractivas, como la minera, petrolera, carbon\u00edfera y gas\u00edfera, por las talas de \u00e1rboles y el arrojo de desechos, entre otras causas. Se debe garantizar el derecho humano al agua y al saneamiento, en igualdad de condiciones, acceso y salubridad. Esto s\u00f3lo se puede garantizar con empresas p\u00fablicas en manos p\u00fablicas.<\/p>\n<p style=\"text-align: justify;\">La Cumbre de los Pueblos cuestiona la incoherencia del Gobierno peruano en su calidad de presidente de la COP 20. Por las pol\u00edticas ambientales, laborales y tributarias adoptadas recientemente a favor de la inversi\u00f3n privada rebajando est\u00e1ndares y regulaciones que afectan derechos colectivos, ambientales y culturales. Denunciamos la represi\u00f3n que sufren representantes ind\u00edgenas, dirigentes sindicales y campesinos, activistas ambientales, as\u00ed como los hostigamientos a delegaciones que arribaron a la Cumbre de los Pueblos desde diversas regiones del pa\u00eds y el exterior.<\/p>\n<p style=\"text-align: justify;\">La Cumbre de los Pueblos cuestiona la captura corporativa de la Convenci\u00f3n Marco de Naciones Unidas sobre Cambio Clim\u00e1tico. Las grandes corporaciones transnacionales \u201ca compa\u00f1an\u201d a los gobiernos en las negociaciones globales para acordar medidas que tienen por \u00fanico fin limpiar de responsabilidades a los pa\u00edses industrializados por sus emisiones de gases de efecto invernadero y por ser los principales responsables del cambio clim\u00e1tico. Exigimos que los pagos por servicios de la deuda externa e interna \u2013 que ahogan a los pueblos y limitan la capacidad de los Estados para atender necesidades b\u00e1sicas de las poblaciones \u2013, se destinen a hacer frente a la crisis ambiental y clim\u00e1tica, porque de ello depende la sobrevivencia de la Humanidad y todas las especies vivas del planeta.<\/p>\n<p style=\"text-align: justify;\">La Cumbre de los Pueblos saluda la movilizaci\u00f3n comprometida y entusiasta de las decenas de miles de ciudadanos y ciudadanas de todo el mundo que participaron de la Gran Marcha Global en Defensa de la Madre Tierra (10\/Dic) en Lima y en otras ciudades del planeta. Esta gran concentraci\u00f3n de organizaciones, movimientos y delegaciones del Per\u00fa y numeros\u00edsimos pa\u00edses es la expresi\u00f3n m\u00e1s clara de la posici\u00f3n de los pueblos a favor de un mundo justo y democr\u00e1tico, que garantice la armon\u00eda entre la existencia humana y los derechos de la Naturaleza y la Madre Tierra.<\/p>\n<p style=\"text-align: justify;\">Seguiremos fortaleciendo la articulaci\u00f3n de nuestras luchas, de forma activa y permanente en las m\u00faltiples movilizaciones del 2015, con un especial momento de activismo en Par\u00eds, Francia, donde se llevar\u00e1 a cabo la COP 21. Desde ya los movimientos sociales del mundo nos preparamos para dar continuidad a las luchas desde nuestros territorios en defensa de la vida, hasta que nuestras exigencias sean atendidas. Seguiremos en lucha hasta cambiar el sistema\u2026 No el Clima.<\/p>\n<p style=\"text-align: justify;\">Cumbre de los Pueblos<br \/>\nLima 11 de diciembre 2014<\/p>\n","protected":false},"excerpt":{"rendered":"Lima, 11 de diciembre de 2014 La Cumbre de los Pueblos frente al Cambio Clim\u00e1tico, realizada en Lima del 8 al 11 de \n<a class=\"moretag\" href=\"https:\/\/ctainternacionales.org\/?p=2512\"> [...]<\/a>","protected":false},"author":1,"featured_media":0,"comment_status":"closed","ping_status":"closed","sticky":false,"template":"","format":"standard","meta":{"ngg_post_thumbnail":0,"footnotes":""},"categories":[],"tags":[],"class_list":["post-2512","post","type-post","status-publish","format-standard","hentry"],"_links":{"self":[{"href":"https:\/\/ctainternacionales.org\/index.php?rest_route=\/wp\/v2\/posts\/2512","targetHints":{"allow":["GET"]}}],"collection":[{"href":"https:\/\/ctainternacionales.org\/index.php?rest_route=\/wp\/v2\/posts"}],"about":[{"href":"https:\/\/ctainternacionales.org\/index.php?rest_route=\/wp\/v2\/types\/post"}],"author":[{"embeddable":true,"href":"https:\/\/ctainternacionales.org\/index.php?rest_route=\/wp\/v2\/users\/1"}],"replies":[{"embeddable":true,"href":"https:\/\/ctainternacionales.org\/index.php?rest_route=%2Fwp%2Fv2%2Fcomments&post=2512"}],"version-history":[{"count":1,"href":"https:\/\/ctainternacionales.org\/index.php?rest_route=\/wp\/v2\/posts\/2512\/revisions"}],"predecessor-version":[{"id":2515,"href":"https:\/\/ctainternacionales.org\/index.php?rest_route=\/wp\/v2\/posts\/2512\/revisions\/2515"}],"wp:attachment":[{"href":"https:\/\/ctainternacionales.org\/index.php?rest_route=%2Fwp%2Fv2%2Fmedia&parent=2512"}],"wp:term":[{"taxonomy":"category","embeddable":true,"href":"https:\/\/ctainternacionales.org\/index.php?rest_route=%2Fwp%2Fv2%2Fcategories&post=2512"},{"taxonomy":"post_tag","embeddable":true,"href":"https:\/\/ctainternacionales.org\/index.php?rest_route=%2Fwp%2Fv2%2Ftags&post=2512"}],"curies":[{"name":"wp","href":"https:\/\/api.w.org\/{rel}","templated":true}]}}