{"id":2503,"date":"2014-12-15T12:22:01","date_gmt":"2014-12-15T15:22:01","guid":{"rendered":"http:\/\/www.ctainternacionales.org\/?p=2503"},"modified":"2014-12-15T12:22:13","modified_gmt":"2014-12-15T15:22:13","slug":"la-cta-en-el-consejo-ejecutivo-de-la-confederacion-sindical-internacional","status":"publish","type":"post","link":"https:\/\/ctainternacionales.org\/?p=2503","title":{"rendered":"LA CTA en el Consejo Ejecutivo de la Confederaci\u00f3n Sindical Internacional"},"content":{"rendered":"<p><a href=\"http:\/\/www.ctainternacionales.org\/wp-content\/uploads\/2014\/07\/Fito.jpg\"><img loading=\"lazy\" decoding=\"async\" class=\"aligncenter size-thumbnail wp-image-2252\" src=\"http:\/\/www.ctainternacionales.org\/wp-content\/uploads\/2014\/07\/Fito-307x230.jpg\" alt=\"Fito\" width=\"307\" height=\"230\" \/><\/a>La CTA participar\u00e1 por primera vez en el Consejo Ejecutivo de la Confederaci\u00f3n Sindical Internacional. Adolfo \u00abFito\u00bb Aguirre se encuentra en Bruselas, B\u00e9lgica, en la reuni\u00f3n donde se realizan las evaluaciones de la situaci\u00f3n continental del sindicalismo como tambi\u00e9n de las nuevas estrategias y los lineamientos a partir de conservar el registro de todo lo tratado.<\/p>\n<p><!--more--><\/p>\n<p>Esta reuni\u00f3n que se realiza en forma anual es de suma importancia, no s\u00f3lo para la CSI sino tambi\u00e9n para la CTA, ya que es la primera vez que \u00e9sta participa de dicho espacio. Espacio que fue logrado a partir de la gesti\u00f3n de la Secretar\u00eda de Relaciones Internacionales y el reconocimiento de la CTA en el mundo.<\/p>\n<p>\u00abNuestra estrategia es la de llevar las propuestas desde la clase trabajadora aut\u00f3noma y clasista que no s\u00f3lo demanda, sino que a partir de sus propias acciones y su organizaci\u00f3n, da innumerables respuestas a las necesidades del campo popular y de la clase trabajadora organizada\u00bb, declar\u00f3 Aguirre.<\/p>\n<p>Tambi\u00e9n en dicho encuentro se armar\u00e1 una agenda internacional con las principales necesidades del mundo sindical, como as\u00ed tambi\u00e9n desde la Central, se realizar\u00e1 una agenda para el 2015 con el objetivo de trabajar en forma bilateral con las centrales de Espa\u00f1a, B\u00e9lgica, Corea del sur, Sud\u00e1frica, entre otras, ademas de seguir estrechando fuerzas con las centrales de Am\u00e9rica y del Caribe.<\/p>\n<p>&nbsp;<\/p>\n","protected":false},"excerpt":{"rendered":"La CTA participar\u00e1 por primera vez en el Consejo Ejecutivo de la Confederaci\u00f3n Sindical Internacional. Adolfo \u00abFito\u00bb Aguirre se encuentra en Bruselas, B\u00e9lgica, \n<a class=\"moretag\" href=\"https:\/\/ctainternacionales.org\/?p=2503\"> [...]<\/a>","protected":false},"author":1,"featured_media":0,"comment_status":"closed","ping_status":"closed","sticky":false,"template":"","format":"standard","meta":{"ngg_post_thumbnail":0,"footnotes":""},"categories":[],"tags":[],"class_list":["post-2503","post","type-post","status-publish","format-standard","hentry"],"_links":{"self":[{"href":"https:\/\/ctainternacionales.org\/index.php?rest_route=\/wp\/v2\/posts\/2503","targetHints":{"allow":["GET"]}}],"collection":[{"href":"https:\/\/ctainternacionales.org\/index.php?rest_route=\/wp\/v2\/posts"}],"about":[{"href":"https:\/\/ctainternacionales.org\/index.php?rest_route=\/wp\/v2\/types\/post"}],"author":[{"embeddable":true,"href":"https:\/\/ctainternacionales.org\/index.php?rest_route=\/wp\/v2\/users\/1"}],"replies":[{"embeddable":true,"href":"https:\/\/ctainternacionales.org\/index.php?rest_route=%2Fwp%2Fv2%2Fcomments&post=2503"}],"version-history":[{"count":1,"href":"https:\/\/ctainternacionales.org\/index.php?rest_route=\/wp\/v2\/posts\/2503\/revisions"}],"predecessor-version":[{"id":2504,"href":"https:\/\/ctainternacionales.org\/index.php?rest_route=\/wp\/v2\/posts\/2503\/revisions\/2504"}],"wp:attachment":[{"href":"https:\/\/ctainternacionales.org\/index.php?rest_route=%2Fwp%2Fv2%2Fmedia&parent=2503"}],"wp:term":[{"taxonomy":"category","embeddable":true,"href":"https:\/\/ctainternacionales.org\/index.php?rest_route=%2Fwp%2Fv2%2Fcategories&post=2503"},{"taxonomy":"post_tag","embeddable":true,"href":"https:\/\/ctainternacionales.org\/index.php?rest_route=%2Fwp%2Fv2%2Ftags&post=2503"}],"curies":[{"name":"wp","href":"https:\/\/api.w.org\/{rel}","templated":true}]}}