{"id":2491,"date":"2014-12-10T12:59:39","date_gmt":"2014-12-10T15:59:39","guid":{"rendered":"http:\/\/www.ctainternacionales.org\/?p=2491"},"modified":"2014-12-10T13:00:03","modified_gmt":"2014-12-10T16:00:03","slug":"peru-la-cta-en-la-20a-conferencia-de-cambio-climatico","status":"publish","type":"post","link":"https:\/\/ctainternacionales.org\/?p=2491","title":{"rendered":"PERU- La CTA en la 20\u00aa conferencia de Cambio Clim\u00e1tico"},"content":{"rendered":"<p style=\"text-align: justify;\"><a href=\"http:\/\/www.ctainternacionales.org\/wp-content\/uploads\/2014\/08\/cambio-climatico.jpg\"><img loading=\"lazy\" decoding=\"async\" class=\"aligncenter size-thumbnail wp-image-2342\" src=\"http:\/\/www.ctainternacionales.org\/wp-content\/uploads\/2014\/08\/cambio-climatico-307x201.jpg\" alt=\"cambio-climatico\" width=\"307\" height=\"201\" \/><\/a>La CTA se encuentra en la 20\u00aa conferencia de Cambio Clim\u00e1tico con una delegaci\u00f3n integrada por Joaquin Turco y Maite Llanos de la secretaria de Internacionales de la CTA,\u00a0<span style=\"color: #414042;\">Alicia Coca (Sitosplad-CTA) y Diego Ledesma Presidente de la UST.\u00a0<\/span><\/p>\n<p style=\"text-align: justify;\">Antes de abordar la \u00faltima semana de la 20\u00aa Conferencia de las Partes sobre Cambio Clim\u00e1tico, durante el fin de semana tuvimos una agenda bastante intensa.<!--more--><\/p>\n<p style=\"text-align: justify;\">Por la ma\u00f1ana, en la habitual reuni\u00f3n de coordinaci\u00f3n sindical, nuestr@s compa\u00f1er@s que ya se encontraban en Lima comentaron distintos encuentros con negociadores, y con la secretaria de la Convenci\u00f3n.<\/p>\n<p style=\"text-align: justify;\">El balance tiene luces y sombras. La lenta capitalizaci\u00f3n del Fondo Verde del Clima, aunque todav\u00eda existan incertidumbres con relaci\u00f3n a como se va distribuir el dinero, result\u00f3 una de las novedades positivas.<\/p>\n<p style=\"text-align: justify;\">Con relaci\u00f3n al texto que se est\u00e1 trabajando en el \u00e1mbito del ADP para conformar el nuevo Protocolo que deber\u00e1 ser firmado en Par\u00eds en 2015, las visiones son distintas.<\/p>\n<p style=\"text-align: justify;\">Por un lado, algunos negociadores como el jefe de delegaci\u00f3n Brasilero, expresaron optimismo respecto al trabajo llevado hasta el momento, mientras que otros fueron m\u00e1s cautos, especialmente porque el documento sigue abierto a la discusi\u00f3n y se advierten muchas posiciones encontradas.<\/p>\n<p style=\"text-align: justify;\">Nuevamente muchos de los pa\u00edses en desarrollo apoyaron que se incorporen referencias a los principios y disposiciones de la Convenci\u00f3n y en especial, que el nuevo acuerdo mantenga la divisi\u00f3n de pa\u00edses Desarrollados \/En Desarrollo. Esto fue rechazado por Jap\u00f3n y EEUU por lo cual sigue sin definirse.<\/p>\n<p style=\"text-align: justify;\">A esta altura, es importante tener en cuenta que el contenido del documento que se est\u00e1 negociando es especialmente d\u00e9bil con relaci\u00f3n a las cuestiones que hacen al mundo del trabajo y no incluye el concepto de Transici\u00f3n Justa (TJ).<\/p>\n<p style=\"text-align: justify;\">Esta situaci\u00f3n muestra un avance nulo con relaci\u00f3n a Varsovia en las cuestiones sociales y nos pone en una situaci\u00f3n dif\u00edcil, debido al escaso tiempo de maniobra con el que contamos para conseguir que, alguna de las Partes, haga suyo nuestro reclamo y lo plantee a alguno de los co-Presidentes del ADP. En este sentido y teniendo en cuenta que la semana entrante se renuevan los Presidentes del grupo, el compromiso asumido por todos fue el de contactar a los negociadores de nuestros pa\u00edses y requerirles que les planteen a las nuevas autoridades, la necesidad de incluir del concepto de TJ en el nuevo texto.<\/p>\n<p style=\"text-align: justify;\">Las actividades de la delegaci\u00f3n durante el s\u00e1bado continuaron con un encuentro con representantes de ONGs para evaluar la posibilidad que existe para que Sindicatos y esas Organizaciones, coordinen esfuerzos en la b\u00fasqueda de mejores condiciones de trabajo en empresas de energ\u00edas renovables.<\/p>\n<p style=\"text-align: justify;\">Fue un encuentro interesante donde se pudieron comprobar los distintos enfoques con que las ONG abordan el tema.<\/p>\n<p style=\"text-align: justify;\">Finalmente durante el domingo, junto a todos los integrantes de la delegaci\u00f3n sindical internacional, se plantearon y expusieron las distintas estrategias que se est\u00e1n llevando adelante para abordar la problem\u00e1tica del cambio clim\u00e1tico y l@s Compa\u00f1er@s de las centrales Francesas, nos informaron como estaban coordinando y delineando, junto a otras organizaciones de la Sociedad Civil, las actividades que los Sindicatos realizaremos, con esas organizaciones, durante la COP 21 de Par\u00eds.<\/p>\n<p style=\"text-align: justify;\">A horas de comenzar el \u00faltimo tramo de la Conferencia y con las autoridades nacionales en viaje hacia Lima para comenzar lo que se denomina \u201cSegmento de alto nivel\u201d (El tramo m\u00e1s pol\u00edtico de la Conferencia), recordamos que hace doce meses, junto a otros miembros de la Sociedad Civil nos retir\u00e1bamos de Varsovia (COP 19) porque ve\u00edamos que la inacci\u00f3n de los pa\u00edses no pod\u00eda ser legitimada con nuestra presencia.<\/p>\n<p style=\"text-align: justify;\">Hoy en Per\u00fa, a pocos d\u00edas de cerrar la COP seguimos frente a un documento d\u00e9bil y abierto, donde la falta de contenido social del texto de negociaci\u00f3n no es m\u00e1s que el reflejo de la visi\u00f3n miope y reduccionista con la que la Convenci\u00f3n enfoca la problem\u00e1tica del Cambio Clim\u00e1tico, simplific\u00e1ndola a un mero flujo de energ\u00eda o una cuesti\u00f3n termodin\u00e1mica, aisl\u00e1ndola del contexto social donde se manifiesta.<\/p>\n<p style=\"text-align: justify;\">Esto, sumado al trato especial que est\u00e1 teniendo el grupo que aglutina a los empresarios, sigue evidenciando la influencia de los grupos econ\u00f3micos en la toma de decisiones, por lo cual, la omisi\u00f3n de las cuestiones sociales \u00bfpodr\u00eda ser una estrategia de legitimar nuevos ajustes sociales, ampar\u00e1ndose en la problem\u00e1tica del cambio clim\u00e1tico?<\/p>\n","protected":false},"excerpt":{"rendered":"La CTA se encuentra en la 20\u00aa conferencia de Cambio Clim\u00e1tico con una delegaci\u00f3n integrada por Joaquin Turco y Maite Llanos de la \n<a class=\"moretag\" href=\"https:\/\/ctainternacionales.org\/?p=2491\"> [...]<\/a>","protected":false},"author":1,"featured_media":0,"comment_status":"closed","ping_status":"closed","sticky":false,"template":"","format":"standard","meta":{"ngg_post_thumbnail":0,"footnotes":""},"categories":[],"tags":[],"class_list":["post-2491","post","type-post","status-publish","format-standard","hentry"],"_links":{"self":[{"href":"https:\/\/ctainternacionales.org\/index.php?rest_route=\/wp\/v2\/posts\/2491","targetHints":{"allow":["GET"]}}],"collection":[{"href":"https:\/\/ctainternacionales.org\/index.php?rest_route=\/wp\/v2\/posts"}],"about":[{"href":"https:\/\/ctainternacionales.org\/index.php?rest_route=\/wp\/v2\/types\/post"}],"author":[{"embeddable":true,"href":"https:\/\/ctainternacionales.org\/index.php?rest_route=\/wp\/v2\/users\/1"}],"replies":[{"embeddable":true,"href":"https:\/\/ctainternacionales.org\/index.php?rest_route=%2Fwp%2Fv2%2Fcomments&post=2491"}],"version-history":[{"count":2,"href":"https:\/\/ctainternacionales.org\/index.php?rest_route=\/wp\/v2\/posts\/2491\/revisions"}],"predecessor-version":[{"id":2493,"href":"https:\/\/ctainternacionales.org\/index.php?rest_route=\/wp\/v2\/posts\/2491\/revisions\/2493"}],"wp:attachment":[{"href":"https:\/\/ctainternacionales.org\/index.php?rest_route=%2Fwp%2Fv2%2Fmedia&parent=2491"}],"wp:term":[{"taxonomy":"category","embeddable":true,"href":"https:\/\/ctainternacionales.org\/index.php?rest_route=%2Fwp%2Fv2%2Fcategories&post=2491"},{"taxonomy":"post_tag","embeddable":true,"href":"https:\/\/ctainternacionales.org\/index.php?rest_route=%2Fwp%2Fv2%2Ftags&post=2491"}],"curies":[{"name":"wp","href":"https:\/\/api.w.org\/{rel}","templated":true}]}}