{"id":2484,"date":"2014-12-01T21:04:07","date_gmt":"2014-12-02T00:04:07","guid":{"rendered":"http:\/\/www.ctainternacionales.org\/?p=2484"},"modified":"2014-12-01T21:07:41","modified_gmt":"2014-12-02T00:07:41","slug":"la-revolucion-silenciosa-y-estoica-boliviana","status":"publish","type":"post","link":"https:\/\/ctainternacionales.org\/?p=2484","title":{"rendered":"La revoluci\u00f3n silenciosa y estoica boliviana"},"content":{"rendered":"<p style=\"text-align: justify;\"><a href=\"http:\/\/www.ctainternacionales.org\/wp-content\/uploads\/2014\/12\/images-3.jpeg\"><img loading=\"lazy\" decoding=\"async\" class=\"aligncenter size-full wp-image-2485\" src=\"http:\/\/www.ctainternacionales.org\/wp-content\/uploads\/2014\/12\/images-3.jpeg\" alt=\"images-3\" width=\"179\" height=\"281\" \/><\/a><\/p>\n<p style=\"text-align: justify;\"><em>por -Nicolas Honigesz-<\/em><\/p>\n<p style=\"text-align: justify;\">Evo Morales asume su primer mandato en el 2006 con el 53% de los votos y ese mismo a\u00f1o obtiene con su fuerza pol\u00edtica 137 de 255 diputados, en el 2008 frente a los intentos desestabilizadores ratifica su mandato en un Refer\u00e9ndum revocatorio para decidir la permanencia del Presidente Evo Morales y el Vicepresidente Alvaro Garcia Linares y ocho de los nueve prefectos departamentales. El Presidente Morales fue ratificado en su cargo al obtener el 67.43% de votos a su favor. Que no solo logro ratificar su mandato sino que dio la posibilidad de profundizar lo que se venia gestando silenciosamente para el resto del mundo pero no para las 36 naciones etno &#8211; ling\u00fc\u00edsticas que comenzaban a romper mas de 500 a\u00f1os de conquista colonial y saqueo, y daba origen a uno de los procesos revolucionarios democraticos mas importantes de la historia de nuestra America.<!--more--><\/p>\n<p style=\"text-align: justify;\">El 12 de Octubre de este a\u00f1o Evo Morales vuelve a ratificar por tercera vez su mandato presidencial y obtiene el 61% de los votos. Bolivia es uno de los pa\u00edses de mayor riqueza del mundo en plata, esta\u00f1o, hierro, cobre, zinc tungsteno, manganeso. El salar de Uyuni representa la mayor reserva de potasio y litio del mundo, considerada esta ultima como la energ\u00eda del futuro. Pero su mayor ingreso hoy lo constituye el sector de los hidrocarburos, con la segunda mayor reserva de gas natural del America del Sur, y petr\u00f3leo en menor cantidad.<\/p>\n<p style=\"text-align: justify;\">Bolivia sostuvo un crecimiento sostenido con una tasa promedio del 5% anual, el porcentaje mas elevado de America latina en la ultima d\u00e9cada. con una inflaci\u00f3n moderada al 6% y una balanza equilibrada que permiti\u00f3 un super\u00e1vit de 2,6% en el 2014. Las reservas internacionales en divisas de Bolivia, con respecto al PIB, alcanzaron el 47%, situando a este pa\u00eds, por primera vez, a la cabeza de Am\u00e9rica Latina, muy por delante de Brasil, M\u00e9xico o Argentina.<\/p>\n<p style=\"text-align: justify;\">Evo Morales es el primer presidente ind\u00edgena de toda la regi\u00f3n. Nacido en una peque\u00f1a aldea del altiplano boliviano. El y su familia subsist\u00edan en condiciones de extrema pobreza, con los pocos recursos que extra\u00edan de las labores agr\u00edcolas y ganaderas, en una vivienda de adobe y paja. Realizo sus estudios secundarios en Oruro trabando de alba\u00f1il, panadero y trompetista. A\u00f1os mas tarde con su familia escaparon de la precariedad y la miseria con rumbo a Cochabamba y buscaron oficio en labores de arroceros y luego como cocaleros donde comenz\u00f3 su actividad como sindicalista y mas tarde a la pol\u00edtica partidaria. pero siempre encabezando grandes luchas contra el saqueo e injusticias hacia su pueblo.<\/p>\n<p style=\"text-align: justify;\">La revoluci\u00f3n silenciosa y estoica boliviana rompi\u00f3 todo prejuicio y el \u201cIndio\u201d da lecciones de como administrar un estado o mejor dicho de refundar un nuevo estado plurinacional. Mientras que en la regi\u00f3n los gobiernos \u201cprogresistas\u201d o para quienes actualmente ganan elecciones desde posiciones populares o progresistas se disputan como un equilibrista en la disyuntiva de convertir a sus gobiernos en herramientas para impulsar procesos populares revolucionarios con cambios estructurales o limitarse a hacer un \u201cbuen gobierno\u201d conservador y o re-frite de la mejor versi\u00f3n de las democracias burguesas; mientras Bolivia se convierte en un estado con sujeto.<\/p>\n<p style=\"text-align: justify;\">Bolivia a partir del 2006 nacionalizo los sectores estrat\u00e9gicos de hidrocarburos, miner\u00eda, electricidad y recursos ambientales, con su excedente que siempre estuvo en manos y control de capital extranjero reinvirtio en industria y en espacios generadores de empleo (transporte, manufactura, vivienda, desarrollo urbano etc..) y puso en marcho pol\u00edticas publicas para reducir la pobreza y redistribuir en los sectores mas vulnerables de la poblaci\u00f3n. De esta forma un mill\u00f3n de bolivianos salieron de la pobreza, la deuda p\u00fablica que representaba el 80% de PIB hoy es del 33% y una tasa de desempleo del 3,2% la mas baja de America Latina.<\/p>\n<p style=\"text-align: justify;\">Sin embrago por mas alentadores y favorables que sean las estad\u00edsticas existe una diferencia sustancial y esencial con el resto de los pa\u00edses \u201cprogresista\u201d de la regi\u00f3n que han sido consecuentes con la dinamica del mercado interno inyectando sistem\u00e1ticamente recursos, con su afan de redistribuidor Pero existen viejas verdades que afloran, y que representan como un presagio de una muerte anunciada, Sin democratizaci\u00f3n real de la riqueza, todo aumento del consumo popular tiene un techo; el consumo sostenido y creciente de necesidades innecesarias es tan tan ilusorio como el de una bicicleta de pi\u00f1\u00f3n fijo. Se podr\u00eda decir tambi\u00e9n que sin una tendencia a socializar los medios de producci\u00f3n no hay chances de disputarle el poder a las clases dominantes; y que las asimetr\u00edas distributivas que impone la estructura social solo se recuestan en las capacidades o incapacidades del propio Estado; lo que lo convierte en: Un estado sin sujeto. \u00bfAlcanza?. El Estado es apenas una herramienta, medular, pero herramienta. Puede emplearse con la esperanza de recuperar un \u201ccapitalismo de bienestar\u201d, sin poner en cuesti\u00f3n el contenido y el papel de clase del Estado, ni las bases jur\u00eddicas que configuran su institucionalidad. O puede convertirse \u2013articulado con la participaci\u00f3n popular\u2011, en un instrumento pol\u00edtico para impulsar cambios revolucionarios, apostando a transformar las bases, el car\u00e1cter, los contenidos y el papel social de dicha instituci\u00f3n como sucede en Bolivia.<\/p>\n","protected":false},"excerpt":{"rendered":"por -Nicolas Honigesz- Evo Morales asume su primer mandato en el 2006 con el 53% de los votos y ese mismo a\u00f1o obtiene \n<a class=\"moretag\" href=\"https:\/\/ctainternacionales.org\/?p=2484\"> [...]<\/a>","protected":false},"author":1,"featured_media":0,"comment_status":"closed","ping_status":"closed","sticky":false,"template":"","format":"standard","meta":{"ngg_post_thumbnail":0,"footnotes":""},"categories":[],"tags":[],"class_list":["post-2484","post","type-post","status-publish","format-standard","hentry"],"_links":{"self":[{"href":"https:\/\/ctainternacionales.org\/index.php?rest_route=\/wp\/v2\/posts\/2484","targetHints":{"allow":["GET"]}}],"collection":[{"href":"https:\/\/ctainternacionales.org\/index.php?rest_route=\/wp\/v2\/posts"}],"about":[{"href":"https:\/\/ctainternacionales.org\/index.php?rest_route=\/wp\/v2\/types\/post"}],"author":[{"embeddable":true,"href":"https:\/\/ctainternacionales.org\/index.php?rest_route=\/wp\/v2\/users\/1"}],"replies":[{"embeddable":true,"href":"https:\/\/ctainternacionales.org\/index.php?rest_route=%2Fwp%2Fv2%2Fcomments&post=2484"}],"version-history":[{"count":4,"href":"https:\/\/ctainternacionales.org\/index.php?rest_route=\/wp\/v2\/posts\/2484\/revisions"}],"predecessor-version":[{"id":2489,"href":"https:\/\/ctainternacionales.org\/index.php?rest_route=\/wp\/v2\/posts\/2484\/revisions\/2489"}],"wp:attachment":[{"href":"https:\/\/ctainternacionales.org\/index.php?rest_route=%2Fwp%2Fv2%2Fmedia&parent=2484"}],"wp:term":[{"taxonomy":"category","embeddable":true,"href":"https:\/\/ctainternacionales.org\/index.php?rest_route=%2Fwp%2Fv2%2Fcategories&post=2484"},{"taxonomy":"post_tag","embeddable":true,"href":"https:\/\/ctainternacionales.org\/index.php?rest_route=%2Fwp%2Fv2%2Ftags&post=2484"}],"curies":[{"name":"wp","href":"https:\/\/api.w.org\/{rel}","templated":true}]}}