{"id":2480,"date":"2014-12-01T20:52:09","date_gmt":"2014-12-01T23:52:09","guid":{"rendered":"http:\/\/www.ctainternacionales.org\/?p=2480"},"modified":"2014-12-01T21:08:20","modified_gmt":"2014-12-02T00:08:20","slug":"el-mundo-que-creias-consolidado-era-una-autentica-mentira-entrevista-a-xesus-ramon-gonzalez-boan","status":"publish","type":"post","link":"https:\/\/ctainternacionales.org\/?p=2480","title":{"rendered":"\u201cEl mundo que cre\u00edas consolidado era una autentica mentira\u201d Entrevista a Xes\u00fas Ram\u00f3n Gonz\u00e1lez Bo\u00e1n"},"content":{"rendered":"<p style=\"text-align: justify;\">Conversamos con Xes\u00fas Ram\u00f3n Gonz\u00e1lez Bo\u00e1n de la Confederaci\u00f3n Inter-sindical Gallega sobre las consecuencias de la crisis en y el papel del sindicalismo en Europa.<\/p>\n<p style=\"text-align: justify;\">Relaciones Internacionales y Cooperaci\u00f3n de Confederaci\u00f3n Inter-sindical Gallega.<\/p>\n<p style=\"text-align: justify;\">\u00bfComo es la situaci\u00f3n y las consecuencias de la crisis en Europa?<\/p>\n<p style=\"text-align: justify;\">La situaci\u00f3n de deterioro econ\u00f3mico y social de la generalidad de la poblaci\u00f3n es un deterioro preocupante; se habla de una tercera crisis lo que indica que aun no salimos del atolladero en el que este modelo neoliberal nos a metido; y se traduce a efectos pr\u00e1cticos, se traduce en perdida permanente y continua de derechos sociales, econ\u00f3micos, y por sobre todo laborales. Se produce con un empobrecimiento general de la poblaci\u00f3n y se retrocede en la perdida de conquista sociales que uno cre\u00eda que estaban consolidadas, y se demostr\u00f3 que no hay nada consolidado y que hay que pelearlo diariamente. y aun cuando en forma hipot\u00e9tica salgamos de la crisis actual vamos a tardar d\u00e9cadas en recuperar los derechos que hemos perdido. Yo creo que el capitalismo le esta pasando factura o se esta recuperando lo que perdi\u00f3 con la revoluci\u00f3n de Octubre. En Europa durante d\u00e9cadas hubo un avance social lo que se conoce como el estado social europeo o el estado de bienestar, todo eso se esta destruyendo de manera acelerada y no solo en un pa\u00eds sino en la generalidad de lo que es Europa; se habla de los \u201cCinco\u201d Espa\u00f1a; Italia, Grecia, Irlanda y Portugal, pero es un problema general al igual que en Europa oriental o en la Europa Central, donde se cambian las condiciones de trabajo y existe un retroceso en el poder adquisitivo de la poblaci\u00f3n y esto viene con la intenci\u00f3n de quedarse independientemente de que la crisis haya sido la disculpa o la excusa perfecta. <!--more--><\/p>\n<p style=\"text-align: justify;\">\u00bfCual fue el rol que ocuparon los estados?<a href=\"http:\/\/www.ctainternacionales.org\/wp-content\/uploads\/2014\/12\/Unknown.jpeg\"><img loading=\"lazy\" decoding=\"async\" class=\"aligncenter size-full wp-image-2481\" src=\"http:\/\/www.ctainternacionales.org\/wp-content\/uploads\/2014\/12\/Unknown.jpeg\" alt=\"Unknown\" width=\"302\" height=\"167\" \/><\/a><\/p>\n<p style=\"text-align: justify;\">Los Estados son c\u00f3mplices que adecuan las legislaciones a los intereses de las patronales y o del capital. La gran funci\u00f3n de los estados y de la Union europea es modificar, y alterar todo lo que es el aparato legislativo jur\u00eddico para legitimar y dar carta de naturaleza permanente a todos estos cambios que se est\u00e1n produciendo; y esto va costar much\u00edsimo tiempo recuperar lo perdido. Un ejemplo es la automotriz Citroen en Vigo Espa\u00f1a que antes de la crisis empleaba unos 12 mil trabajadores y hoy con unos 8 mil ya presento la intensi\u00f3n de una reducci\u00f3n del 5% de los salarios y mantenerlos congelados hasta el 2019 y suprimir vacaciones. y esta es la t\u00f3nica general.<\/p>\n<p style=\"text-align: justify;\">\u00bfCual fue el papel del sindicalismo en Europa y que deber\u00eda hacer?<\/p>\n<p style=\"text-align: justify;\">Pero tambi\u00e9n hay que ser muy auto-criticos y en general en movimiento sindical europeo es un movimiento que se ha acomodado, se ha arrimado al estado y a las instituciones y estas le brindaron recursos y un protagonismo que es mas parecido a una cooptaci\u00f3n que les ha quitado la capacidad de actuar, frente a los conflictos y una profunda debilidad en lo organizativo, ya que no era necesario ni siquiera buscar nuevos afiliados, y por sobre toda las cosas se ha sacralizado el pacto social y el dialogo social, se ha llevado a una categor\u00eda absoluta del Dios supremo del becerro de oro del sindicalismo, solo hay que hablar y sentarse en una mesa. Esta muy bien; todos nos sentamos en una mesa cuando estamos negociando una paritaria, estamos haciendo pacto social estamos negociando, no es estar en contra del pacto social; El problema es cuando el pacto social es la \u00fanica herramienta que tiene el sindicalismo. y con esa debilidad del sindicalismo cuando te sientas en una mesa ya sabes que vas a tener que ceder porque no tienes capacidad de movilizaci\u00f3n. El gran problema del sindicalismo en general de Europa que con su actitud legitima lo que esta sucediendo. as\u00ed y todo por mas contradictorio que parezca, con un sindicalismo debilitado y en exceso dialogista hoy es el mas atacado y esto se da tambi\u00e9n porque las fuerzas partidarias de izquierda est\u00e1n muy debilitadas y pr\u00e1cticamente no existen en t\u00e9rminos de poder real, y la \u00fanica forma de parar o de hacer contra-poder al avance del neoliberalismo a pesar de sus debilidades es por medio del sindicalismo. Es verdad que esta desmovilizado que se ha plasmado una cultura de la no confrontaci\u00f3n pero s\u00ed hay una fuerza en potencia que no tienen las estructuras partidarias, porque todav\u00eda tiene capacidad de rearmase y de poder confrontar. Yo no se si confundo deseo con realidad o si soy muy optimista frente a un panorama tan desolador pero yo creo que el optimismo y la utopia son inmensamente necesarias y mucho mas en momentos de crisis y mucho mas en momentos en que el mundo que tu has vivido y que cre\u00edas consolidado era una autentica mentira y esa es la gran lecci\u00f3n de lo que esta pasando; en que no hay nada consolidado, que hay que pelear todos los dias no hay que dar nada por seguro y por hecho y que el combate debe ser permanente.<\/p>\n<p style=\"text-align: justify;\">25 a\u00f1os de la ca\u00edda del Muro de Berlin (Fito Aguirre)<\/p>\n<p style=\"text-align: justify;\">Este 9 de noviembre se cumplen 25 a\u00f1os de la ca\u00edda del muro de divisi\u00f3n m\u00e1s simb\u00f3lico que tuvo la sociedad contempor\u00e1nea, aquel que dividi\u00f3 f\u00edsicamente en dos a Berlin durante 38 a\u00f1os. El muro fue muy real para quienes habitaban Berlin, y simb\u00f3lico para el resto del mundo, dividiendo los dos modelos contrapuestos de capitalismo y comunismo; Estados Unidos y la Uni\u00f3n Sovi\u00e9tica.<\/p>\n<p style=\"text-align: justify;\">25 a\u00f1os de la ca\u00edda del muro no pasaron en vano. Para aquellos que militamos por alternativas al modelo capitalista, la ca\u00edda del muro y el derrumbe posterior de la Uni\u00f3n Sovi\u00e9tica fueron una derrota hist\u00f3rica. Lo sorprendente es que el comunismo fue un movimiento que luch\u00f3 por el poder en todo el mundo, pa\u00eds tras pa\u00eds, tomando a la URSS como un emblema en esa lucha. Sin embargo, pocos parecieron inmutarse ante la ca\u00edda del gigante. El ganador de la batalla, Estados Unidos, impuso su ley, la del libre mercado, promoviendo un modelo capitalista neoliberal, profundizando las situaciones de desestructuraci\u00f3n social, y atacando al ideal m\u00e1s relevante que tuvo el comunismo: la igualdad. Si hay un dato que nos indica la realidad del mundo en estos 25 a\u00f1os desde la ca\u00edda del muro, es que m\u00e1s all\u00e1 de cambios en indicadores sociales, lo que m\u00e1s progreso fue la desigualdad entre pa\u00edses y hacia dentro de los pa\u00edses. El ganador no se detuvo en fronteras, ni siquiera en las propias. Hoy tenemos los mayores niveles de desigualdad de nuestra historia mundial, al punto que hasta los propios organizadores del poder econ\u00f3mico se est\u00e1n comenzando a preocupar\u2014al menos ret\u00f3ricamente\u2014de eso.<\/p>\n<p style=\"text-align: justify;\">El discurso de los ganadores a partir de la ca\u00edda del Muro de Berlin fue dominado por la idea del \u201cfin de la historia\u201d, significando el triunfo de una forma de vida\u2014la capitalista\u2014y el fin de las confrontaciones con sistemas alternativos. M\u00e1s all\u00e1 del surgimiento de modelos alternativos y propuestas locales que confrontan con el movimiento capitalista, con los cambios experimentados en China e India en las \u00faltimas d\u00e9cadas, hoy el capitalismo est\u00e1 m\u00e1s extendido que nunca antes.<\/p>\n<p style=\"text-align: justify;\">\u00bfSignifica esto que ya no tenemos esperanza? Definitivamente no. La esperanza surge de las mismas contradicciones que el sistema produce. Tanto como los sectores anticomunistas supieron usar las contradicciones de la URSS para generar su derrumbe, tambi\u00e9n quienes creemos que una vida distinta es posible y necesaria, podemos usar los huecos que va dejando el capitalismo para actuar. Uno de ellos es la globalizaci\u00f3n. Hasta hace pocos a\u00f1os, las empresas multinacionales usaban su capacidad de movimiento para condicionar el rol de las organizaciones colectivas de trabajadores. Lentamente, desde nuestros espacios, hemos comenzado a conectarnos con trabajadores alrededor del mundo, intentando usar la globalizaci\u00f3n como un elemento emancipador.<\/p>\n<p style=\"text-align: justify;\">Hemos tenido muchas derrotas y algunos triunfos, de los que tenemos que aferrarnos. La lucha contra el ALCA en nuestro continente es uno de ellos. Pero ante todo tenemos que ser creativos para lograr nuevos hitos hist\u00f3ricos. Los 25 a\u00f1os de la ca\u00edda del Muro de Berl\u00edn deben ayudarnos a reflexionar sobre lo que ocurri\u00f3 desde entonces. Pero no olvidemos, que tal como nadie en ese momento esperaba semejante derrota, y ocurri\u00f3, tampoco se espera una derrota del modelo capitalista, que puede ocurrir. Un periodista brit\u00e1nico llam\u00f3 a la ca\u00edda del muro \u201cuna explosi\u00f3n accidental de libertad\u201d; quiz\u00e1s nosotros tengamos que pensar las posibles \u201cexplosiones accidentales de igualdad\u201d que nos permitan actuar hacia los mundos necesarios.<\/p>\n","protected":false},"excerpt":{"rendered":"Conversamos con Xes\u00fas Ram\u00f3n Gonz\u00e1lez Bo\u00e1n de la Confederaci\u00f3n Inter-sindical Gallega sobre las consecuencias de la crisis en y el papel del sindicalismo \n<a class=\"moretag\" href=\"https:\/\/ctainternacionales.org\/?p=2480\"> [...]<\/a>","protected":false},"author":1,"featured_media":0,"comment_status":"closed","ping_status":"closed","sticky":false,"template":"","format":"standard","meta":{"ngg_post_thumbnail":0,"footnotes":""},"categories":[],"tags":[],"class_list":["post-2480","post","type-post","status-publish","format-standard","hentry"],"_links":{"self":[{"href":"https:\/\/ctainternacionales.org\/index.php?rest_route=\/wp\/v2\/posts\/2480","targetHints":{"allow":["GET"]}}],"collection":[{"href":"https:\/\/ctainternacionales.org\/index.php?rest_route=\/wp\/v2\/posts"}],"about":[{"href":"https:\/\/ctainternacionales.org\/index.php?rest_route=\/wp\/v2\/types\/post"}],"author":[{"embeddable":true,"href":"https:\/\/ctainternacionales.org\/index.php?rest_route=\/wp\/v2\/users\/1"}],"replies":[{"embeddable":true,"href":"https:\/\/ctainternacionales.org\/index.php?rest_route=%2Fwp%2Fv2%2Fcomments&post=2480"}],"version-history":[{"count":3,"href":"https:\/\/ctainternacionales.org\/index.php?rest_route=\/wp\/v2\/posts\/2480\/revisions"}],"predecessor-version":[{"id":2490,"href":"https:\/\/ctainternacionales.org\/index.php?rest_route=\/wp\/v2\/posts\/2480\/revisions\/2490"}],"wp:attachment":[{"href":"https:\/\/ctainternacionales.org\/index.php?rest_route=%2Fwp%2Fv2%2Fmedia&parent=2480"}],"wp:term":[{"taxonomy":"category","embeddable":true,"href":"https:\/\/ctainternacionales.org\/index.php?rest_route=%2Fwp%2Fv2%2Fcategories&post=2480"},{"taxonomy":"post_tag","embeddable":true,"href":"https:\/\/ctainternacionales.org\/index.php?rest_route=%2Fwp%2Fv2%2Ftags&post=2480"}],"curies":[{"name":"wp","href":"https:\/\/api.w.org\/{rel}","templated":true}]}}