{"id":2459,"date":"2014-11-11T14:06:59","date_gmt":"2014-11-11T17:06:59","guid":{"rendered":"http:\/\/www.ctainternacionales.org\/?p=2459"},"modified":"2014-11-11T14:08:02","modified_gmt":"2014-11-11T17:08:02","slug":"cumbre-de-los-pueblos-frente-al-cambio-climatico-convocatoria-y-marcha-mundial","status":"publish","type":"post","link":"https:\/\/ctainternacionales.org\/?p=2459","title":{"rendered":"Cumbre de los Pueblos frente al Cambio Clim\u00e1tico, convocatoria y marcha  Mundial"},"content":{"rendered":"<p><a href=\"http:\/\/www.ctainternacionales.org\/wp-content\/uploads\/2014\/11\/InfografiaCC_ok.jpg\"><img loading=\"lazy\" decoding=\"async\" class=\"aligncenter size-thumbnail wp-image-2460\" src=\"http:\/\/www.ctainternacionales.org\/wp-content\/uploads\/2014\/11\/InfografiaCC_ok-307x306.jpg\" alt=\"InfografiaCC_ok\" width=\"307\" height=\"306\" \/><\/a><a href=\"http:\/\/www.ctainternacionales.org\/wp-content\/uploads\/2014\/11\/InfografiaCC_ok.jpg\"><br \/>\n<\/a>Cumbre de los Pueblos frente al Cambio Clim\u00e1tico<\/p>\n<p style=\"text-align: justify;\">La Cumbre de los Pueblos frente al Cambio Clim\u00e1tico es un espacio de di\u00e1logo y acci\u00f3n abierto, democr\u00e1tico y horizontal de la sociedad civil y pueblos originarios para compartir experiencias, problemas y propuestas frente al cambio clim\u00e1tico.<br \/>\nLa Cumbre se realizar\u00e1 del 8 al 11 de diciembre de 2014 en el Parque de la Exposici\u00f3n de la ciudad de Lima y otros locales complementarios.<br \/>\nLa Cumbre convoca y re\u00fane a todas las organizaciones civiles y movimientos sociales (ambientales, sindicales, gremiales, estudiantiles, ind\u00edgenas, agrarios, de mujeres, etc.) para fortalecer una agenda com\u00fan y ejercer presi\u00f3n ante los tomadores de decisi\u00f3n en la Conferencia de las Partes de la Convenci\u00f3n Marco de Naciones Unidas sobre Cambio Clim\u00e1tico (COP20).<br \/>\nSu prop\u00f3sito es que los negociadores oficiales consideren el clamor y las voces de los pueblos y ciudadanos\/as del mundo.<br \/>\nEs importante destacar que la Cumbre es un espacio independiente y aut\u00f3nomo de las corporaciones empresariales as\u00ed como de los gobiernos.<br \/>\n\u00bfPor qu\u00e9 surge?<br \/>\nSurge como respuesta a la crisis civilizatoria ocasionada por un mal llamado modelo \u201cde desarrollo\u201d que ha mercantilizado la vida humana y la naturaleza. Este modelo industrial dominante prioriza el consumo desmedido, la acumulaci\u00f3n lucrativa sin l\u00edmites, en base a una extracci\u00f3n irracional de los bienes comunes y fuentes energ\u00e9ticas, sin considerar los l\u00edmites planetarios.<br \/>\nLa crisis se manifiesta hoy en diversas dimensiones: clim\u00e1tica, ambiental, financiera, energ\u00e9tica, alimentaria, y dada la magnitud de su impacto sobre los pueblos del mundo \u2013y en especial sobre los pueblos ind\u00edgenas\u2013 los Estados y gobiernos est\u00e1n en la obligaci\u00f3n de escuchar y responder a las diversas voces, demandas y propuestas de los pueblos y ciudadanos que por medio de sus organizaciones expresar\u00e1n su com\u00fan aspiraci\u00f3n de transitar hacia nuevas formas de vida y convivencia basadas en el Buen Vivir y el respeto de los derechos humanos y de la Madre Tierra.<br \/>\n\u00bfC\u00f3mo surge?<br \/>\nLa Cumbre surge durante el 2014 como resultado de un amplio proceso de articulaci\u00f3n y coordinaci\u00f3n entre diversas iniciativas ciudadanas que aspiran a incidir pol\u00edticamente en los procesos de negociaci\u00f3n clim\u00e1tica.<br \/>\nSe trata de cientos de instituciones que buscan institucionalizar la agenda sobre el tema mediante pol\u00edticas p\u00fablicas sostenibles consensuadas con la participaci\u00f3n de los pueblos, comunidades y ciudadan\u00eda en general.<\/p>\n<p style=\"text-align: justify;\">MARCHA DE LOS PUEBLOS<\/p>\n<p style=\"text-align: justify;\">El 10 de diciembre es el D\u00eda Internacional de los Derechos Humanos, fecha con la que las Naciones Unidas conmemora el aniversario de la aprobaci\u00f3n de su Declaraci\u00f3n Universal realizada por la Asamblea General en 1948.<br \/>\n\u00c9sta se celebra desde 1950 pero este a\u00f1o toca al movimiento social y no a los Estados, demostrar la participaci\u00f3n de la humanidad en el planeta y el respeto de sus derechos de una manera completamente diferente.<br \/>\nEste a\u00f1o la conmemoraci\u00f3n ser\u00e1 algo mas que derechos humanos, este a\u00f1o el mundo se movilizar\u00e1 por el derecho de todos los sistemas vivos de perdurar en el planeta a pesar de la presencia depredadora del capitalismo para desbaratar la influencia de las corporaciones en los acuerdos sobre el clima.<br \/>\nEste a\u00f1o el D\u00eda Internacional de los Derechos Humanos ser\u00e1 un d\u00eda de movilizaci\u00f3n para defender TUS derechos, los NUESTROS y los de TODA LA VIDA en la tierra y lograr un avance trascendental en las negociaciones que lleven a acuerdos claves para contener el fen\u00f3meno del Cambio Clim\u00e1tico que amenaza la sobrevivencia de la vida en la tierra como la conocemos.<br \/>\n\u00danete a la movilizaci\u00f3n este 10 de diciembre en Lima, y en cualquier lugar en el que te encuentres.<br \/>\n\u00a1 Cambiemos el Sistema y no el Clima !<br \/>\n\u00a1Lev\u00e1ntate por la tierra !<\/p>\n","protected":false},"excerpt":{"rendered":"Cumbre de los Pueblos frente al Cambio Clim\u00e1tico La Cumbre de los Pueblos frente al Cambio Clim\u00e1tico es un espacio de di\u00e1logo y \n<a class=\"moretag\" href=\"https:\/\/ctainternacionales.org\/?p=2459\"> [...]<\/a>","protected":false},"author":1,"featured_media":0,"comment_status":"closed","ping_status":"closed","sticky":false,"template":"","format":"standard","meta":{"ngg_post_thumbnail":0,"footnotes":""},"categories":[],"tags":[],"class_list":["post-2459","post","type-post","status-publish","format-standard","hentry"],"_links":{"self":[{"href":"https:\/\/ctainternacionales.org\/index.php?rest_route=\/wp\/v2\/posts\/2459","targetHints":{"allow":["GET"]}}],"collection":[{"href":"https:\/\/ctainternacionales.org\/index.php?rest_route=\/wp\/v2\/posts"}],"about":[{"href":"https:\/\/ctainternacionales.org\/index.php?rest_route=\/wp\/v2\/types\/post"}],"author":[{"embeddable":true,"href":"https:\/\/ctainternacionales.org\/index.php?rest_route=\/wp\/v2\/users\/1"}],"replies":[{"embeddable":true,"href":"https:\/\/ctainternacionales.org\/index.php?rest_route=%2Fwp%2Fv2%2Fcomments&post=2459"}],"version-history":[{"count":2,"href":"https:\/\/ctainternacionales.org\/index.php?rest_route=\/wp\/v2\/posts\/2459\/revisions"}],"predecessor-version":[{"id":2463,"href":"https:\/\/ctainternacionales.org\/index.php?rest_route=\/wp\/v2\/posts\/2459\/revisions\/2463"}],"wp:attachment":[{"href":"https:\/\/ctainternacionales.org\/index.php?rest_route=%2Fwp%2Fv2%2Fmedia&parent=2459"}],"wp:term":[{"taxonomy":"category","embeddable":true,"href":"https:\/\/ctainternacionales.org\/index.php?rest_route=%2Fwp%2Fv2%2Fcategories&post=2459"},{"taxonomy":"post_tag","embeddable":true,"href":"https:\/\/ctainternacionales.org\/index.php?rest_route=%2Fwp%2Fv2%2Ftags&post=2459"}],"curies":[{"name":"wp","href":"https:\/\/api.w.org\/{rel}","templated":true}]}}