{"id":2454,"date":"2014-11-11T13:29:35","date_gmt":"2014-11-11T16:29:35","guid":{"rendered":"http:\/\/www.ctainternacionales.org\/?p=2454"},"modified":"2014-11-11T13:29:35","modified_gmt":"2014-11-11T16:29:35","slug":"se-presento-en-la-cta-la-plataforma-para-el-desarrollo-de-las-americas","status":"publish","type":"post","link":"https:\/\/ctainternacionales.org\/?p=2454","title":{"rendered":"Se present\u00f3 en la CTA la Plataforma para el Desarrollo de las Am\u00e9ricas"},"content":{"rendered":"<p style=\"text-align: justify;\"><a href=\"http:\/\/www.ctainternacionales.org\/wp-content\/uploads\/2014\/11\/DSC00088.jpg\"><img loading=\"lazy\" decoding=\"async\" class=\"aligncenter size-thumbnail wp-image-2455\" src=\"http:\/\/www.ctainternacionales.org\/wp-content\/uploads\/2014\/11\/DSC00088-307x204.jpg\" alt=\"DSC00088\" width=\"307\" height=\"204\" \/><\/a>Tras su presentaci\u00f3n en Chile y en Uruguay, el Secretario General de la Confederaci\u00f3n Sindical de las Am\u00e9ricas (CSA) explic\u00f3, en la sede de la CTA, los desaf\u00edos y alcances de la PLADA. El secretario de Relaciones Internacionales de la CTA, Adolfo Aguirre, present\u00f3 al titular de la CSA, V\u00edctor B\u00e1ez.<!--more--><\/p>\n<p style=\"text-align: justify;\"><a href=\"http:\/\/www.ctainternacionales.org\/wp-content\/uploads\/2014\/11\/DSC00106.jpg\"><img loading=\"lazy\" decoding=\"async\" class=\"aligncenter size-thumbnail wp-image-2456\" src=\"http:\/\/www.ctainternacionales.org\/wp-content\/uploads\/2014\/11\/DSC00106-307x204.jpg\" alt=\"DSC00106\" width=\"307\" height=\"204\" \/><\/a><\/p>\n<p style=\"text-align: justify;\">Ante un auditorio lleno de dirigentes de la Mesa Nacional de la CTA, compa\u00f1eros de los diferentes sindicatos, organizaciones y regionales que integran la Central, Adolfo \u201cFito\u201d Aguirre present\u00f3 al Secretario General de la CSA, V\u00edctor B\u00e1ez: \u201cPor primera vez se presenta la PLADA en nuestro pa\u00eds. Es una Plataforma que contiene 4 dimensiones fundamentales: Social, Pol\u00edtica, Econ\u00f3mica y Ambiental como herramientas en la lucha en defensa de nuestros derechos\u201d, declar\u00f3 Aguirre.<\/p>\n<p style=\"text-align: justify;\">La Plataforma de Desarrollo de las Am\u00e9ricas es una formulaci\u00f3n pol\u00edtica estrat\u00e9gica que tiene la relevancia de una herramienta elaborada en cuatro dimensiones: Pol\u00edtica, econ\u00f3mica, social y ambiental que se encuentran articuladas para llegar a un desarrollo sustentable; y la necesidad de trascender de la democracia representativa a una democracia participativa como elemento fundamental del propio desarrollo sustentable.<\/p>\n<p style=\"text-align: justify;\">Entre otros compa\u00f1eros y militantes de la Central, participaron: Carolina Ocar, Cynthia Pok, Alejandra Angriman, Daniel Jorajur\u00eda, Jorge Yabkowski, Horacio Meguira, Julio Fuentes, Hugo \u201cCachorro\u201d Godoy, Guido Dreizik.<\/p>\n<p style=\"text-align: justify;\">Luego de una presentaci\u00f3n general de quienes integraron la mesa, Aguirre present\u00f3 y felicit\u00f3 la presencia de Dorte Wollrad de la Fundaci\u00f3n Friedrich Ebert (FES), qui\u00e9n dio la bienvenida a los participantes: \u201cEs de mucha alegr\u00eda para nosotros que hoy se pueda dar este debate. Es muy importante avanzar en un posicionamiento sociopol\u00edtico del sindicalismo Latinoamericano\u201d.<\/p>\n<p style=\"text-align: justify;\">\u201cNos queda m\u00e1s que claro que hay decisiones pol\u00edticas nacionales, regionales y globales que afectan nuestra labor sindicalista, por lo cual es cada vez m\u00e1s importante participar de estas decisiones pol\u00edticas, sociales, econ\u00f3micas y ambientales. Porque ya hemos visto que en los pa\u00edses donde hay di\u00e1logo de los gobiernos con los sindicatos, los resultados han sido m\u00e1s que positivos\u201d, explic\u00f3 Dorte Wollrad.<\/p>\n<p style=\"text-align: justify;\">La PLADA interpela con una propuesta elaborada durante m\u00e1s de dos a\u00f1os por un sin fin de organizaciones sindicales, ambientales, campesinas y que convoca a los movimientos sociales de toda la regi\u00f3n a una propuesta que pueda avanzar en la unidad contra el neoliberalismo y abrir nuevas o retrasadas agendas que posibiliten la emancipaci\u00f3n de otro modelo pol\u00edtico y social.<\/p>\n<p style=\"text-align: justify;\">Esta plataforma tambi\u00e9n es una herramienta que permite discutir con los gobiernos de la regi\u00f3n y colocar al movimiento sindical como un actor relevante frente a los procesos en curso en Am\u00e9rica Latina y el Caribe no solo como como un sujeto productor y reproductor de la fuerza de trabajo sino como un sujeto integral.<\/p>\n<p style=\"text-align: justify;\">Tal esta breve internvenci\u00f3n, V\u00edctor B\u00e1ez comenz\u00f3 a describir el contexto en que se gest\u00f3 la Plataforma para el Desarrollo de las Am\u00e9ricas: \u201cEs una plataforma que pretende unificar las posiciones de los movimientos sindicales en las am\u00e9ricas: hay un sindicalismo en el norte, otro en Centroam\u00e9rica y otro en el sur\u201d.<\/p>\n<p style=\"text-align: justify;\">Baez explic\u00f3 que frente a esto, necesitamos un documento que unifique las luchas y ayude a desarrollar el movimiento sindical en Am\u00e9rica en la lucha en un momento donde el sindicalismo europeo est\u00e1 muy desgastado y los diferentes sindicalismos de Am\u00e9rica no tienen acuerdo respecto a c\u00f3mo se debe enfrentar la crisis.<\/p>\n<p style=\"text-align: justify;\">A la vez, el Secretario General de la CSI sent\u00f3 posici\u00f3n respecto a la OIT y lo que all\u00ed se debate, sus objetivos y la capacidad de ofensiva que tiene el movimiento sindical internacional en ese \u00e1mbito.<\/p>\n<p style=\"text-align: justify;\">\u201cEl movimiento sindical de las am\u00e9ricas est\u00e1 creciendo en cantidad pero tambi\u00e9n en reclamos. En Brasil, Dima gan\u00f3 con el apoyo del sindicalismo. Frente a la campa\u00f1a de odio de los medios hegem\u00f3nicos que atacaron a Dilma, fueron los militantes de la CUT los que hicieron la campa\u00f1a en la calle, los subtes, etc.<\/p>\n<p style=\"text-align: justify;\">La intervenci\u00f3n de V\u00edctor B\u00e1ez fue seguida de un amplio e interesante debate que animaron los compa\u00f1eros que participaron de la presentaci\u00f3n, tratando de unificar posturas y desaf\u00edos de cara a la aplicaci\u00f3n de la PLADA en Argentina.<\/p>\n<p>Para descargar la Plataforma:\u00a0http:\/\/www.csa-csi.org\/index.php?option=com_docman&amp;task=cat_view&amp;gid=382&amp;Itemid=181&amp;lang=pt<\/p>\n","protected":false},"excerpt":{"rendered":"Tras su presentaci\u00f3n en Chile y en Uruguay, el Secretario General de la Confederaci\u00f3n Sindical de las Am\u00e9ricas (CSA) explic\u00f3, en la sede \n<a class=\"moretag\" href=\"https:\/\/ctainternacionales.org\/?p=2454\"> [...]<\/a>","protected":false},"author":1,"featured_media":0,"comment_status":"closed","ping_status":"closed","sticky":false,"template":"","format":"standard","meta":{"ngg_post_thumbnail":0,"footnotes":""},"categories":[],"tags":[],"class_list":["post-2454","post","type-post","status-publish","format-standard","hentry"],"_links":{"self":[{"href":"https:\/\/ctainternacionales.org\/index.php?rest_route=\/wp\/v2\/posts\/2454","targetHints":{"allow":["GET"]}}],"collection":[{"href":"https:\/\/ctainternacionales.org\/index.php?rest_route=\/wp\/v2\/posts"}],"about":[{"href":"https:\/\/ctainternacionales.org\/index.php?rest_route=\/wp\/v2\/types\/post"}],"author":[{"embeddable":true,"href":"https:\/\/ctainternacionales.org\/index.php?rest_route=\/wp\/v2\/users\/1"}],"replies":[{"embeddable":true,"href":"https:\/\/ctainternacionales.org\/index.php?rest_route=%2Fwp%2Fv2%2Fcomments&post=2454"}],"version-history":[{"count":1,"href":"https:\/\/ctainternacionales.org\/index.php?rest_route=\/wp\/v2\/posts\/2454\/revisions"}],"predecessor-version":[{"id":2458,"href":"https:\/\/ctainternacionales.org\/index.php?rest_route=\/wp\/v2\/posts\/2454\/revisions\/2458"}],"wp:attachment":[{"href":"https:\/\/ctainternacionales.org\/index.php?rest_route=%2Fwp%2Fv2%2Fmedia&parent=2454"}],"wp:term":[{"taxonomy":"category","embeddable":true,"href":"https:\/\/ctainternacionales.org\/index.php?rest_route=%2Fwp%2Fv2%2Fcategories&post=2454"},{"taxonomy":"post_tag","embeddable":true,"href":"https:\/\/ctainternacionales.org\/index.php?rest_route=%2Fwp%2Fv2%2Ftags&post=2454"}],"curies":[{"name":"wp","href":"https:\/\/api.w.org\/{rel}","templated":true}]}}