{"id":2445,"date":"2014-10-27T13:14:26","date_gmt":"2014-10-27T16:14:26","guid":{"rendered":"http:\/\/www.ctainternacionales.org\/?p=2445"},"modified":"2014-10-27T13:14:43","modified_gmt":"2014-10-27T16:14:43","slug":"relaciones-internacionales-apoyo-solidaridad-y-declaracion-del-internacionalismo-en-el-congreso-de-la-cut-a-de-paraguay","status":"publish","type":"post","link":"https:\/\/ctainternacionales.org\/?p=2445","title":{"rendered":"Relaciones Internacionales Apoyo, solidaridad y declaraci\u00f3n del Internacionalismo en el Congreso de la CUT A de Paraguay"},"content":{"rendered":"<p><a href=\"http:\/\/www.ctainternacionales.org\/wp-content\/uploads\/2014\/10\/unnamed-101.jpg\"><img loading=\"lazy\" decoding=\"async\" class=\"aligncenter size-thumbnail wp-image-2446\" src=\"http:\/\/www.ctainternacionales.org\/wp-content\/uploads\/2014\/10\/unnamed-101-307x229.jpg\" alt=\"unnamed-101\" width=\"307\" height=\"229\" \/><\/a><\/p>\n<p>En el contexto del congreso de la CUT A, se realiz\u00f3 la Conferencia Internacional, con la participaci\u00f3n de los delegados de la Central Paraguaya y la delegaci\u00f3n internacional. \u00abFito\u00bb Aguirre, Secretario de Relaciones Internacionales de la CTA, coordin\u00f3 el debate.<!--more--><\/p>\n<div class=\"crayon article-texte-13812 textoa\">\n<p>Adem\u00e1s, el panel cont\u00f3 con la presencia de V\u00edctor Baez, Secretario General de la CSA; Bernardo Rojas, secretario general de la CUT A y Carlos Rodr\u00edguez, representante de la OIT.<\/p>\n<p>Dorte Wollrad de la Fundaci\u00f3n Friedrich Ebert (FES) y Valdir Vicente presidente de la coordinadora de centrales sindicales del cono sur (CCSCS). En su intervenci\u00f3n Fito Aguirre expres\u00f3: \u00abes muy importante no s\u00f3lo realizar diagn\u00f3sticos de la situaci\u00f3n de los trabajadores sino estrategias para resolver el avance que existe a nivel global para atemorizar y no permitir la organizaci\u00f3n de los trabajadores\u00bb.<\/p>\n<p>\u00abEste avance sobre los derechos de los trabajadores no es uniforme sino que en cada cada regi\u00f3n tiene distintas formas de atentar contra los trabajadores pero que debemos tener en cuenta los avances y las conquistas de la clase para no caer en la estigma de la derrota. Por esa raz\u00f3n es muy importante tener en cuenta que el acompa\u00f1amiento de la delegaci\u00f3n internacional que hoy acompa\u00f1a a CUT A no es una casualidad sino una construcci\u00f3n de discusi\u00f3n pol\u00edtica de muchos a\u00f1os, donde en ocasiones podemos tener derrotas pero tambi\u00e9n hemos tenido logros\u00bb, agreg\u00f3 Fito en su intervenci\u00f3n.<\/p>\n<p>Adem\u00e1s el dirigente declar\u00f3: \u00abEstos logros tienen que ser trasmitidos a los trabajadores y al conjunto de la sociedad para romper la estigmatizaci\u00f3n del \u00abno se puede\u00bb para poder convocar al conjunto de los trabajadores\u00bb.<\/p>\n<p>Durante el mediod\u00eda, la delegaci\u00f3n internacional acompa\u00f1\u00f3 a Bernardo Rojas a una reuni\u00f3n con el Ministro de trabajo del Paraguay. All\u00ed, la delegaci\u00f3n manifest\u00f3 muy fuertemente su preocupaci\u00f3n por la falta de libertad sindical y la violaci\u00f3n sistem\u00e1tica que sufren los trabajadores.<\/p>\n<p>El Ministro se mostr\u00f3 molesto e inc\u00f3modo frente al apoyo internacional ya que se le inform\u00f3 que, de no haber cambios notorios, el Internacionalismo de los trabajadores, no dudar\u00e1 en realizar acciones concretas como denuncias en la OIT,y frente a las embajadas de cada uno de los pa\u00edses.<\/p>\n<p><a href=\"http:\/\/www.ctainternacionales.org\/wp-content\/uploads\/2014\/10\/unnamed_1_-29.jpg\"><img loading=\"lazy\" decoding=\"async\" class=\"aligncenter size-thumbnail wp-image-2447\" src=\"http:\/\/www.ctainternacionales.org\/wp-content\/uploads\/2014\/10\/unnamed_1_-29-307x229.jpg\" alt=\"unnamed_1_-29\" width=\"307\" height=\"229\" \/><\/a><\/p>\n<p>El PIT-CNT de Uruguay se comprometi\u00f3 que con el s\u00f3lo pedido de la CUT A est\u00e1n dispuestos a realizar un paro de actividades de los portuarios para no dejar descargar la mercader\u00eda proveniente desde el Paraguay. Tambi\u00e9n la delegaci\u00f3n se puso a disposici\u00f3n del ministerio para darle herramientas t\u00e9cnicas a fin de agilizar la inscripci\u00f3n de los sindicatos en el Paraguay ya que una inscripci\u00f3n puede llegar a tener demoras que superar el a\u00f1o dejando a los trabajadores en total desprotecci\u00f3n. Frente a la presi\u00f3n internacional, el Ministro se comprometi\u00f3 en poner en funcionamiento una inscripci\u00f3n r\u00e1pida y eficaz.<\/p>\n<p>Por la tarde, en la Central de la CUT A con los delegados presentes se coment\u00f3 la reuni\u00f3n con el ministro y se continuo el debate y las intervenciones donde se lleg\u00f3 a una declaraci\u00f3n que a continuaci\u00f3n dejamos expresada:<\/p>\n<h3 class=\"spip\">IV CONFERENCIA INTERNACIONAL: DECLARACI\u00d3N DE ASUNCI\u00d3N<\/h3>\n<p>Las Organizaciones Sindicales participantes de la CONFERENCIA INTERNACIONAL \u201cLA LIBERTAD SINDICAL COMO INSTRUMENTO DEL DESARROLLO\u201d, ante la realidad existente en el Paraguay, expresada por los Delegados y las Delegadas participantes de este encuentro, analizada en el debate desarrollado en este d\u00eda y considerando que: SIN LIBERTAD SINDICAL NO EXISTE DEMOCRACIA, QUE FORTALECIDO EL MOVIMIENTO SINDICAL SE FORTALECE LA DEMOCRACIA, QUE LA ESENCIA DEL SINDICALISMO ES LA JUSTICIA SOCIAL Y QUE SIN JUSTICIA SOCIAL NO EXISTE DIGNIDAD; por tanto, cualquier atropello a la Libertad Sindical es un atentado a las Libertades Democr\u00e1ticas y a la misma dignidad.<\/p>\n<p>Que el actual gobierno, de clara tendencia Neoliberal, violenta la Libertad Sindical y los Convenios Internacionales como el 87 y 98 de la Organizaci\u00f3n Internacional del Trabajo (OIT).<\/p>\n<p>Que el gobierno utiliza la mayor\u00eda Parlamentaria para hacer aprobar Leyes contrarias a los intereses de las mayor\u00edas, en algunos casos, hasta violando la propia Constituci\u00f3n Nacional, con la Modificaci\u00f3n de la Ley de las Fuerzas Armadas que autoriza al Poder Ejecutivo su utilizaci\u00f3n como fuerza represiva interna.<\/p>\n<p>La mayor\u00eda Parlamentaria ha aprobado Leyes como la llamada de Responsabilidad Fiscal, la Alianza P\u00fablico Privada. Estas Legislaciones no son otra cosa que la Formalizaci\u00f3n de Pol\u00edticas de Privatizaci\u00f3n y\/o enajenaci\u00f3n del Patrimonio Nacional.<\/p>\n<p>As\u00ed tambi\u00e9n han aprobado Legislaciones como la del Primer Empleo, la de MI-PYMES o el tratamiento de Ley de Maquilas que son violatorias al C\u00f3digo Laboral y favorable a la Precarizaci\u00f3n, desregulaci\u00f3n y liberalizaci\u00f3n laboral que somete a los trabajadores y enriquece a las patronales.<\/p>\n<p>Respaldamos la posici\u00f3n de la Central Unitaria de Trabajadores Aut\u00e9ntica; en la promoci\u00f3n de un Modelo de Desarrollo Econ\u00f3mico y Social Incluyente, de pleno respeto y vigencia de los Derechos Humanos y Sindicales y la Contrataci\u00f3n Colectiva, de los Convenios Internacionales de la OIT, una Pol\u00edtica Fiscal justa por la cual paguen m\u00e1s los que m\u00e1s tienen y que no se base solamente en impuestos indirectos, en su lucha por el pleno respeto y vigencia de las Libertades P\u00fablicas, contra la criminalizaci\u00f3n de la protesta social y a favor de la Libertad de Organizaci\u00f3n y la diversidad de pensamientos.<\/p>\n<p>Por todo esto; instamos al gobierno del Presidente Cartes al pleno respeto de los Derechos de los trabajadores y trabajadoras, a la vigencia plena de las Libertades P\u00fablicas. A la rectificaci\u00f3n de su Pol\u00edtica Econ\u00f3mica y Social; a fin de favorecer la aplicaci\u00f3n de pol\u00edticas sociales y econ\u00f3micas que favorezcan la dignidad de las personas con Empleo Decente, con garant\u00eda para el acceso a la salud, la educaci\u00f3n, la vivienda y con una justa distribuci\u00f3n de la riqueza.<\/p>\n<\/div>\n<div style=\"margin-top: 20px; margin-right: 100px; font-size: 86%; font-style: italic; min-height: 50px;\">* Equipo de Comunicaci\u00f3n de la Secretar\u00eda de Relaciones Internacionales de la CTA<\/div>\n","protected":false},"excerpt":{"rendered":"En el contexto del congreso de la CUT A, se realiz\u00f3 la Conferencia Internacional, con la participaci\u00f3n de los delegados de la Central \n<a class=\"moretag\" href=\"https:\/\/ctainternacionales.org\/?p=2445\"> [...]<\/a>","protected":false},"author":1,"featured_media":0,"comment_status":"closed","ping_status":"closed","sticky":false,"template":"","format":"standard","meta":{"ngg_post_thumbnail":0,"footnotes":""},"categories":[],"tags":[],"class_list":["post-2445","post","type-post","status-publish","format-standard","hentry"],"_links":{"self":[{"href":"https:\/\/ctainternacionales.org\/index.php?rest_route=\/wp\/v2\/posts\/2445","targetHints":{"allow":["GET"]}}],"collection":[{"href":"https:\/\/ctainternacionales.org\/index.php?rest_route=\/wp\/v2\/posts"}],"about":[{"href":"https:\/\/ctainternacionales.org\/index.php?rest_route=\/wp\/v2\/types\/post"}],"author":[{"embeddable":true,"href":"https:\/\/ctainternacionales.org\/index.php?rest_route=\/wp\/v2\/users\/1"}],"replies":[{"embeddable":true,"href":"https:\/\/ctainternacionales.org\/index.php?rest_route=%2Fwp%2Fv2%2Fcomments&post=2445"}],"version-history":[{"count":1,"href":"https:\/\/ctainternacionales.org\/index.php?rest_route=\/wp\/v2\/posts\/2445\/revisions"}],"predecessor-version":[{"id":2448,"href":"https:\/\/ctainternacionales.org\/index.php?rest_route=\/wp\/v2\/posts\/2445\/revisions\/2448"}],"wp:attachment":[{"href":"https:\/\/ctainternacionales.org\/index.php?rest_route=%2Fwp%2Fv2%2Fmedia&parent=2445"}],"wp:term":[{"taxonomy":"category","embeddable":true,"href":"https:\/\/ctainternacionales.org\/index.php?rest_route=%2Fwp%2Fv2%2Fcategories&post=2445"},{"taxonomy":"post_tag","embeddable":true,"href":"https:\/\/ctainternacionales.org\/index.php?rest_route=%2Fwp%2Fv2%2Ftags&post=2445"}],"curies":[{"name":"wp","href":"https:\/\/api.w.org\/{rel}","templated":true}]}}