{"id":2442,"date":"2014-10-27T13:07:30","date_gmt":"2014-10-27T16:07:30","guid":{"rendered":"http:\/\/www.ctainternacionales.org\/?p=2442"},"modified":"2014-10-27T13:07:43","modified_gmt":"2014-10-27T16:07:43","slug":"elecciones-en-uruguay-somos-independientes-pero-no-indiferentes","status":"publish","type":"post","link":"https:\/\/ctainternacionales.org\/?p=2442","title":{"rendered":"Elecciones en Uruguay \u00abSomos independientes, pero no indiferentes\u00bb"},"content":{"rendered":"<p style=\"text-align: justify;\">\u00a0<a href=\"http:\/\/www.ctainternacionales.org\/wp-content\/uploads\/2014\/10\/Sequence_01_1.jpg\"><img loading=\"lazy\" decoding=\"async\" class=\"aligncenter size-thumbnail wp-image-2443\" src=\"http:\/\/www.ctainternacionales.org\/wp-content\/uploads\/2014\/10\/Sequence_01_1-307x246.jpg\" alt=\"Sequence_01_1\" width=\"307\" height=\"246\" \/><\/a>Desde la Secretar\u00eda de Relaciones Internacionales de la CTA, tuvimos la oportunidad de conversar con Fernando Gamberra, Secretario de Relaciones Internacionales de PIT-CNT del Uruguay sobre las expectativas a las elecciones presidenciales que se realizaran el domingo 26 de Octubre.<!--more--><\/p>\n<p style=\"text-align: justify;\">El frente Amplio gan\u00f3 su elecci\u00f3n en el a\u00f1o 2004 de la mano de Tabar\u00e9 V\u00e1zquez, rompiendo con la hegemon\u00eda del Partido Colorado y el Partido Nacional. En el 2008, Pepe Mujica hasta la actualidad es quien le dio continuidad al proyecto del Frente. Hoy Tabar\u00e9 vuelve como candidato de esa fuerza, donde se espera una de las elecciones mas re\u00f1idas de la ultima d\u00e9cada.<\/p>\n<p style=\"text-align: justify;\"><strong>-\u00bfQu\u00e9 evaluaci\u00f3n haces de las elecciones y de la gesti\u00f3n del Frente Amplio en los \u00faltimos 10 a\u00f1os?<\/strong><\/p>\n<p style=\"text-align: justify;\"><img loading=\"lazy\" decoding=\"async\" class=\"puce\" src=\"http:\/\/www.agenciacta.org\/squelettes-dist\/puce.gif\" alt=\"-\" width=\"8\" height=\"11\" \/>\u00a0En primer lugar quiero empezar diciendo que el movimiento sindical tiene en su historia una definici\u00f3n de autonom\u00eda e independencia de todo partido y de todo gobierno, lo cual hace que nosotros seamos muy cuidadosos de esa historia que traemos de generaciones anteriores. Sin embargo, esto no impide que hayamos acu\u00f1ado una definici\u00f3n que se sintetiza en la frase: somos independientes pero no indiferentes. Fuimos protagonistas en estos \u00faltimos 10 a\u00f1os, desde el 2005 hasta la fecha, con mas 60 leyes laborales que fueron impulsadas por el movimiento sindical de Uruguay. Se logr\u00f3 un incremento, por medio de la negociaci\u00f3n colectiva y la mesa del salario, de m\u00e1s del 50% del salario real y el salario m\u00ednimo que empuja al resto de las negociaciones creci\u00f3 casi 100% en los \u00faltimos 10 a\u00f1os. Se lograron leyes muy importantes como por ejemplo las del foro sindical. En este contexto, la central creci\u00f3 de una membres\u00eda de menos de 100.000 a m\u00e1s de 350.000 en una poblaci\u00f3n activa de un mill\u00f3n y medio, es decir que triplicamos el n\u00famero de afiliados, lo cual nos da una presencia y protagonismo muy importante. Algunas de las reformas como la Ley Fiscal, donde pagan m\u00e1s los que m\u00e1s tienen, la reforma de salud que establece un piso m\u00ednimo de cobertura a todo el conjunto de los uruguayos: todas estaban contenidas dentro del programa de la central de trabajadores, por lo tanto valoramos estos 10 a\u00f1os como fundamentales para los trabajadores y tiene que tener continuidad para ir por m\u00e1s.<\/p>\n<p style=\"text-align: justify;\"><strong>&#8211; \u00bfCu\u00e1les son los desaf\u00edos de ac\u00e1 en adelante? \u00bfQu\u00e9 le exigen al partido que gane?<\/strong><\/p>\n<p style=\"text-align: justify;\"><img loading=\"lazy\" decoding=\"async\" class=\"puce\" src=\"http:\/\/www.agenciacta.org\/squelettes-dist\/puce.gif\" alt=\"-\" width=\"8\" height=\"11\" \/>\u00a0Es verdad que cuando los gobiernos tienen resultados positivos y continuos y mejoran la calidad de vida, la sociedad en su conjunto eleva a su vez el umbral de demandas y esto puede estar explicando algunas de las cifras que hoy se manejan en las encuestas. Esto obliga a que la izquierda mejore su programa y que se discutan y sean efectivos cambios m\u00e1s profundos. Lo m\u00e1s parad\u00f3jico es que en base a eso, la opci\u00f3n de la gente fuera por la derecha que se presenta como una derecha moderada \u201clight\u201d o \u201cedulcorada\u201d, no discute ni presenta programas, solo es el relato de que \u201cvamos a dejar lo que est\u00e1 bien\u201d pero si m\u00ednimamente se interpela ese relato, los trabajadores sabemos que hay una clara posici\u00f3n de derecha que divide al pa\u00eds en dos bloques, en el bloque alternativo progresista para los cambios y el de la derecha con resto de los partidos. Esto nos llevo a que los trabajadores tengamos un mayor protagonismo. Hace dos meses realizamos un paro general para dejar bien claro que no estamos dispuestos a retroceder en lo que obtuvimos y que ademas vamos a ir por m\u00e1s demandas pero jam\u00e1s con la derecha. Sabemos y somos conscientes de que la brecha que existe entre los que ganan poco que son la enorme mayor\u00eda y los pocos que ganan mucho en una brecha muy considerable y da un margen de desigualdad que no nos conforma. Pero para poder llegar a ese objetivo de igualdad creemos que lo podemos lograr en la continuidad del proyecto del Frente Grande y no en el de la derecha.<\/p>\n","protected":false},"excerpt":{"rendered":"\u00a0Desde la Secretar\u00eda de Relaciones Internacionales de la CTA, tuvimos la oportunidad de conversar con Fernando Gamberra, Secretario de Relaciones Internacionales de PIT-CNT \n<a class=\"moretag\" href=\"https:\/\/ctainternacionales.org\/?p=2442\"> [...]<\/a>","protected":false},"author":1,"featured_media":0,"comment_status":"closed","ping_status":"closed","sticky":false,"template":"","format":"standard","meta":{"ngg_post_thumbnail":0,"footnotes":""},"categories":[],"tags":[],"class_list":["post-2442","post","type-post","status-publish","format-standard","hentry"],"_links":{"self":[{"href":"https:\/\/ctainternacionales.org\/index.php?rest_route=\/wp\/v2\/posts\/2442","targetHints":{"allow":["GET"]}}],"collection":[{"href":"https:\/\/ctainternacionales.org\/index.php?rest_route=\/wp\/v2\/posts"}],"about":[{"href":"https:\/\/ctainternacionales.org\/index.php?rest_route=\/wp\/v2\/types\/post"}],"author":[{"embeddable":true,"href":"https:\/\/ctainternacionales.org\/index.php?rest_route=\/wp\/v2\/users\/1"}],"replies":[{"embeddable":true,"href":"https:\/\/ctainternacionales.org\/index.php?rest_route=%2Fwp%2Fv2%2Fcomments&post=2442"}],"version-history":[{"count":1,"href":"https:\/\/ctainternacionales.org\/index.php?rest_route=\/wp\/v2\/posts\/2442\/revisions"}],"predecessor-version":[{"id":2444,"href":"https:\/\/ctainternacionales.org\/index.php?rest_route=\/wp\/v2\/posts\/2442\/revisions\/2444"}],"wp:attachment":[{"href":"https:\/\/ctainternacionales.org\/index.php?rest_route=%2Fwp%2Fv2%2Fmedia&parent=2442"}],"wp:term":[{"taxonomy":"category","embeddable":true,"href":"https:\/\/ctainternacionales.org\/index.php?rest_route=%2Fwp%2Fv2%2Fcategories&post=2442"},{"taxonomy":"post_tag","embeddable":true,"href":"https:\/\/ctainternacionales.org\/index.php?rest_route=%2Fwp%2Fv2%2Ftags&post=2442"}],"curies":[{"name":"wp","href":"https:\/\/api.w.org\/{rel}","templated":true}]}}