{"id":2439,"date":"2014-10-27T13:04:06","date_gmt":"2014-10-27T16:04:06","guid":{"rendered":"http:\/\/www.ctainternacionales.org\/?p=2439"},"modified":"2014-10-27T13:04:06","modified_gmt":"2014-10-27T16:04:06","slug":"iv-congreso-ordinario-de-la-cut-a-la-cta-en-paraguay","status":"publish","type":"post","link":"https:\/\/ctainternacionales.org\/?p=2439","title":{"rendered":"IV Congreso Ordinario de la CUT A La CTA en Paraguay"},"content":{"rendered":"<p style=\"text-align: justify;\"><a href=\"http:\/\/www.ctainternacionales.org\/wp-content\/uploads\/2014\/10\/la_foto-6.jpg\"><img loading=\"lazy\" decoding=\"async\" class=\"aligncenter size-thumbnail wp-image-2440\" src=\"http:\/\/www.ctainternacionales.org\/wp-content\/uploads\/2014\/10\/la_foto-6-307x229.jpg\" alt=\"la_foto-6\" width=\"307\" height=\"229\" \/><\/a><\/p>\n<p style=\"text-align: justify;\">Con la presencia de m\u00e1s de 200 delegados y con una gran delegaci\u00f3n internacional se dio comienzo al Congreso Ordinario de la Central paraguaya. La delegaci\u00f3n de la CTA estuvo integrada por su secretario General, Pablo Micheli, el secretario de Relaciones Internacionales, Adolfo \u00abFito\u00bb Aguirre, Daniel Jorajur\u00eda, Secretario Gremial y Nicol\u00e1s Honigesz, de la Secretar\u00eda de Relaciones Internacionales.<!--more--><\/p>\n<p style=\"text-align: justify;\">La apertura estuvo a cargo de Bernardo Rojas, el Secretario General de la CUT A, quien agradeci\u00f3 cada una de las presencias nacionales e internacionales y remarc\u00f3 que \u00abeste es el primer Congreso que se realiza en esta sede, gracias a la cooperaci\u00f3n internacional que permiti\u00f3 la finalizaci\u00f3n de la preparaci\u00f3n del lugar\u00bb.<\/p>\n<p style=\"text-align: justify;\">Tambi\u00e9n remarc\u00f3 que la CUT A tras 14 a\u00f1os desde su fundaci\u00f3n, es la central m\u00e1s importante que lucha por la defensa de la autonom\u00eda y por su concepci\u00f3n clasista. Por otra parte, se reclam\u00f3 al gobierno por el esclarecimiento y el castigo de los asesinatos de los campesinos y del periodista Pablo Medina ejecutado hace unos d\u00edas mientras realizaba una investigaci\u00f3n sobre el narcotr\u00e1fico en el Paraguay.<\/p>\n<p style=\"text-align: justify;\">\u00abHoy enfrentamos un gobierno neoliberal que intenta avanzar sobre los derechos m\u00e1s elementales de la clase trabajadora, con una crisis pol\u00edtica econ\u00f3mica y social. En Paraguay crece la inseguridad, el desempleo directo, la maquila, as\u00ed como crece la dependencia y las necesidades en la educaci\u00f3n y en la salud\u00bb, dijo Bernardo Rojas.<\/p>\n<p style=\"text-align: justify;\">El dirigente dijo adem\u00e1s que tambi\u00e9n crec\u00eda la persecuci\u00f3n y la represi\u00f3n a las organizaciones sindicales, campesinas y estudiantiles como consecuencia de la implementaci\u00f3n de las pol\u00edticas neoliberales: \u00abcrece la macroeconom\u00eda que beneficia a unos pocos en detrimento de las mayor\u00edas con una peligrosa e injusta distribuci\u00f3n de la riqueza. Pero desde nuestro \u00faltimo congreso hace 5 a\u00f1os crecimos en afiliaci\u00f3n con federaciones y asociaciones no s\u00f3lo de trabajadores sino tambi\u00e9n de campesinos y estudiantes que hoy nos acompa\u00f1an en acciones directas. Y uno de los saltos m\u00e1s importantes cualitativamente fue poder dirimir nuestras diferencias con las otras centrales del Paraguay para poder luchar juntos para parar este avance del neoliberalismo\u00bb.<\/p>\n<p style=\"text-align: justify;\">Joao Felicio, presidente de la CSI, expres\u00f3 su felicitaci\u00f3n a un modelo sindical democr\u00e1tico y que siempre est\u00e1 en cada uno de los conflictos de los trabajadores. Remarc\u00f3 adem\u00e1s que la persecuci\u00f3n y el ataque sindical que sufren los trabajadores en Paraguay es significativo y que esta persecuci\u00f3n pone en riesgo la democracia: \u00abNo se puede pensar en una construcci\u00f3n de una sociedad justa y equitativa si no existe la democracia sindical. Hoy frente a la crisis econ\u00f3mica en todo el mundo surgen las mismas respuestas por parte de capitalismo: ajuste fiscal, reforma y recorte de los derechos de los trabajadores\u00bb.<\/p>\n<p style=\"text-align: justify;\">V\u00edctor B\u00e1ez, presidente de la CSA, manifest\u00f3: \u00abEn Paraguay mientras hubo crecimiento sostenido no se hizo nada para combatir la precariedad y la pobreza, hoy el 80% de los trabajadores se encuentran en la informalidad. Mientras que la plata se encuentra con los sojeros, los industriales y las multinacionales, en este pa\u00eds los \u00fanicos que no pagan impuestos son los ricos y es a ellos a quien hay que tributar para combatir la desigualdad\u00bb.<\/p>\n<p style=\"text-align: justify;\">Tambi\u00e9n en su intervenci\u00f3n llam\u00f3 a instaurar un nuevo orden social y que los trabajadores tienen una herramienta como propuesta que es la Plataforma de las Am\u00e9ricas que fue creada y discutida por el movimiento sindical de las Am\u00e9ricas: \u00abAqu\u00ed no hay libertad sindical, no hay negociaci\u00f3n colectiva y que de ser necesario hay que acudir a la Corte Internacional de Derechos Humanos porque la libertad sindical es un derecho fundamental de la humanidad\u00bb.<\/p>\n<p style=\"text-align: justify;\">Tambi\u00e9n se hizo presente en el panel, la Directora de Fundacion Ebert, Dorte Wollrad. Por su parte, el representante de la OIT, Carlos Rodr\u00edguez, dijo que se habla del di\u00e1logo social pero que si no hay derecho a la huelga ning\u00fan di\u00e1logo social es posible.<\/p>\n<p style=\"text-align: justify;\">El Congreso contin\u00faa hoy con la elecci\u00f3n de los sindicatos de base en forma directa, modalidad que se implement\u00f3 hace dos a\u00f1os en forma estatutaria a partir de la experiencia de la CTA, y una conferencia internacional con todos los invitados al Congreso.<\/p>\n","protected":false},"excerpt":{"rendered":"Con la presencia de m\u00e1s de 200 delegados y con una gran delegaci\u00f3n internacional se dio comienzo al Congreso Ordinario de la Central \n<a class=\"moretag\" href=\"https:\/\/ctainternacionales.org\/?p=2439\"> [...]<\/a>","protected":false},"author":1,"featured_media":0,"comment_status":"closed","ping_status":"closed","sticky":false,"template":"","format":"standard","meta":{"ngg_post_thumbnail":0,"footnotes":""},"categories":[],"tags":[],"class_list":["post-2439","post","type-post","status-publish","format-standard","hentry"],"_links":{"self":[{"href":"https:\/\/ctainternacionales.org\/index.php?rest_route=\/wp\/v2\/posts\/2439","targetHints":{"allow":["GET"]}}],"collection":[{"href":"https:\/\/ctainternacionales.org\/index.php?rest_route=\/wp\/v2\/posts"}],"about":[{"href":"https:\/\/ctainternacionales.org\/index.php?rest_route=\/wp\/v2\/types\/post"}],"author":[{"embeddable":true,"href":"https:\/\/ctainternacionales.org\/index.php?rest_route=\/wp\/v2\/users\/1"}],"replies":[{"embeddable":true,"href":"https:\/\/ctainternacionales.org\/index.php?rest_route=%2Fwp%2Fv2%2Fcomments&post=2439"}],"version-history":[{"count":1,"href":"https:\/\/ctainternacionales.org\/index.php?rest_route=\/wp\/v2\/posts\/2439\/revisions"}],"predecessor-version":[{"id":2441,"href":"https:\/\/ctainternacionales.org\/index.php?rest_route=\/wp\/v2\/posts\/2439\/revisions\/2441"}],"wp:attachment":[{"href":"https:\/\/ctainternacionales.org\/index.php?rest_route=%2Fwp%2Fv2%2Fmedia&parent=2439"}],"wp:term":[{"taxonomy":"category","embeddable":true,"href":"https:\/\/ctainternacionales.org\/index.php?rest_route=%2Fwp%2Fv2%2Fcategories&post=2439"},{"taxonomy":"post_tag","embeddable":true,"href":"https:\/\/ctainternacionales.org\/index.php?rest_route=%2Fwp%2Fv2%2Ftags&post=2439"}],"curies":[{"name":"wp","href":"https:\/\/api.w.org\/{rel}","templated":true}]}}