{"id":2436,"date":"2014-10-27T13:00:16","date_gmt":"2014-10-27T16:00:16","guid":{"rendered":"http:\/\/www.ctainternacionales.org\/?p=2436"},"modified":"2014-10-27T13:00:39","modified_gmt":"2014-10-27T16:00:39","slug":"la-delegacion-de-la-cta-debatio-sobre-los-caminos-para-terminar-con-el-trabajo-informal","status":"publish","type":"post","link":"https:\/\/ctainternacionales.org\/?p=2436","title":{"rendered":"La Delegaci\u00f3n de la CTA debati\u00f3 sobre los caminos para terminar con el trabajo informal"},"content":{"rendered":"<p style=\"text-align: justify;\"><a href=\"http:\/\/www.ctainternacionales.org\/wp-content\/uploads\/2014\/10\/la_foto_oit.jpg\"><img loading=\"lazy\" decoding=\"async\" class=\"aligncenter size-thumbnail wp-image-2437\" src=\"http:\/\/www.ctainternacionales.org\/wp-content\/uploads\/2014\/10\/la_foto_oit-307x229.jpg\" alt=\"la_foto_oit\" width=\"307\" height=\"229\" \/><\/a><\/p>\n<p style=\"text-align: justify;\">En el marco de la 18\u00aa Reuni\u00f3n Regional Americana de la OIT que se desarroll\u00f3 durante la semana pasada en Lima, se realiz\u00f3 en sesi\u00f3n plenaria, el segundo di\u00e1logo: \u201cCamino a la equidad: de la informalidad a la formalidad\u201d. El tema fue presentado por tres panelistas y se registraron 18 intervenciones inscriptas con anterioridad.<!--more--><\/p>\n<p style=\"text-align: justify;\">En la visi\u00f3n de los empleadores, se caracteriz\u00f3 la informalidad como \u201ccompetencia desleal\u201d y la propuesta de \u201cmodernizar\u201d la legislaci\u00f3n laboral priorizando \u201cmantener el empleo\u201d. En cambio, desde la visi\u00f3n de los trabajadores, se subray\u00f3 la presencia de empleo precarizado no s\u00f3lo en peque\u00f1as unidades econ\u00f3micas sino tambi\u00e9n en grandes empresas y el encadenamiento productivo por el que las de mayor tama\u00f1o derivan sus requerimientos de producci\u00f3n a peque\u00f1os establecimientos informales.<\/p>\n<p style=\"text-align: justify;\">Se repasaron distintas estrategias de incentivos y sanciones y se puso como ejemplo de experiencia exitosa en el combate a la precariedad, la de Uruguay. Durante la discusi\u00f3n se aclar\u00f3 que no fue por el camino de la desregulaci\u00f3n que se obtuvo este resultado.<\/p>\n<p style=\"text-align: justify;\">Tambi\u00e9n se expres\u00f3 que est\u00e1n en juego derechos humanos y laborales y que los trabajadores no tenemos por qu\u00e9 pagar la factura de las pol\u00edticas neoliberales. Sobre el rol del Estado como empleador, se estableci\u00f3 que debe cumplir, al igual que el sector privado, con la normativa laboral.<\/p>\n<p style=\"text-align: justify;\">Cynthia Pok, Secretaria de Formaci\u00f3n de la CTA, valor\u00f3 la Reuni\u00f3n por la diversidad de voces que se expresaban, pero consider\u00f3 llamativo que aunque se mencionaran los temas, se pusiera poco \u00e9nfasis en ciertas relaciones: entre la acci\u00f3n de las grandes empresas formales y la generaci\u00f3n y persistencia de la informalidad en unidades peque\u00f1as, como si fueran hechos independientes entre s\u00ed; entre el papel de las transnacionales y la depredaci\u00f3n, y las condiciones de vida de los trabajadores precarizados; y entre el reconocimiento de la informalidad y la precariedad s\u00f3lo como objeto de di\u00e1logo y gesti\u00f3n, omitiendo las luchas llevadas a cabo por sus protagonistas para combatirlas e instalarlas as\u00ed como la problem\u00e1tica central de la etapa.<\/p>\n<p style=\"text-align: justify;\">Sin ir m\u00e1s lejos, las Centrales de trabajadores de Per\u00fa llevaban a cabo, el mismo d\u00eda, una Jornada de Lucha, con movilizaci\u00f3n al lugar donde sesionaba la OIT, en rechazo a la pol\u00edtica laboral del gobierno. Tambi\u00e9n se abarcaba la defensa de bienes comunes, en oposici\u00f3n a la privatizaci\u00f3n del agua y otras demandas.<\/p>\n<p style=\"text-align: justify;\">La delegaci\u00f3n de la CTA; integrada por Fito Aguirre, Rub\u00e9n Garrido, Horacio Meguira, Julio Fuentes, Cynthia Pok, Hugo Blasco, Mat\u00edas Cremonte y Ulises Gorini; junto con otros representantes de organizaciones sindicales presentes en la Reuni\u00f3n, particip\u00f3 de la movilizaci\u00f3n. La misma culmin\u00f3 con la entrevista de los dirigentes locales, acompa\u00f1ados por el Secretario General de la CSA, con el Director General de la OIT.<\/p>\n<p style=\"text-align: justify;\">Asimismo, en la ma\u00f1ana, en la reuni\u00f3n del Grupo de los Trabajadores, se hab\u00eda recibido la denuncia de la Comunidad Nativa Alto Tamaya-Saweto sobre desalojos de sus territorios ancestrales, asesinatos de miembros de la comunidad por parte de madereros depredadores, y reclamo de t\u00edtulos de propiedad colectiva. Se decidi\u00f3 acompa\u00f1ar el reclamo y las entrevistas con las autoridades.<\/p>\n<p style=\"text-align: justify;\">Este marco de confrontaci\u00f3n no es ajeno a lo que sucede en todos los pa\u00edses representados en la Reuni\u00f3n y refuerza la necesidad de ratificar los lineamientos planteados por la CTA en los debates: la defensa del derecho a la libertad sindical, a la negociaci\u00f3n colectiva, a la huelga y a la movilizaci\u00f3n, y el fin de la criminalizaci\u00f3n de la protesta.<\/p>\n","protected":false},"excerpt":{"rendered":"En el marco de la 18\u00aa Reuni\u00f3n Regional Americana de la OIT que se desarroll\u00f3 durante la semana pasada en Lima, se realiz\u00f3 \n<a class=\"moretag\" href=\"https:\/\/ctainternacionales.org\/?p=2436\"> [...]<\/a>","protected":false},"author":1,"featured_media":0,"comment_status":"closed","ping_status":"closed","sticky":false,"template":"","format":"standard","meta":{"ngg_post_thumbnail":0,"footnotes":""},"categories":[],"tags":[],"class_list":["post-2436","post","type-post","status-publish","format-standard","hentry"],"_links":{"self":[{"href":"https:\/\/ctainternacionales.org\/index.php?rest_route=\/wp\/v2\/posts\/2436","targetHints":{"allow":["GET"]}}],"collection":[{"href":"https:\/\/ctainternacionales.org\/index.php?rest_route=\/wp\/v2\/posts"}],"about":[{"href":"https:\/\/ctainternacionales.org\/index.php?rest_route=\/wp\/v2\/types\/post"}],"author":[{"embeddable":true,"href":"https:\/\/ctainternacionales.org\/index.php?rest_route=\/wp\/v2\/users\/1"}],"replies":[{"embeddable":true,"href":"https:\/\/ctainternacionales.org\/index.php?rest_route=%2Fwp%2Fv2%2Fcomments&post=2436"}],"version-history":[{"count":1,"href":"https:\/\/ctainternacionales.org\/index.php?rest_route=\/wp\/v2\/posts\/2436\/revisions"}],"predecessor-version":[{"id":2438,"href":"https:\/\/ctainternacionales.org\/index.php?rest_route=\/wp\/v2\/posts\/2436\/revisions\/2438"}],"wp:attachment":[{"href":"https:\/\/ctainternacionales.org\/index.php?rest_route=%2Fwp%2Fv2%2Fmedia&parent=2436"}],"wp:term":[{"taxonomy":"category","embeddable":true,"href":"https:\/\/ctainternacionales.org\/index.php?rest_route=%2Fwp%2Fv2%2Fcategories&post=2436"},{"taxonomy":"post_tag","embeddable":true,"href":"https:\/\/ctainternacionales.org\/index.php?rest_route=%2Fwp%2Fv2%2Ftags&post=2436"}],"curies":[{"name":"wp","href":"https:\/\/api.w.org\/{rel}","templated":true}]}}