{"id":2432,"date":"2014-10-27T12:57:04","date_gmt":"2014-10-27T15:57:04","guid":{"rendered":"http:\/\/www.ctainternacionales.org\/?p=2432"},"modified":"2014-10-27T12:57:31","modified_gmt":"2014-10-27T15:57:31","slug":"la-cta-en-paraguay-se-reunio-con-la-coordinadora-de-centrales-sindicales-del-cono-sur","status":"publish","type":"post","link":"https:\/\/ctainternacionales.org\/?p=2432","title":{"rendered":"La CTA en Paraguay se reuni\u00f3 con la Coordinadora de Centrales Sindicales del Cono Sur"},"content":{"rendered":"<p style=\"text-align: justify;\"><a href=\"http:\/\/www.ctainternacionales.org\/wp-content\/uploads\/2014\/10\/la_foto-5-1.jpg\"><img loading=\"lazy\" decoding=\"async\" class=\"aligncenter size-thumbnail wp-image-2433\" src=\"http:\/\/www.ctainternacionales.org\/wp-content\/uploads\/2014\/10\/la_foto-5-1-307x229.jpg\" alt=\"la_foto-5-1\" width=\"307\" height=\"229\" \/><\/a>\u00a0El lunes 20 de octubre en la ciudad de Asunci\u00f3n del Paraguay se reuni\u00f3 la plenaria de la Coordinadora de Centrales Sindicales del Cono Sur (CCSCS) que puso en discusi\u00f3n un an\u00e1lisis de la situaci\u00f3n del sindicalismo en la regi\u00f3n.<!--more--><\/p>\n<p style=\"text-align: justify;\">En dicha plenaria particip\u00f3 una delegaci\u00f3n de la CTA encabezada por Pablo Micheli, qui\u00e9n estuvo acompa\u00f1ado de Daniel Jorajuria y Adolfo Fito Aguirre. El secretario de Relaciones Internacionales en su intervenci\u00f3n remarc\u00f3 que: \u00abEs necesario e indispensable que entre las Centrales del Cono Sur podamos armar una agenda en com\u00fan donde se de prioridad a las necesidades fundamentales de los trabajadores\u00bb.<\/p>\n<p style=\"text-align: justify;\">Por su parte, Daniel expres\u00f3 la preocupaci\u00f3n de los resultados en la OIT donde los empleadores en representaci\u00f3n del capital financiero se encuentran avanzando sobre el Art\u00edculo 87 de la OIT para no reconocer el derecho a huelga.<\/p>\n<p style=\"text-align: justify;\">El anfitri\u00f3n, Bernardo Rojas, secretario general de la CUT A manifest\u00f3 que es necesario poder tener una concepci\u00f3n global del avance las pol\u00edticas neoliberales, y dio el ejemplo de la situaci\u00f3n de su pa\u00eds donde actualmente m\u00e1s de 40 mil trabajadores estatales que se encuentran en estado de precariedad laboral con contratos temporales est\u00e1n siendo despedidos sistem\u00e1ticamente, y remarc\u00f3: \u00abeste gobierno que se pone el traje de democracia no es m\u00e1s que una feroz dictadura\u00bb.<\/p>\n<p style=\"text-align: justify;\">Por la tarde se mantuvo una reuni\u00f3n con dos compa\u00f1eros trabajadores de Radio Nacional de dicho pa\u00eds, que denunciaron ante la justicia del Paraguay al presidente Horacio Cartes Jara por el supuesto hecho punible de violaci\u00f3n de la soberan\u00eda nacional en materia de espectro radiof\u00f3nico. El decreto n\u00famero 1720 habilita por medio de la alianza p\u00fablico privada (APP) un parque industrial en la propiedad estatal, ubicado a 21 Km de Capiata, donde se encuentra actualmente la antena de radio Nacional. El decreto presidencial en primera instancia viola la posibilidad de deliberaci\u00f3n del legislativo y en segunda instancia esto habilita al desaguase de la Radio Nacional del Paraguay, siendo esta una de las radios de mayor alcance a nivel planetario y patrimonio cultural del Paraguay.<\/p>\n<p style=\"text-align: justify;\">Por otra parte, tambi\u00e9n se mantuvo una reuni\u00f3n con la Federaci\u00f3n de Estudiantes Secundarios quienes han denunciado represi\u00f3n y persecuci\u00f3n a los estudiantes por parte del gobierno de Cartes.<\/p>\n<p style=\"text-align: justify;\">Los estudiantes est\u00e1n reclamando un aumento del 7% del PBI en la educaci\u00f3n p\u00fablica, porque actualmente no supera el 3% del total del producto bruto interno. Tambi\u00e9n est\u00e1n luchando por un almuerzo gratuito para los compa\u00f1eros que poseen doble turno, el pasaje estudiantil, el cese del pago de fotocopias a la matr\u00edcula y el no pago al derecho de examen.<\/p>\n<p style=\"text-align: justify;\">Tras una manifestaci\u00f3n pac\u00edfica frente al Ministerio de Educaci\u00f3n, los estudiantes fueron amenazados con llamados telef\u00f3nicos a sus hogares y presionan a las instituciones educacionales para que proh\u00edban la organizaci\u00f3n de los estudiantes.<\/p>\n<p style=\"text-align: justify;\"><a href=\"http:\/\/www.ctainternacionales.org\/wp-content\/uploads\/2014\/10\/la_foto_1_.jpg\"><img loading=\"lazy\" decoding=\"async\" class=\"aligncenter size-thumbnail wp-image-2434\" src=\"http:\/\/www.ctainternacionales.org\/wp-content\/uploads\/2014\/10\/la_foto_1_-307x196.jpg\" alt=\"la_foto_1_\" width=\"307\" height=\"196\" \/><\/a><\/p>\n<p style=\"text-align: justify;\">Hace unas semanas como consecuencia de dicho reclamo un estudiante a la salida de la escuela fue detenido por fuerzas de seguridad sin identificaci\u00f3n y llevado a la comisar\u00eda para un interrogatorio, donde se le mostraron fotos de sus compa\u00f1eros y bajo los cargos perturbaci\u00f3n de La Paz p\u00fablica fue procesado cumpliendo arresto domiciliario.<\/p>\n<p style=\"text-align: justify;\">La federaci\u00f3n de estudiantes tiene un alcance nacional y alberga una representaci\u00f3n de m\u00e1s 40 mil alumnos. Dicha federaci\u00f3n se encuentra hoy en d\u00eda articulando acciones conjunta con los trabajadores y organizaciones de campesinos para realizar acciones conjuntas como fueron la del paro hist\u00f3rico del Marzo Paraguayo en el corriente a\u00f1o.<\/p>\n<p style=\"text-align: justify;\">La situaci\u00f3n de los trabajadores estudiantes y campesinos en Paraguay con la aplicaci\u00f3n de las pol\u00edticas neoliberales y represivas es muy delicada y desesperante pero la respuesta es mayor organizaci\u00f3n como lo demuestra el congreso de la CUT A que es esperado no s\u00f3lo por sus afiliados sino por todas las centrales del Paraguay m\u00e1s estudiantes campesinos y organizaciones que tengan como fin una sociedad igualitaria.<\/p>\n","protected":false},"excerpt":{"rendered":"\u00a0El lunes 20 de octubre en la ciudad de Asunci\u00f3n del Paraguay se reuni\u00f3 la plenaria de la Coordinadora de Centrales Sindicales del \n<a class=\"moretag\" href=\"https:\/\/ctainternacionales.org\/?p=2432\"> [...]<\/a>","protected":false},"author":1,"featured_media":0,"comment_status":"closed","ping_status":"closed","sticky":false,"template":"","format":"standard","meta":{"ngg_post_thumbnail":0,"footnotes":""},"categories":[],"tags":[],"class_list":["post-2432","post","type-post","status-publish","format-standard","hentry"],"_links":{"self":[{"href":"https:\/\/ctainternacionales.org\/index.php?rest_route=\/wp\/v2\/posts\/2432","targetHints":{"allow":["GET"]}}],"collection":[{"href":"https:\/\/ctainternacionales.org\/index.php?rest_route=\/wp\/v2\/posts"}],"about":[{"href":"https:\/\/ctainternacionales.org\/index.php?rest_route=\/wp\/v2\/types\/post"}],"author":[{"embeddable":true,"href":"https:\/\/ctainternacionales.org\/index.php?rest_route=\/wp\/v2\/users\/1"}],"replies":[{"embeddable":true,"href":"https:\/\/ctainternacionales.org\/index.php?rest_route=%2Fwp%2Fv2%2Fcomments&post=2432"}],"version-history":[{"count":1,"href":"https:\/\/ctainternacionales.org\/index.php?rest_route=\/wp\/v2\/posts\/2432\/revisions"}],"predecessor-version":[{"id":2435,"href":"https:\/\/ctainternacionales.org\/index.php?rest_route=\/wp\/v2\/posts\/2432\/revisions\/2435"}],"wp:attachment":[{"href":"https:\/\/ctainternacionales.org\/index.php?rest_route=%2Fwp%2Fv2%2Fmedia&parent=2432"}],"wp:term":[{"taxonomy":"category","embeddable":true,"href":"https:\/\/ctainternacionales.org\/index.php?rest_route=%2Fwp%2Fv2%2Fcategories&post=2432"},{"taxonomy":"post_tag","embeddable":true,"href":"https:\/\/ctainternacionales.org\/index.php?rest_route=%2Fwp%2Fv2%2Ftags&post=2432"}],"curies":[{"name":"wp","href":"https:\/\/api.w.org\/{rel}","templated":true}]}}