{"id":2426,"date":"2014-10-15T12:05:45","date_gmt":"2014-10-15T15:05:45","guid":{"rendered":"http:\/\/www.ctainternacionales.org\/?p=2426"},"modified":"2014-10-15T12:06:41","modified_gmt":"2014-10-15T15:06:41","slug":"evo-morales-ratifico-su-liderazgo-en-bolivia","status":"publish","type":"post","link":"https:\/\/ctainternacionales.org\/?p=2426","title":{"rendered":"Evo Morales ratific\u00f3 su liderazgo en Bolivia"},"content":{"rendered":"<p style=\"text-align: justify;\"><a href=\"http:\/\/www.ctainternacionales.org\/wp-content\/uploads\/2014\/10\/01320141009192756_ori.jpg\"><img loading=\"lazy\" decoding=\"async\" class=\"aligncenter size-thumbnail wp-image-2427\" src=\"http:\/\/www.ctainternacionales.org\/wp-content\/uploads\/2014\/10\/01320141009192756_ori-307x192.jpg\" alt=\"Bolivia Referendum\" width=\"307\" height=\"192\" \/><\/a><\/p>\n<p style=\"text-align: justify;\">Evo morales gano las elecciones en Bolivia y llega a si a su tercer y \u00a0ultimo mandato consecutivo con mas del 61 % de los votos.<\/p>\n<p style=\"text-align: justify;\"><!--more--><\/p>\n<p style=\"text-align: justify;\">Evo comenz\u00f3 su primera gesti\u00f3n en enero del 2006; en uno de los pa\u00edses de mayor indice de pobreza de la regi\u00f3n, un pa\u00eds que durante d\u00e9cadas fue saqueado por gobiernos y capitales oportunistas.<\/p>\n<p style=\"text-align: justify;\">Pero la nueva historia se escribe con la participaci\u00f3n popular, haciendo de este pa\u00eds una revoluci\u00f3n democr\u00e1tica y cultural que socav\u00f3 los cimientos coloniales, neoliberales e imperialistas que encadenaron al pueblo Boliviano durante siglos.<\/p>\n<p style=\"text-align: justify;\">Evo es el primer presidente ind\u00edgena de toda America que desde su primera gesti\u00f3n convoc\u00f3 a todo el pueblo a debatir en una asamblea constituyente que permiti\u00f3 reformas de la carta magna y la instauraci\u00f3n de una nueva constituci\u00f3n y un Estado Plurinacional.<\/p>\n<p style=\"text-align: justify;\">El primer presidente ind\u00edgena de Bolivia, ha sido f\u00e9rreo defensor de los derecho de los pueblos originarios y del derecho de su pa\u00eds a la autodeterminaci\u00f3n, desafiando las pretensiones intervencionistas de EE.UU. y de los organismos internacionales que est\u00e1n bajo la influencia de ese pa\u00eds.<\/p>\n<p style=\"text-align: justify;\">En su primer gobierno, Morales nacionaliz\u00f3 industrias de recursos naturales con lo que garantiz\u00f3 el crecimiento econ\u00f3mico de 5 por ciento anual para su pa\u00eds, con eso ha logrado 10 a\u00f1os de progreso para Bolivia.<\/p>\n<p style=\"text-align: justify;\">En 2008 Bolivia fue declarado territorio libre de analfabetismo, y ha disminuido la pobreza extrema del 38 por ciento en 2005 a 20 por ciento en 2013, esto gracias a la redistribuci\u00f3n de la riqueza a trav\u00e9s de programas sociales condicionados dirigidos a las poblaciones m\u00e1s vulnerables.<\/p>\n<p style=\"text-align: justify;\">Un pueblo que ha resistido hist\u00f3ricamente los embates de colonialismo, hoy representa un nuevo paradigmas para las democracias burguesas de nuestra regi\u00f3n. El Cocalero l\u00edder sindical es quien nos ofrece por medio de su pueblo la justa distribuci\u00f3n de la riqueza, su participaci\u00f3n popular y su identidad cultural, un claro ejemplo a seguir.<\/p>\n<p>&nbsp;<\/p>\n","protected":false},"excerpt":{"rendered":"Evo morales gano las elecciones en Bolivia y llega a si a su tercer y \u00a0ultimo mandato consecutivo con mas del 61 % \n<a class=\"moretag\" href=\"https:\/\/ctainternacionales.org\/?p=2426\"> [...]<\/a>","protected":false},"author":1,"featured_media":0,"comment_status":"closed","ping_status":"closed","sticky":false,"template":"","format":"standard","meta":{"ngg_post_thumbnail":0,"footnotes":""},"categories":[],"tags":[],"class_list":["post-2426","post","type-post","status-publish","format-standard","hentry"],"_links":{"self":[{"href":"https:\/\/ctainternacionales.org\/index.php?rest_route=\/wp\/v2\/posts\/2426","targetHints":{"allow":["GET"]}}],"collection":[{"href":"https:\/\/ctainternacionales.org\/index.php?rest_route=\/wp\/v2\/posts"}],"about":[{"href":"https:\/\/ctainternacionales.org\/index.php?rest_route=\/wp\/v2\/types\/post"}],"author":[{"embeddable":true,"href":"https:\/\/ctainternacionales.org\/index.php?rest_route=\/wp\/v2\/users\/1"}],"replies":[{"embeddable":true,"href":"https:\/\/ctainternacionales.org\/index.php?rest_route=%2Fwp%2Fv2%2Fcomments&post=2426"}],"version-history":[{"count":2,"href":"https:\/\/ctainternacionales.org\/index.php?rest_route=\/wp\/v2\/posts\/2426\/revisions"}],"predecessor-version":[{"id":2429,"href":"https:\/\/ctainternacionales.org\/index.php?rest_route=\/wp\/v2\/posts\/2426\/revisions\/2429"}],"wp:attachment":[{"href":"https:\/\/ctainternacionales.org\/index.php?rest_route=%2Fwp%2Fv2%2Fmedia&parent=2426"}],"wp:term":[{"taxonomy":"category","embeddable":true,"href":"https:\/\/ctainternacionales.org\/index.php?rest_route=%2Fwp%2Fv2%2Fcategories&post=2426"},{"taxonomy":"post_tag","embeddable":true,"href":"https:\/\/ctainternacionales.org\/index.php?rest_route=%2Fwp%2Fv2%2Ftags&post=2426"}],"curies":[{"name":"wp","href":"https:\/\/api.w.org\/{rel}","templated":true}]}}