{"id":2422,"date":"2014-10-15T11:47:18","date_gmt":"2014-10-15T14:47:18","guid":{"rendered":"http:\/\/www.ctainternacionales.org\/?p=2422"},"modified":"2014-10-15T12:07:45","modified_gmt":"2014-10-15T15:07:45","slug":"la-cta-exige-en-la-oit-la-libertad-sindical-la-negociacion-colectiva-la-huelga-y-la-movilizacion","status":"publish","type":"post","link":"https:\/\/ctainternacionales.org\/?p=2422","title":{"rendered":"LA CTA exige en la OIT la libertad sindical, la negociaci\u00f3n colectiva, la huelga y la movilizaci\u00f3n."},"content":{"rendered":"<p style=\"text-align: justify;\"><a href=\"http:\/\/www.ctainternacionales.org\/wp-content\/uploads\/2014\/10\/fito-interv.jpg\"><img loading=\"lazy\" decoding=\"async\" class=\"aligncenter size-thumbnail wp-image-2423\" src=\"http:\/\/www.ctainternacionales.org\/wp-content\/uploads\/2014\/10\/fito-interv-307x211.jpg\" alt=\"fito interv\" width=\"307\" height=\"211\" \/><\/a><!--more-->Comenz\u00f3 la 18 reuni\u00f3n Regional de las Americana de la OIT. Esta reuni\u00f3n es la mas importante del del mundo del trabajo en las Am\u00e9ricas que convoca a ministros y delegados del gobiernos, as\u00ed como representantes empresariales y sindicatos del continente. <!--more--><\/p>\n<p style=\"text-align: justify;\">Con una asistencia de mas de 400 representantes y delegados de 70 paises se dio inicio a la reuni\u00f3n donde el presidente Ollanta Humala dio comienzo a la 18 reuni\u00f3n de las Am\u00e9ricas celebrada en la ciudad de Lima Peru.<br \/>\nEn su discurso inicial consider\u00f3 \u00abun honor\u00bb la celebraci\u00f3n de la cita de la OIT en Lima y dijo que Per\u00fa la acoge \u00abcomo una expresi\u00f3n de firme compromiso con los objetivos que animan a esta organizaci\u00f3n\u00bb<br \/>\nHoy m\u00e1s que nunca tenemos la necesidad de desarrollar, junto a trabajadores y empleadores, una alternativa para modificar la relaci\u00f3n entre el Estado y la sociedad civil\u00bb, enfatiz\u00f3.<\/p>\n<p style=\"text-align: justify;\">El director general de la OIT, Guy Ryder, agradeci\u00f3, a su turno, la presencia de Humala dijo que este encuentro se realiza \u00aben un escenario complejo\u00bb ya que, tras el crecimiento regional de los \u00faltimos a\u00f1os, \u00abahora hay una franca desaceleraci\u00f3n del crecimiento en la regi\u00f3n que sin duda impactar\u00e1 en los mercados laborales\u00bb.<br \/>\nInvoc\u00f3, en ese sentido, a los pa\u00edses a \u00abactuar de medida muy decidida\u00bb para afrontar los problemas que generar\u00e1 esta desaceleraci\u00f3n y remarc\u00f3 que la OIT \u00abpromueve decididamente un crecimiento econ\u00f3mico con inclusi\u00f3n social, con igualdad y con justicia social\u00bb.<\/p>\n<p style=\"text-align: justify;\">Con la delegaci\u00f3n presente Adolfo Aguirre Secretario de relaciones Internacionales de la CTA en su intervenci\u00f3n manifest\u00f3:<br \/>\n\u00abHemos valorizado mucho desde el sindicalismo de las Am\u00e9ricas el \u00e9nfasis dado en esta Reuni\u00f3n al desarrollo sustentable. A este respecto, el sindicalismo de las Am\u00e9ricas ha definido recientemente un esquema integral de pol\u00edticas denominado Plataforma para el Desarrollo de las Am\u00e9ricas.<br \/>\nEl abanico de temas estrat\u00e9gicos propuestos se plantea en cuatro grandes campos. Siguiendo una creciente pr\u00e1ctica de las organizaciones sindicales, a las tres dimensiones tradicionales, econ\u00f3mica, social y ambiental, agregamos una cuarta: La Politica<br \/>\nEn los documentos de la OIT para esta Reuni\u00f3n algunos de estos temas aparecen pero sin apelar a este agrupamiento estrat\u00e9gico que nosotros usamos, colocando lo pol\u00edtico en un plano similar de importancia a los otros tres.<br \/>\nLos grandes cap\u00edtulos, entre otros, son:<br \/>\n\u2022 La democracia participativa<br \/>\n\u2022 La reforma de los sistemas pol\u00edticos y judiciales<br \/>\n\u2022 El reconocimiento de los sindicatos como instrumentos de la democracia y del ejercicio de los derechos humanos<br \/>\n\u2022 La auto-rreforma sindical.<br \/>\nAqu\u00ed quiero destacar tres puntos, para que revaloricemos tambi\u00e9n en este contexto algunos aspectos. Uno de ellos, contenido en los aspectos de la democracia participativa, es la necesidad de los cambios requeridos para que el sindicalismo se constituya en actor fundamental en la lucha por una nueva hegemon\u00eda que haga posible un modelo de desarrollo sustentable. El protagonismo de las organizaciones sindicales en las confrontaciones en torno a la defensa de los bienes comunes y la soberan\u00eda sobre ellos es un ejemplo en esta direcci\u00f3n.<br \/>\nTambi\u00e9n revalorizar, para la constituci\u00f3n de ese protagonismo, la importancia que debemos conferir a la inclusi\u00f3n, en las estructuras sindicales, de los diversos colectivos laborales en condiciones de informalidad y precariedad, incluyendo, como lo establece la PLADA a los trabajadores\/as tercerizados\/as, subcontratados y por agencias de empleo. Esta ha sido la definici\u00f3n estrat\u00e9gica de nuestra Central y no queda duda que el escenario de nuestros pa\u00edses as\u00ed lo requieren.<br \/>\nPor \u00faltimo, y como aspecto central, rescatar y enfatizar el rechazo de toda represi\u00f3n, pero en particular lo establecido en la PLADA sobre el fin de la criminalizaci\u00f3n de la acci\u00f3n colectiva y de las luchas sociales.<br \/>\nEste ha sido un \u00e9nfasis de mi Central en la preparaci\u00f3n de la posici\u00f3n de la CSA, y que fue tambi\u00e9n se\u00f1alado por el secretario general de la CTA Aut\u00f3noma de Argentina en su intervenci\u00f3n de ayer, como uno de los temas que pedimos a la OIT sean destacados en esta reuni\u00f3n, planteando en concordancia con lo anterior, los cuatro derechos: a la libertad sindical, a la negociaci\u00f3n colectiva, a la huelga, y a la movilizaci\u00f3n, tal como manifest\u00f3 tambi\u00e9n el Secretario General de la CSA en su intervenci\u00f3n\u00bb.<\/p>\n","protected":false},"excerpt":{"rendered":"<a class=\"moretag\" href=\"https:\/\/ctainternacionales.org\/?p=2422\"> [...]<\/a>","protected":false},"author":1,"featured_media":0,"comment_status":"closed","ping_status":"closed","sticky":false,"template":"","format":"standard","meta":{"ngg_post_thumbnail":0,"footnotes":""},"categories":[],"tags":[],"class_list":["post-2422","post","type-post","status-publish","format-standard","hentry"],"_links":{"self":[{"href":"https:\/\/ctainternacionales.org\/index.php?rest_route=\/wp\/v2\/posts\/2422","targetHints":{"allow":["GET"]}}],"collection":[{"href":"https:\/\/ctainternacionales.org\/index.php?rest_route=\/wp\/v2\/posts"}],"about":[{"href":"https:\/\/ctainternacionales.org\/index.php?rest_route=\/wp\/v2\/types\/post"}],"author":[{"embeddable":true,"href":"https:\/\/ctainternacionales.org\/index.php?rest_route=\/wp\/v2\/users\/1"}],"replies":[{"embeddable":true,"href":"https:\/\/ctainternacionales.org\/index.php?rest_route=%2Fwp%2Fv2%2Fcomments&post=2422"}],"version-history":[{"count":3,"href":"https:\/\/ctainternacionales.org\/index.php?rest_route=\/wp\/v2\/posts\/2422\/revisions"}],"predecessor-version":[{"id":2430,"href":"https:\/\/ctainternacionales.org\/index.php?rest_route=\/wp\/v2\/posts\/2422\/revisions\/2430"}],"wp:attachment":[{"href":"https:\/\/ctainternacionales.org\/index.php?rest_route=%2Fwp%2Fv2%2Fmedia&parent=2422"}],"wp:term":[{"taxonomy":"category","embeddable":true,"href":"https:\/\/ctainternacionales.org\/index.php?rest_route=%2Fwp%2Fv2%2Fcategories&post=2422"},{"taxonomy":"post_tag","embeddable":true,"href":"https:\/\/ctainternacionales.org\/index.php?rest_route=%2Fwp%2Fv2%2Ftags&post=2422"}],"curies":[{"name":"wp","href":"https:\/\/api.w.org\/{rel}","templated":true}]}}