{"id":2417,"date":"2014-10-14T12:42:39","date_gmt":"2014-10-14T15:42:39","guid":{"rendered":"http:\/\/www.ctainternacionales.org\/?p=2417"},"modified":"2014-10-14T13:07:07","modified_gmt":"2014-10-14T16:07:07","slug":"cta-en-lima-oit-debemos-reafirmar-el-rechazo-a-la-criminalizacion-de-la-protesta-y-el-derecho-a-huelga","status":"publish","type":"post","link":"https:\/\/ctainternacionales.org\/?p=2417","title":{"rendered":"CTA EN LIMA OIT \u00abDebemos reafirmar el rechazo a la criminalizaci\u00f3n de la protesta y el derecho a huelga\u00bb"},"content":{"rendered":"<p style=\"text-align: justify;\"><a href=\"http:\/\/www.ctainternacionales.org\/wp-content\/uploads\/2014\/10\/IMG-20141013-WA002_edit-2.jpg\"><img loading=\"lazy\" decoding=\"async\" class=\"aligncenter size-thumbnail wp-image-2418\" src=\"http:\/\/www.ctainternacionales.org\/wp-content\/uploads\/2014\/10\/IMG-20141013-WA002_edit-2-307x266.jpg\" alt=\"IMG-20141013-WA002_edit-2\" width=\"307\" height=\"266\" \/><\/a>El secretario general de la CTA, Pablo Micheli, y \u00a0Adolfo Aguirre secretario de relaciones internacionales, con una delegaci\u00f3n \u00a0integrada por : Horacio Meguira director del departamento jur\u00eddico; Hugo Blasco de DDHH; CintHia Pock, del Instituto de la CTA y Ruben Garrido director de Internacionales de la CTA ademas de Julio Fuentes y Matias Cremonte de ATE Nacional. \u00a0est\u00e1n presentes en el Encuentro Regional de la Organizaci\u00f3n Internacional del Trabajo (OIT) que tiene lugar del 13 al 16 de octubre en Lima. Entre otras cuestiones centrales plante\u00f3 la urgente necesidad de frenar la criminalizaci\u00f3n de la protesta social y defender el derecho a huelga. Tambi\u00e9n se refiri\u00f3 a organizarse para enfrentar el \u00abcapitalismo depredador y el imperialismo guerrista\u00bb.<\/p>\n<p style=\"text-align: justify;\"><!--more--><\/p>\n<p style=\"text-align: justify;\">Pablo Micheli est\u00e1 participando de la 18a Reuni\u00f3n Regional Americana de la Organizaci\u00f3n Internacional del Trabajo (OIT) que se desarolla en Lima del 13 al 16 de octubre. Estas reuniones se llevan a cabo cada 4 a\u00f1os y re\u00fanen a los dirigentes sindicales de todo el continente americano, incluyendo a Estados Unidos y Canad\u00e1, as\u00ed como empresarios y representantes de los gobiernos.<\/p>\n<p style=\"text-align: justify;\">En esta oportunidad, seg\u00fan la propia OIT, se conceder\u00e1 especial atenci\u00f3n a los progresos que han alcanzado los pa\u00edses en los \u00faltimos cuatro a\u00f1os en relaci\u00f3n con el Programa de Trabajo Decente y los principales desaf\u00edos con los que se ve confrontada la regi\u00f3n para mantener modelos de crecimiento con inclusi\u00f3n social. Se considerar\u00e1 especialmente el papel de las pol\u00edticas de empleo y protecci\u00f3n social en el incremento de la productividad y la formalidad, asegurando as\u00ed el respeto de los derechos laborales.<\/p>\n<p style=\"text-align: justify;\">En ese contexto, el dirigente de la CTA habl\u00f3 frente a la Embajada de Espa\u00f1a en Lima repudiando la detenci\u00f3n de Katiana Vicens de CCOO: \u00abHay que parar la criminalizaci\u00f3n de la protesta en todo el mundo\u00bb, dijo.<\/p>\n<p style=\"text-align: justify;\">Por otra parte, Micheli intervino tambi\u00e9n en la reuni\u00f3n de Centrales, conocida como Grupo de Trabajadores, en donde plante\u00f3 asimismo la necesidad de luchar contra la creciente criminalizaci\u00f3n de la protesta social as\u00ed como seguir defendiendo el derecho a huelga: \u00abEn esta 18a Conferencia americana de la OIT venimos a defender, entre otras cosas, el derecho a huelga, la libertad y la democracia sindical y el derecho a la negociaci\u00f3n colectiva\u00bb.<\/p>\n<p style=\"text-align: justify;\">El secretario general de la CTA dijo tambi\u00e9n que hab\u00eda que trabajar en conjunto para detener \u00abel avance del capitalismo depredador y el imperialismo guerrista\u00bb y llam\u00f3 al \u00abno pago de la deuda ileg\u00edtima\u00bb.<\/p>\n<p style=\"text-align: justify;\">* Equipo de Comunicaci\u00f3n de la CTA Nacional<\/p>\n","protected":false},"excerpt":{"rendered":"El secretario general de la CTA, Pablo Micheli, y \u00a0Adolfo Aguirre secretario de relaciones internacionales, con una delegaci\u00f3n \u00a0integrada por : Horacio Meguira \n<a class=\"moretag\" href=\"https:\/\/ctainternacionales.org\/?p=2417\"> [...]<\/a>","protected":false},"author":1,"featured_media":0,"comment_status":"closed","ping_status":"closed","sticky":false,"template":"","format":"standard","meta":{"ngg_post_thumbnail":0,"footnotes":""},"categories":[],"tags":[],"class_list":["post-2417","post","type-post","status-publish","format-standard","hentry"],"_links":{"self":[{"href":"https:\/\/ctainternacionales.org\/index.php?rest_route=\/wp\/v2\/posts\/2417","targetHints":{"allow":["GET"]}}],"collection":[{"href":"https:\/\/ctainternacionales.org\/index.php?rest_route=\/wp\/v2\/posts"}],"about":[{"href":"https:\/\/ctainternacionales.org\/index.php?rest_route=\/wp\/v2\/types\/post"}],"author":[{"embeddable":true,"href":"https:\/\/ctainternacionales.org\/index.php?rest_route=\/wp\/v2\/users\/1"}],"replies":[{"embeddable":true,"href":"https:\/\/ctainternacionales.org\/index.php?rest_route=%2Fwp%2Fv2%2Fcomments&post=2417"}],"version-history":[{"count":3,"href":"https:\/\/ctainternacionales.org\/index.php?rest_route=\/wp\/v2\/posts\/2417\/revisions"}],"predecessor-version":[{"id":2421,"href":"https:\/\/ctainternacionales.org\/index.php?rest_route=\/wp\/v2\/posts\/2417\/revisions\/2421"}],"wp:attachment":[{"href":"https:\/\/ctainternacionales.org\/index.php?rest_route=%2Fwp%2Fv2%2Fmedia&parent=2417"}],"wp:term":[{"taxonomy":"category","embeddable":true,"href":"https:\/\/ctainternacionales.org\/index.php?rest_route=%2Fwp%2Fv2%2Fcategories&post=2417"},{"taxonomy":"post_tag","embeddable":true,"href":"https:\/\/ctainternacionales.org\/index.php?rest_route=%2Fwp%2Fv2%2Ftags&post=2417"}],"curies":[{"name":"wp","href":"https:\/\/api.w.org\/{rel}","templated":true}]}}