{"id":2411,"date":"2014-10-08T21:28:40","date_gmt":"2014-10-09T00:28:40","guid":{"rendered":"http:\/\/www.ctainternacionales.org\/?p=2411"},"modified":"2014-10-08T21:31:06","modified_gmt":"2014-10-09T00:31:06","slug":"el-internacionalismo-se-hizo-presente-en-la-carpa-por-el-trabajo-decente","status":"publish","type":"post","link":"https:\/\/ctainternacionales.org\/?p=2411","title":{"rendered":"El internacionalismo se hizo presente en la Carpa por el Trabajo Decente"},"content":{"rendered":"<p style=\"text-align: justify;\"><a href=\"http:\/\/www.ctainternacionales.org\/wp-content\/uploads\/2014\/10\/02-8.jpg\"><img loading=\"lazy\" decoding=\"async\" class=\"aligncenter size-thumbnail wp-image-2412\" src=\"http:\/\/www.ctainternacionales.org\/wp-content\/uploads\/2014\/10\/02-8-307x197.jpg\" alt=\"02-8\" width=\"307\" height=\"197\" \/><\/a><\/p>\n<p style=\"text-align: justify;\">La delegaci\u00f3n de la KCTU de Corea del sur se hizo presente en la Carpa montada en el Obelisco, en pleno coraz\u00f3n de la capital porte\u00f1a. Adolfo \u00abFito\u00bb Aguirre, secretario de Internacionales de la CTA junto al secretario General de CTA Capital, Jos\u00e9 \u00abPepe\u00bb Peralta, recibieron a los compa\u00f1eros en una acci\u00f3n que intenta visualizar y dar debate sobre las condiciones de los trabajadores en Argentina.<\/p>\n<p style=\"text-align: justify;\"><!--more--><\/p>\n<p style=\"text-align: justify;\">\u00abFito\u00bb Aguirre manisfest\u00f3: \u00abEs un honor y una alegr\u00eda tener a la KCTU en nuestra Central. Con La KCTU nos une no solo el internacionalismo sino tambi\u00e9n la fraternidad porque ellos est\u00e1n en Asia y nosotros en el sur de Latinoam\u00e9rica. Junto con otras centrales, con la central de Australia; de la India; de Filipinas, de Africa durante mucho tiempo venimos construyendo lo que denominamos la realidad del sindicalismo Sur-Sur para contrarrestar las decisiones del Norte y es as\u00ed que nuestra central como la KCTU, ambas estamos en los niveles de articulaci\u00f3n para tomar decisiones a nivel global para la solidaridad que tenemos en cada uno de nuestros pa\u00edses\u00bb.<\/p>\n<p style=\"text-align: justify;\">\u00abLa KCTU es una central reconocida en el mundo por su lucha como la nuestra. Y est\u00e1n en una lucha hist\u00f3rica con repercusi\u00f3n a nivel mundial ya que durante muchos a\u00f1os la empresa Samsung se negaba a tener sindicatos y combat\u00eda cualquier tipo de organizaci\u00f3n en su empresa o en su filiales, sin embargo KCTU ha puesto de rodillas a Samsung y ahora esta empresa tiene que reconocer que hay sindicatos en esa multinacional\u00bb, agreg\u00f3 Aguirre.<\/p>\n<p style=\"text-align: justify;\">Adem\u00e1s, el dirigente manifest\u00f3: \u00abSimplemente quiero trasmitirle la alegr\u00eda y el orgullo de que estos compa\u00f1eros y compa\u00f1eras nos visiten. No quer\u00edamos dejar de visitar con esta delegaci\u00f3n la carpa contra la precariedad y por el trabajo digno, debatiendo con el conjunto de los trabajadores no s\u00f3lo las problem\u00e1ticas sino tambi\u00e9n las salidas y soluciones a la precariedad. para construir igualdad m\u00e1s empleo y condiciones dignas discutiendo con los trabajadores qu\u00e9 se hace con la riqueza que generan los trabajadores\u00bb.<\/p>\n<p style=\"text-align: justify;\">\u00abPepe\u00bb Peralta les dio la bienvenida y expres\u00f3 la alegr\u00eda de recibir a los compa\u00f1eros que est\u00e1n visitando nuestra central: \u00abla KCTU al igual que nuestra central son \u00abilegales ya que no tienen el reconocimiento por parte del Estado y as\u00ed y todo son unas de las centrales m\u00e1s luchadoras del mundo\u00bb.<\/p>\n<p style=\"text-align: justify;\">\u00abEsto parece una generalidad que cuando los trabajadores se organizan, el primer intento es la ilegalidad por parte del poder. Lo que demuestra que esta pr\u00e1ctica no es un problema nacional o exclusivo de la Argentina sino que es una practica global. El hecho de poder estar con otras centrales del mundo y compartir la misma problem\u00e1tica nos permite abrir el debate y poder contener a muchos m\u00e1s trabajadores, no s\u00f3lo de nuestro pa\u00eds sino a niveles internacionales. La precaricaci\u00f3n y la explotaci\u00f3n son padecimientos que atraviesa toda la clase trabajadora mundial. Tener la visita de una central que reconozca nuestra lucha, es para nosotros una inmensa alegr\u00eda\u00bb.<\/p>\n<p style=\"text-align: justify;\"><a href=\"http:\/\/www.ctainternacionales.org\/wp-content\/uploads\/2014\/10\/04-11.jpg\"><img loading=\"lazy\" decoding=\"async\" class=\"aligncenter size-thumbnail wp-image-2413\" src=\"http:\/\/www.ctainternacionales.org\/wp-content\/uploads\/2014\/10\/04-11-307x187.jpg\" alt=\"04-11\" width=\"307\" height=\"187\" \/><\/a><\/p>\n<p style=\"text-align: justify;\">Por su parte Mr Lee Keunweon el responsable de la delegaci\u00f3n de la KCTU agradeci\u00f3 por el afecto recibido: \u00abnosotros estamos apoyando sus luchas; que si bien tenemos una distancia con el idioma, no es impedimento para comprender el trabajo que se realiza en esta central. Debemos parar la precarizaci\u00f3n para una vida m\u00e1s digna. En Corea del Sur m\u00e1s de la mitad de los trabajadores est\u00e1n en condiciones de precariedad laboral, un caso emblem\u00e1tico es que la empresa Samsung mas del 50% de trabajadores est\u00e1n en las condiciones que ustedes est\u00e1n denunciando en esta carpa, al otro lado mundo\u00bb.<\/p>\n<p style=\"text-align: justify;\">\u00abEste a\u00f1o, cuando organizabamos un sindicato dentro de la empresa, tuvimos a dos compa\u00f1eros que murieron, por lo que se tuvo que derramar sangre para poder llegar a este logro. Para nosotros, al igual que ustedes del otro lado del mundo, la lucha por el trabajo digno y contra la precariedad es una pelea continua y constante que venimos dando desde nuestra creaci\u00f3n como central\u00bb, agreg\u00f3 Mr Lee keunweon.<\/p>\n","protected":false},"excerpt":{"rendered":"La delegaci\u00f3n de la KCTU de Corea del sur se hizo presente en la Carpa montada en el Obelisco, en pleno coraz\u00f3n de \n<a class=\"moretag\" href=\"https:\/\/ctainternacionales.org\/?p=2411\"> [...]<\/a>","protected":false},"author":1,"featured_media":0,"comment_status":"closed","ping_status":"closed","sticky":false,"template":"","format":"standard","meta":{"ngg_post_thumbnail":0,"footnotes":""},"categories":[],"tags":[],"class_list":["post-2411","post","type-post","status-publish","format-standard","hentry"],"_links":{"self":[{"href":"https:\/\/ctainternacionales.org\/index.php?rest_route=\/wp\/v2\/posts\/2411","targetHints":{"allow":["GET"]}}],"collection":[{"href":"https:\/\/ctainternacionales.org\/index.php?rest_route=\/wp\/v2\/posts"}],"about":[{"href":"https:\/\/ctainternacionales.org\/index.php?rest_route=\/wp\/v2\/types\/post"}],"author":[{"embeddable":true,"href":"https:\/\/ctainternacionales.org\/index.php?rest_route=\/wp\/v2\/users\/1"}],"replies":[{"embeddable":true,"href":"https:\/\/ctainternacionales.org\/index.php?rest_route=%2Fwp%2Fv2%2Fcomments&post=2411"}],"version-history":[{"count":1,"href":"https:\/\/ctainternacionales.org\/index.php?rest_route=\/wp\/v2\/posts\/2411\/revisions"}],"predecessor-version":[{"id":2414,"href":"https:\/\/ctainternacionales.org\/index.php?rest_route=\/wp\/v2\/posts\/2411\/revisions\/2414"}],"wp:attachment":[{"href":"https:\/\/ctainternacionales.org\/index.php?rest_route=%2Fwp%2Fv2%2Fmedia&parent=2411"}],"wp:term":[{"taxonomy":"category","embeddable":true,"href":"https:\/\/ctainternacionales.org\/index.php?rest_route=%2Fwp%2Fv2%2Fcategories&post=2411"},{"taxonomy":"post_tag","embeddable":true,"href":"https:\/\/ctainternacionales.org\/index.php?rest_route=%2Fwp%2Fv2%2Ftags&post=2411"}],"curies":[{"name":"wp","href":"https:\/\/api.w.org\/{rel}","templated":true}]}}