{"id":2407,"date":"2014-10-01T14:54:53","date_gmt":"2014-10-01T17:54:53","guid":{"rendered":"http:\/\/www.ctainternacionales.org\/?p=2407"},"modified":"2014-10-01T14:55:17","modified_gmt":"2014-10-01T17:55:17","slug":"la-kctu-en-la-cta-la-mesa-nacional-dio-la-bienvenida-a-la-kctu-de-corea-del-sur","status":"publish","type":"post","link":"https:\/\/ctainternacionales.org\/?p=2407","title":{"rendered":"LA KCTU en LA CTA La Mesa Nacional dio la bienvenida a la KCTU de Corea del Sur."},"content":{"rendered":"<p style=\"text-align: justify;\"><a href=\"http:\/\/www.ctainternacionales.org\/wp-content\/uploads\/2014\/10\/DSC00084.jpg\"><img loading=\"lazy\" decoding=\"async\" class=\"aligncenter size-thumbnail wp-image-2408\" src=\"http:\/\/www.ctainternacionales.org\/wp-content\/uploads\/2014\/10\/DSC00084-307x204.jpg\" alt=\"DSC00084\" width=\"307\" height=\"204\" \/><\/a><\/p>\n<p style=\"text-align: justify;\">El secretario general Pablo MIcheli, Ricardo Peidro secretario general adjunto y Fito Aguirre secretario de relaciones internacionales y miembros de la mesa nacional recibieron en la CTA Nacional a la delegaci\u00f3n de la KCTU de Corea del Sur integrada por 15 trabajadores representantes de distintos sindicatos. <!--more--><\/p>\n<p style=\"text-align: justify;\">Luego de las presentaciones formales Pablo Micheli les dio la bienvenida y dijo:<br \/>\n-Para nosotros es un honor tener en la CTA una central reconocida a nivel mundial por su lucha y combatividad por los trabajadores.-tambi\u00e9n remarc\u00f3 que: En los A\u00f1os 90 mientras se instal\u00f3 el modelo neoliberal en nuestro pa\u00eds, que tuvo como consecuencias el cierre de f\u00e1bricas y p\u00e9rdidas de miles de puestos trabajo y el procesamiento de centenares de luchadores que hoy integran nuestra central. tambi\u00e9n remarco que -Desde nuestra fundaci\u00f3n siempre estuvimos en la organizaci\u00f3n de la resistencia a nivel internacional y record\u00f3 que en el Foro Social Mundial de Porto Alegre de Brasil en un conservatorio con Samir Amir ( economista egipcio neomarxista) remarco que las centrales ejemplos a seguir en el mundo eran las experiencias de COSATU de Sud\u00e1frica; la CTA de Argentina, la CGT de Francia y la KCTU de Corea del sur. -Tenemos una admiraci\u00f3n y un respeto por la construcci\u00f3n y la lucha de dicha central . Y que a pesar de las distancias y el idioma la lucha no tiene fronteras. Los empresarios del mundo frente a la OIT est\u00e1n intentando avanzar contra los derechos b\u00e1sicos y fundamentales como el derecho a la huelga y este encuentro debe servir para profundizar las relaci\u00f3nes entre dichas centrales ya que debemos unirnos para combatir las desigualdades que no son exclusivas de un pa\u00eds, sino son globales que nos afectan a todos. y que ademas seria un honor poder visitar la experiencia de la KCTU.<br \/>\nPor su parte el responsable de la delegaci\u00f3n Mr Lee Keunweon manifest\u00f3:<br \/>\n-Me siento orgulloso de ser sindicalista por que siento una alegr\u00eda muy especial de estar con ustedes, nosotros estamos por primera vez llamando a una elecci\u00f3n directa y secreta con la KCTU, y nuestra vista no es casual; cuando salimos hacia la Argentina nos encomendaron que aprendamos de la experiencia democr\u00e1tica de la CTA, de las elecciones directas y secretas. Actualmente en Corea estamos pasando una situaci\u00f3n muy dif\u00edcil con un gobierno conservador que no respeta los derechos de los trabajadores como tampoco quiere darle la legalidad ni a los docentes ni a los estatales.<br \/>\nTambi\u00e9n record\u00f3 y agradeci\u00f3 declaraciones de Pablo Micheli cuando se manifest\u00f3 en contra de la privatizaciones en Corea y a favor de la lucha de los trabajadores de la KCTU. El gobierno actual no expresa abiertamente la pol\u00edtica neoliberal pero se esta privatizando los servicios p\u00fablicos como la electricidad , la salud la educaci\u00f3n . Y estamos haciendo paros y movilizaciones para resistir este avance. la KCTU no solo lucha por los derechos laborales sino que luchamos por una sociedad m\u00e1s justa e igualitaria. Se entregaron presentes entre ambas delegaciones y con una gran alegr\u00eda se dio inicio a una visita muy esperada, La delegaci\u00f3n de la KCTU estar\u00e1 toda la semana intercambiando experiencias y enriqueciendo nuestra central con las distintas organizaciones y trabajadores de la CTA.<\/p>\n","protected":false},"excerpt":{"rendered":"El secretario general Pablo MIcheli, Ricardo Peidro secretario general adjunto y Fito Aguirre secretario de relaciones internacionales y miembros de la mesa nacional \n<a class=\"moretag\" href=\"https:\/\/ctainternacionales.org\/?p=2407\"> [...]<\/a>","protected":false},"author":1,"featured_media":0,"comment_status":"closed","ping_status":"closed","sticky":false,"template":"","format":"standard","meta":{"ngg_post_thumbnail":0,"footnotes":""},"categories":[],"tags":[],"class_list":["post-2407","post","type-post","status-publish","format-standard","hentry"],"_links":{"self":[{"href":"https:\/\/ctainternacionales.org\/index.php?rest_route=\/wp\/v2\/posts\/2407","targetHints":{"allow":["GET"]}}],"collection":[{"href":"https:\/\/ctainternacionales.org\/index.php?rest_route=\/wp\/v2\/posts"}],"about":[{"href":"https:\/\/ctainternacionales.org\/index.php?rest_route=\/wp\/v2\/types\/post"}],"author":[{"embeddable":true,"href":"https:\/\/ctainternacionales.org\/index.php?rest_route=\/wp\/v2\/users\/1"}],"replies":[{"embeddable":true,"href":"https:\/\/ctainternacionales.org\/index.php?rest_route=%2Fwp%2Fv2%2Fcomments&post=2407"}],"version-history":[{"count":2,"href":"https:\/\/ctainternacionales.org\/index.php?rest_route=\/wp\/v2\/posts\/2407\/revisions"}],"predecessor-version":[{"id":2410,"href":"https:\/\/ctainternacionales.org\/index.php?rest_route=\/wp\/v2\/posts\/2407\/revisions\/2410"}],"wp:attachment":[{"href":"https:\/\/ctainternacionales.org\/index.php?rest_route=%2Fwp%2Fv2%2Fmedia&parent=2407"}],"wp:term":[{"taxonomy":"category","embeddable":true,"href":"https:\/\/ctainternacionales.org\/index.php?rest_route=%2Fwp%2Fv2%2Fcategories&post=2407"},{"taxonomy":"post_tag","embeddable":true,"href":"https:\/\/ctainternacionales.org\/index.php?rest_route=%2Fwp%2Fv2%2Ftags&post=2407"}],"curies":[{"name":"wp","href":"https:\/\/api.w.org\/{rel}","templated":true}]}}