{"id":2395,"date":"2014-09-24T12:26:20","date_gmt":"2014-09-24T15:26:20","guid":{"rendered":"http:\/\/www.ctainternacionales.org\/?p=2395"},"modified":"2014-09-24T12:26:20","modified_gmt":"2014-09-24T15:26:20","slug":"dia-internacional-contra-la-explotacion-sexual-y-la-trata-por-una-ley-contra-la-violencia-de-genero-en-el-trabajo","status":"publish","type":"post","link":"https:\/\/ctainternacionales.org\/?p=2395","title":{"rendered":"D\u00eda Internacional contra la Explotaci\u00f3n Sexual y la Trata.Por una ley contra la violencia de g\u00e9nero en el trabajo"},"content":{"rendered":"<p style=\"text-align: justify;\"><a href=\"http:\/\/www.ctainternacionales.org\/wp-content\/uploads\/2014\/09\/genero_violencia_laboral_1_of_1_.jpg\"><br \/>\n<\/a> <a href=\"http:\/\/www.ctainternacionales.org\/wp-content\/uploads\/2014\/09\/10419033_685472678216128_7403690242792893467_n.jpg\"><img loading=\"lazy\" decoding=\"async\" class=\"aligncenter size-thumbnail wp-image-2398\" src=\"http:\/\/www.ctainternacionales.org\/wp-content\/uploads\/2014\/09\/10419033_685472678216128_7403690242792893467_n-307x203.jpg\" alt=\"10419033_685472678216128_7403690242792893467_n\" width=\"307\" height=\"203\" \/><\/a>Con la presencia de dirigentes nacionales y provinciales de ATE y la CTA, adem\u00e1s de otras organizaciones, en la tarde de ayer se llev\u00f3 a cabo en el Congreso de la Naci\u00f3n una audiencia p\u00fablica para debatir el proyecto de ley contra la violencia de g\u00e9nero en el trabajo que surgi\u00f3 de la necesidad de las propias trabajadoras. ACTA estuvo presente.<!--more--><\/p>\n<p style=\"text-align: justify;\">\u00abEs un d\u00eda especial, lo siento distinto. Si las compa\u00f1eras construyeron este proyecto es garant\u00eda de que lo van a militar y convertir en ley\u00bb, dijo el diputado nacional de la CTA por Unidad Popular, V\u00edctor De Gennaro. al abrir la audiencia.<\/p>\n<p style=\"text-align: justify;\">Durante la presentaci\u00f3n, De Gennaro sostuvo: \u00abEn estos dos a\u00f1os hemos presentado tres proyecto que constituyen los ejes para una nueva legislaci\u00f3n laboral: ley de trabajadoras y trabajadores sindicalizados, la ley de prevenci\u00f3n y reparaci\u00f3n de enfermedades y accidentes laborales y la ley de violencia laboral\u00bb.<\/p>\n<p style=\"text-align: justify;\">Y a\u00f1adi\u00f3: \u00abHoy se le suma este anteproyecto con el que hacemos visible la violencia de g\u00e9nero, inherente a este sistema social, cultural y pol\u00edtico que victimiza a las mujeres y que se oculta de diferentes maneras, perjudicando a\u00fan m\u00e1s a las v\u00edctimas. No solo ponemos luz sino que damos propuestas concretas para contener el drama de la violencia contra las mujeres y, en muchos casos, tambi\u00e9n contra sus hijos\u00bb.<\/p>\n<p style=\"text-align: justify;\">\u00abEs una satisfacci\u00f3n que la propuesta haya surgido de las compa\u00f1eras y un honor ser el instrumento para que podamos presentarlo con car\u00e1cter de proyecto de ley. Tenemos dos meses para debatirlo con todas las organizaciones y en todo el pa\u00eds, porque vamos a presentarlo el 25 de noviembre en el marco de la Marcha al Congreso en el d\u00eda<br \/>\ncontra la violencia hacia la mujer. Necesitamos un cambio cultural colectivo ya que la violencia de g\u00e9nero no es un problema individual sino social\u00bb, subray\u00f3 el fundador de la CTA.<\/p>\n<p style=\"text-align: justify;\">A su juicio, \u00ablas audiencias p\u00fablicas son las herramientas principales para que el pueblo y las organizaciones pol\u00edticas que se organizan en torno a distintas problem\u00e1ticas discutan tambi\u00e9n desde la institucionalidad, para poder transformar en propuestas y en realidad todo lo que se viene trabajando. Por eso, los diputados nacionales tienen que abrir las puertas del parlamento ya que son representantes del pueblo. Humildemente, desde Unidad Popular venimos realizando las audiencias para trabajar distintas problem\u00e1ticas sociales y creemos que la ciudadan\u00eda no puede estar ajeno a lo que se decide ac\u00e1 adentro\u00bb.<\/p>\n<p style=\"text-align: justify;\">Referido a este anteproyecto, \u00abvamos a seguir trabajando con cuerpo y cabeza para presentarlo como proyecto de Ley el pr\u00f3ximo 25 de noviembre. Tenemos que lograr un presupuesto real y acorde a la necesidad de la violencia de g\u00e9nero. No podemos permitir que solo se destine el 0,0027% como en la actualidad, ya que eso es negar un tema central en la vida de todos nosotros. Sigamos adelante para lograr presupuesto para la actual ley de Violencia de G\u00e9nero 26.485, y tambi\u00e9n luchemos para que este proyecto sobre la violencia de g\u00e9nero en el trabajo sea tratado y votado\u00bb.<\/p>\n<p style=\"text-align: justify;\">Rosario a la vanguardia<br \/>\nLiliana Leyes, secretaria de G\u00e9nero de ATE Rosario, fue la siguiente oradora: \u00abLa ley surgi\u00f3 de un caso concreto de una compa\u00f1era asistente escolar que lleg\u00f3 en muy mal estado producto de las pastillas que le daba el psiquiatra producto de la violencia de g\u00e9nero que soport\u00f3 por muchos a\u00f1os. Las compa\u00f1eras no est\u00e1n locas, tienen que tomar licencia por violencias de todo tipo. Luego vinieron casos de femicidio de compa\u00f1eras y con otros colectivos logramos que en Rosario se declare la emergencia de g\u00e9nero por tantos casos de este tipo. Ah\u00ed arranc\u00f3 el camino de este proyecto de ley\u00bb.<\/p>\n<p style=\"text-align: justify;\">\u00abCada 30 horas una mujer es asesinada por su pareja, por eso, los que militamos tenemos que tener pol\u00edticas desde abajo para proteger a las compa\u00f1eras. Este proyecto lo trabajamos en el marco de unidad en el que venimos construyendo d\u00eda a d\u00eda\u00bb, sum\u00f3 su voz Maria Jos\u00e9 Jerez, secretaria de g\u00e9nero de la CTA rosarina. \u00abPor eso aunque salga la ley, tenemos que hacerla cumplir porque no podemos esperar a que haya voluntad pol\u00edtica\u00bb, concluy\u00f3 Jerez.<\/p>\n<p style=\"text-align: justify;\"><img loading=\"lazy\" decoding=\"async\" class=\"aligncenter size-full wp-image-2399\" src=\"http:\/\/www.ctainternacionales.org\/wp-content\/uploads\/2014\/09\/Unknown.jpeg\" alt=\"Unknown\" width=\"264\" height=\"191\" \/>Marta Galante, directora de la Secretar\u00eda de G\u00e9nero de ATE Nacional se\u00f1al\u00f3: \u00abLo que entendimos es que adem\u00e1s del trabajo en cada territorio ten\u00edamos que nacionalizar el reclamo y por eso lo asumimos. Las mujeres padecemos esta violencia que es cultural, que no tiene que ver con el \u00e1mbito privado ya que es producto de la cultura patriarcal y machista de nuestra sociedad\u00bb.<\/p>\n<p style=\"text-align: justify;\">Luego fue el turno de Mar\u00eda Terragno, abogada de ATE y una de las personas que le dieron cuerpo al proyecto: \u00abLa alternativa no puede ser Trabajo o vida, un tema importante es que adem\u00e1s de la licencia, las compa\u00f1eras que sufren de violencia de g\u00e9nero tengan la posibilidad de pedir el traslado a otra dependencia, y que se respete el derecho a la intimidad en el sentido de que no sean adem\u00e1s estigmatizadas. No puede ser que adem\u00e1s de ser violentadas tengan que cargar con el estigma de que est\u00e1n locas (por lo de la licencia psiqui\u00e1trica)\u00bb.<\/p>\n<p style=\"text-align: justify;\">Silvia Le\u00f3n, secretaria de Organizaci\u00f3n de ATE e integrante del Consejo Directivo Nacional agreg\u00f3: \u00abLa violencia contra la mujer est\u00e1 instalada en los Medios pero el Estado no se hace cargo, no hay leyes y cuando hay no las cumple:no hay presupuesto, no existen dispositivos, no hay equipos de profesionales formados. No hay decisi\u00f3n pol\u00edtica. Tenemos una presidenta mujer pero no hay pol\u00edticas de g\u00e9nero. Sufrimos la doble opresi\u00f3n, es decir de g\u00e9nero y de clase. Por ello esto es un salto cualitativo\u00bb.<\/p>\n<p style=\"text-align: justify;\">Tambi\u00e9n hablo en la audiencia la secretaria de G\u00e9nero de la CTA Nacional, Alejandra Angriman: \u00abEs importante porque esto saca el problema del \u00e1mbito privado y porque protege adem\u00e1s a trabajadoras que antes no estaban contempladas debido a su precarizaci\u00f3n como son las trabajadoras rurales y las de casas particulares\u00bb.<\/p>\n<p style=\"text-align: justify;\">Por su parte, Jorgelina Sosa, secretaria de G\u00e9nero de la CTA Capital record\u00f3 que ya se presentaron proyectos en la legislatura de la Ciudad y que hay que buscar consensos con otras organizaciones para concretar estas demandas de las compa\u00f1eras: \u00abtenemos que hacer esto por nosotras, por nuestras hijas, por nuestras nietas\u00bb.<\/p>\n<p style=\"text-align: justify;\">La \u00faltima en tomar la palabra, antes de que se abriera el debate a todas y todos los presentes fue Nina Brugo,secretaria de la Mujer de UP, quien record\u00f3 que ayer era el D\u00eda de la Lucha Internacional contra la violencia contra la mujer, adem\u00e1s de ser el d\u00eda que se recuerda la sanci\u00f3n de la ley del voto femenino\u00bb.<\/p>\n<p style=\"text-align: justify;\">Contenidos destacados del proyecto<br \/>\nEl proyecto abarca tanto el \u00e1mbito estatal como el privado y las diferentes modalidades de contrataci\u00f3n.<\/p>\n<p style=\"text-align: justify;\">Justifica las licencias que pueda requerir la v\u00edctima, sea por razones f\u00edsicas o sicol\u00f3gicas cuando as\u00ed lo determinen los servicios sociales de atenci\u00f3n o centros de salud. En igual sentido, ser\u00e1n justificadas las faltas de puntualidad en el horario de trabajo.<\/p>\n<p style=\"text-align: justify;\">Tambi\u00e9n tendr\u00e1 derecho a la reducci\u00f3n de la jornada, a la re ordenaci\u00f3n de su tiempo de trabajo, a la movilidad geogr\u00e1fica y a la suspensi\u00f3n de la relaci\u00f3n laboral, con la reserva de su puesto de trabajo.<\/p>\n<p style=\"text-align: justify;\">Tampoco podr\u00e1 ser despedida en los dos a\u00f1os posteriores a la realizaci\u00f3n de la denuncia.<\/p>\n","protected":false},"excerpt":{"rendered":"Con la presencia de dirigentes nacionales y provinciales de ATE y la CTA, adem\u00e1s de otras organizaciones, en la tarde de ayer se \n<a class=\"moretag\" href=\"https:\/\/ctainternacionales.org\/?p=2395\"> [...]<\/a>","protected":false},"author":1,"featured_media":0,"comment_status":"closed","ping_status":"closed","sticky":false,"template":"","format":"standard","meta":{"ngg_post_thumbnail":0,"footnotes":""},"categories":[],"tags":[],"class_list":["post-2395","post","type-post","status-publish","format-standard","hentry"],"_links":{"self":[{"href":"https:\/\/ctainternacionales.org\/index.php?rest_route=\/wp\/v2\/posts\/2395","targetHints":{"allow":["GET"]}}],"collection":[{"href":"https:\/\/ctainternacionales.org\/index.php?rest_route=\/wp\/v2\/posts"}],"about":[{"href":"https:\/\/ctainternacionales.org\/index.php?rest_route=\/wp\/v2\/types\/post"}],"author":[{"embeddable":true,"href":"https:\/\/ctainternacionales.org\/index.php?rest_route=\/wp\/v2\/users\/1"}],"replies":[{"embeddable":true,"href":"https:\/\/ctainternacionales.org\/index.php?rest_route=%2Fwp%2Fv2%2Fcomments&post=2395"}],"version-history":[{"count":2,"href":"https:\/\/ctainternacionales.org\/index.php?rest_route=\/wp\/v2\/posts\/2395\/revisions"}],"predecessor-version":[{"id":2400,"href":"https:\/\/ctainternacionales.org\/index.php?rest_route=\/wp\/v2\/posts\/2395\/revisions\/2400"}],"wp:attachment":[{"href":"https:\/\/ctainternacionales.org\/index.php?rest_route=%2Fwp%2Fv2%2Fmedia&parent=2395"}],"wp:term":[{"taxonomy":"category","embeddable":true,"href":"https:\/\/ctainternacionales.org\/index.php?rest_route=%2Fwp%2Fv2%2Fcategories&post=2395"},{"taxonomy":"post_tag","embeddable":true,"href":"https:\/\/ctainternacionales.org\/index.php?rest_route=%2Fwp%2Fv2%2Ftags&post=2395"}],"curies":[{"name":"wp","href":"https:\/\/api.w.org\/{rel}","templated":true}]}}