{"id":2391,"date":"2014-09-23T02:09:55","date_gmt":"2014-09-23T05:09:55","guid":{"rendered":"http:\/\/www.ctainternacionales.org\/?p=2391"},"modified":"2014-09-23T02:37:20","modified_gmt":"2014-09-23T05:37:20","slug":"hacia-la-federacion-de-trabajadoras-en-casas-particulares-de-la-cta","status":"publish","type":"post","link":"https:\/\/ctainternacionales.org\/?p=2391","title":{"rendered":"Hacia la Federaci\u00f3n de Trabajadoras en Casas Particulares de la CTA"},"content":{"rendered":"<p style=\"text-align: justify;\"><a href=\"http:\/\/www.ctainternacionales.org\/wp-content\/uploads\/2014\/09\/web02.jpg\"><img loading=\"lazy\" decoding=\"async\" class=\"aligncenter size-thumbnail wp-image-2392\" src=\"http:\/\/www.ctainternacionales.org\/wp-content\/uploads\/2014\/09\/web02-307x221.jpg\" alt=\"web02\" width=\"307\" height=\"221\" \/><\/a>Este jueves finaliz\u00f3 el primer encuentro de Trabajadoras en Casas Particulares de la CTA que cont\u00f3 con la participaci\u00f3n de dirigentas de diferentes regiones del pa\u00eds. ACTA habl\u00f3 con algunas de ellas y con Daniel Jorajur\u00eda, Secretario Gremial de la Central, quien remarc\u00f3 la relevancia del encuentro en el que, entre otras cuestiones claves, se plante\u00f3 trabajar en la organizaci\u00f3n de una Federaci\u00f3n de Trabajadoras en Casas Particulares de la CTA.<!--more--><\/p>\n<p style=\"text-align: justify;\"><a href=\"https:\/\/www.youtube.com\/watch?v=yxsJJqFSK6o\">VER VIDEO TRABAJADORAS DE CASAS PARTICULARES<\/a><\/p>\n<p style=\"text-align: justify;\">\u201cHoy estamos teniendo grandes logros con esto de la ley que nos reconoce como trabajadoras. Y teniendo nosotras nuestra delegaci\u00f3n que es el sindicato, cada vez se est\u00e1n acercando m\u00e1s compa\u00f1eras a afiliarse y asesorarse y tambi\u00e9n as\u00ed los empleadores empiezan a enterarse sobre la ley\u201d, dijo Carmen Gonz\u00e1lez, Secretaria General del sindicato que trabaja por los derechos de las trabajadoras en casas particulares de San Nicol\u00e1s, provincia de Buenos Aires. La dirigente cont\u00f3 que hoy son m\u00e1s de 500 las afiliadas y que hay muchas compa\u00f1eras que est\u00e1n por ser blanqueadas.<\/p>\n<p style=\"text-align: justify;\">\u201cEl sindicato es una herramienta para defender nuestros derechos y hacerlos aplicar. Reconocer nuestro derecho no es cobrar de m\u00e1s sino lo que corresponde. Nosotras hoy al salir a trabajar cubrimos nada m\u00e1s que un b\u00e1sico, una canasta familiar pero no sostenemos un hogar\u201d, agreg\u00f3 Gonz\u00e1lez. \u201cEstamos pidiendo un aumento, con esto de la precarizaci\u00f3n los n\u00fameros se fueron muy alto y nuestra escala qued\u00f3 muy baja. No podemos trabajar por 25 pesos la hora como est\u00e1bamos trabajando. La reuni\u00f3n es muy importante, es un gran orgullo, vamos a lograr el aumento y queremos decirles a las compa\u00f1eras que nosotras estamos al frente de esto para poder darle soluciones\u201d, concluy\u00f3 la trabajadora.<\/p>\n<p style=\"text-align: justify;\">\u201cDesde que tenemos la ley, hemos logrado un blanqueo muy grande. Hemos logrado que se pague el sueldo m\u00ednimo, vital y m\u00f3vil que ser\u00edan los 3600 pesos. Hace un a\u00f1o que no hemos tenido un incremento salarial y hoy nos afecta tambi\u00e9n la inflaci\u00f3n que realmente es muy preocupante\u201d, sum\u00f3 su voz Sonia Coprio, Secretaria General del gremio en Neuqu\u00e9n y R\u00edo Negro. \u201cHoy por intermedio de la CTA, en conjunto con otros gremios m\u00e1s de trabajadoras en casas particulares, estamos evaluando esto y pedimos urgente las paritarias. De aqu\u00ed en adelante a seguir la lucha hasta que armemos la Federaci\u00f3n de Ayudantas en Casas Particulares a nivel nacional\u201d, finaliz\u00f3 Coprio.<\/p>\n<p style=\"text-align: justify;\">\u201cEstar dentro de la CTA nos ha dado un empuj\u00f3n bastante grande y organizar a las empleadas en casas particulares no es un dato menor: tenemos una ley que hay que hacer cumplir, tenemos un convenio colectivo de trabajo. Estos son nuestros derechos. Las compa\u00f1eras cada d\u00eda se acercan m\u00e1s a los sindicatos. La organizaci\u00f3n nos va a llevar a defender nuestros derechos porque solas no somos nada pero un mont\u00f3n, marcamos un precedente. Estamos por debajo del salario m\u00ednimo, vital y m\u00f3vil\u201d, expres\u00f3 Stella Maris Salazar, Secretaria General de Sindecaf de San Juan y Secretaria de Interior de la CTA sanjuanina.<\/p>\n<p style=\"text-align: justify;\">\u201cEste primer encuentro de sindicatos de trabajadoras de casas particulares en la CTA sirve para avanzar en la construcci\u00f3n de una Federaci\u00f3n y se hace en este momento porque se est\u00e1 por fijar el Salario M\u00ednimo, Vital y M\u00f3vil y sali\u00f3 de la reuni\u00f3n que se va a exigir como piso de su salario 5 mil pesos\u201d, explic\u00f3 el secretario Gremial de la Central Daniel Jorajur\u00eda.<\/p>\n<p style=\"text-align: justify;\">Al t\u00e9rmino del encuentro que dur\u00f3 dos d\u00edas, Jorajur\u00eda dijo tambi\u00e9n que la Organizaci\u00f3n Internacional del Trabajo (OIT) \u201cest\u00e1 discutiendo una resoluci\u00f3n sobre la formalizaci\u00f3n de la informalidad y en ese marco en el mundo se debate c\u00f3mo ser\u00e1 el trabajo del futuro: si ser\u00e1 formal y con protecci\u00f3n social o ser\u00e1 sin protecci\u00f3n social e informal y en este caso el desarrollo y la lucha de las trabajadoras en casas particulares es una ida a la inversa en el sentido de que est\u00e1n avanzando hacia la formalizaci\u00f3n de su trabajo tomando como base la ratificaci\u00f3n por Argentina del Convenio 189 la ley para el sector que fue aprobada en marzo del 2013 y ahora fortaleciendo su organizaci\u00f3n para el cumplimiento del convenio y sus derechos, por lo tanto es una lucha por la formalizaci\u00f3n de las trabajadoras del sector y por la igualdad de derechos entre mujeres y hombres porque la mayor\u00eda son mujeres y desde este punto de vista la CTA tiene que hacer con este encuentro un reconocimiento a la lucha de las trabajadoras, respaldar su organizaci\u00f3n sindical y seguramente ellas nos estar\u00e1n ayudando tambi\u00e9n como dirigentes nuevas a mejorar el sindicalismo y por lo tanto mejorar la vida de todos los trabajadores\u201d.<\/p>\n<p style=\"text-align: justify;\">Por la Mesa Nacional acompa\u00f1aron el encuentro, Alejandra Angriman, Secretaria de G\u00e9nero; Cynthia Pok, Secretaria de Formaci\u00f3n; Carolina Ocar, Secretaria de Comunicaci\u00f3n y Dora Mart\u00ednez.<\/p>\n<p style=\"text-align: justify;\">Conclusiones del 1\u00ba Encuentro de los Sindicatos de Trabajadoras de Casas Particulares de la CTA<\/p>\n<p style=\"text-align: justify;\">1) Establecer como piso de la escala salarial $ 5.000.- y su respectivo proporcional para el resto de las categor\u00edas mensuales y horarias.<\/p>\n<p style=\"text-align: justify;\">2) Discutir la inclusi\u00f3n en el Salario de \u00edtems no contemplados tales como: \u201cAdicionales por zona desfavorable, por presentismo, antig\u00fcedad y vi\u00e1ticos de traslados.<\/p>\n<p style=\"text-align: justify;\">3) Construir la Federaci\u00f3n Nacional de Trabajadoras de Casas Particulares de la CTA.<\/p>\n<p style=\"text-align: justify;\">4) Buscar mecanismos que garanticen que las trabajadoras tengan la prestaci\u00f3n de Obra Social en Todo el pa\u00eds. Y para su financiamiento se establecer el aporte patronal a la Ley de Obra Social.<\/p>\n<p style=\"text-align: justify;\">5) Impulsar campa\u00f1as de sensibilizaci\u00f3n y esclarecimiento de la poblaci\u00f3n sobre los Derechos de las trabajadoras del sector.<\/p>\n<p style=\"text-align: justify;\">6) Se demand\u00f3 a la CTA el fortalecimiento de su organizaci\u00f3n a trav\u00e9s de acciones de Formaci\u00f3n.<\/p>\n<p style=\"text-align: justify;\">Video: Nicol\u00e1s Honigesz &#8211; Fotograf\u00eda: Walter Piedras<br \/>\n* Equipo de Comunicaci\u00f3n de la CTA<\/p>\n","protected":false},"excerpt":{"rendered":"Este jueves finaliz\u00f3 el primer encuentro de Trabajadoras en Casas Particulares de la CTA que cont\u00f3 con la participaci\u00f3n de dirigentas de diferentes \n<a class=\"moretag\" href=\"https:\/\/ctainternacionales.org\/?p=2391\"> [...]<\/a>","protected":false},"author":1,"featured_media":0,"comment_status":"closed","ping_status":"closed","sticky":false,"template":"","format":"standard","meta":{"ngg_post_thumbnail":0,"footnotes":""},"categories":[],"tags":[],"class_list":["post-2391","post","type-post","status-publish","format-standard","hentry"],"_links":{"self":[{"href":"https:\/\/ctainternacionales.org\/index.php?rest_route=\/wp\/v2\/posts\/2391","targetHints":{"allow":["GET"]}}],"collection":[{"href":"https:\/\/ctainternacionales.org\/index.php?rest_route=\/wp\/v2\/posts"}],"about":[{"href":"https:\/\/ctainternacionales.org\/index.php?rest_route=\/wp\/v2\/types\/post"}],"author":[{"embeddable":true,"href":"https:\/\/ctainternacionales.org\/index.php?rest_route=\/wp\/v2\/users\/1"}],"replies":[{"embeddable":true,"href":"https:\/\/ctainternacionales.org\/index.php?rest_route=%2Fwp%2Fv2%2Fcomments&post=2391"}],"version-history":[{"count":2,"href":"https:\/\/ctainternacionales.org\/index.php?rest_route=\/wp\/v2\/posts\/2391\/revisions"}],"predecessor-version":[{"id":2394,"href":"https:\/\/ctainternacionales.org\/index.php?rest_route=\/wp\/v2\/posts\/2391\/revisions\/2394"}],"wp:attachment":[{"href":"https:\/\/ctainternacionales.org\/index.php?rest_route=%2Fwp%2Fv2%2Fmedia&parent=2391"}],"wp:term":[{"taxonomy":"category","embeddable":true,"href":"https:\/\/ctainternacionales.org\/index.php?rest_route=%2Fwp%2Fv2%2Fcategories&post=2391"},{"taxonomy":"post_tag","embeddable":true,"href":"https:\/\/ctainternacionales.org\/index.php?rest_route=%2Fwp%2Fv2%2Ftags&post=2391"}],"curies":[{"name":"wp","href":"https:\/\/api.w.org\/{rel}","templated":true}]}}