{"id":2386,"date":"2014-09-23T01:03:52","date_gmt":"2014-09-23T04:03:52","guid":{"rendered":"http:\/\/www.ctainternacionales.org\/?p=2386"},"modified":"2014-09-23T01:10:23","modified_gmt":"2014-09-23T04:10:23","slug":"cambiemos-el-sistema-no-el-clima","status":"publish","type":"post","link":"https:\/\/ctainternacionales.org\/?p=2386","title":{"rendered":"Cambiemos el sistema, no el clima"},"content":{"rendered":"<p style=\"text-align: justify;\"><a href=\"http:\/\/www.ctainternacionales.org\/wp-content\/uploads\/2014\/09\/cambio_climatico_nueva_york_marcha-1.jpg\"><img loading=\"lazy\" decoding=\"async\" class=\"aligncenter size-thumbnail wp-image-2388\" src=\"http:\/\/www.ctainternacionales.org\/wp-content\/uploads\/2014\/09\/cambio_climatico_nueva_york_marcha-1-307x200.jpg\" alt=\"cambio_climatico_nueva_york_marcha-1\" width=\"307\" height=\"200\" \/><\/a>M\u00e1s de 300.000 personas marcharon por las calles de Nueva York, en el centro del capitalismo financiero, compartiendo esperanzas y resistencia. Representando a la CTA, estuvo presente Mait\u00e9 Llanos, Asesora de la Secretar\u00eda de Relaciones Internacionales de la Central.<!--more--><\/p>\n<p style=\"text-align: justify;\">Comunidades afectadas por el Hurac\u00e1n Sandy, ni\u00f1os, j\u00f3venes latinos y afrodesc<img loading=\"lazy\" decoding=\"async\" class=\"size-thumbnail wp-image-2387 alignleft\" src=\"http:\/\/www.ctainternacionales.org\/wp-content\/uploads\/2014\/09\/img_541f508b07db2-307x230.jpg\" alt=\"img_541f508b07db2\" width=\"307\" height=\"230\" \/>endientes, pueblos originarios, trabajadores, comunidades de base, dieron vida a una marcha festiva, donde no s\u00f3lo estaban presentes los afectados por el cambio clim\u00e1tico, sino las soluciones y propuestas desde los movimientos, para un cambio real de sistema que responda a la gravedad del problema.<\/p>\n<p style=\"text-align: justify;\">Trabajadores de Nueva York, y de otros estados, estuvieron en las calles, mostrando que la agenda ambiental es ya indudablemente parte de la agenda de resistencia de los sindicatos. Estuvo tambi\u00e9n presente la secretaria General de la CSI, Sharan Burrow y Hassan Yousouf<\/p>\n<p style=\"text-align: justify;\">Las actividades, que llevaron a esta gran convergencia, comenzaron el d\u00eda 18, con la presentaci\u00f3n en la New School del nuevo libro de Naomi Klein, THIS CHANGES EVERYTHING, donde la autora habla de la necesidad de pensar al problema del cambio clim\u00e1tico, no s\u00f3lo como un problema m\u00e1s, sumado a las privatizaciones, los tratados de libre comercio, sino como un problema esencial y que requiere un cambio civilizatorio.<\/p>\n<p style=\"text-align: justify;\">Como expres\u00f3 la autora, no se trata de elegir entre pobreza y contaminaci\u00f3n, esta falsa dicotom\u00eda presente en los proyectos de megaminer\u00eda a cielo abierto, la explotaci\u00f3n de combustibles no convencionales, las inmensas ciudades. La marcha es un llamado a crear una nueva narrativa y un nuevo horizonte de transformaci\u00f3n, con justicia social y ambiental.<\/p>\n<p style=\"text-align: justify;\">El d\u00eda 19, se inaugur\u00f3 el espacio de Convergencia Clim\u00e1tica, principalmente coordinado por el Partido Verde y partidos de izquierda, junto a movimientos y organizaciones sociales. En esa actividad, el diputado Ra\u00fal Dobrusin particip\u00f3 en un panel, junto al candidato a gobernador del Partido Verde del Estado de Nueva York, quien se declar\u00f3 contra el fracking.<\/p>\n<p style=\"text-align: justify;\">El d\u00eda 20 se realiz\u00f3 la reuni\u00f3n de coordinaci\u00f3n anual de la red Sindicatos por la Democracia Energ\u00e9tica (TUED sus siglas en ingl\u00e9s), de la cual la CTA participa con Mait\u00e9 Llanos de la secretaria de Internacionales de la CTA, junto a la CUT de Brasil, NTUI de India, Sentro de Filipinas, TUC de Inglaterra, Internacional de los Servicios P\u00fablicos, Federaci\u00f3n Internacional del Transporte, entre otros, donde se discuti\u00f3 la estrategia sindical a asumir en este punto crucial de las negociaciones sobre cambio clim\u00e1tico.<\/p>\n<p style=\"text-align: justify;\">Camino a la Conferencia de las Partes en Paris, de la negociaci\u00f3n de cambio clim\u00e1tico que se realizar\u00e1 a fines de 2015 y pasando por la cumbre de lima del 1 al 12 de diciembre de 2014, se buscar\u00e1 trabajar en una mayor formaci\u00f3n de los miembros de los sindicatos, en fortalecer la acci\u00f3n del lado de fuera de las negociaciones y de seguir formando alianzas con movimientos y organizaciones sociales en la lucha por la defensa de los bienes comunes y contra la faceta verde del neoliberalismo, y por la construcci\u00f3n de otros caminos de desarrollo.<\/p>\n<p style=\"text-align: justify;\">En la reuni\u00f3n con m\u00e1s de 50 representantes del movimiento sindical, estuvo presente Naomi Klein<br \/>\n\u201cEstuve siguiendo el TUED desde el inicio. Creo que poner la democracia en el centro es crucial, porque cuando miramos como nuestras econom\u00edas se crearon en torno de los combustibles f\u00f3siles, hay una relaci\u00f3n entre la creaci\u00f3n de una econom\u00eda basada en carbono y el poder concentrado y riqueza concentrada. Todo ese sistema lleva a un poder monopolico, los sindicatos fueron una fuerza que enfrenta ese poder, pero nunca pudieron romper la naturaleza centralizada de la econom\u00eda basada en combustibles f\u00f3siles. Es real que responder al cambio clim\u00e1tico es un desaf\u00edo para el capitalismo\u00bb.<\/p>\n<p style=\"text-align: justify;\">El d\u00eda lunes 22 comenz\u00f3 la Cumbre de los Pueblos, donde las comunidades de base de Estados Unidos, Grassroots Global Justice, Climate Justice Action, iglesias, movimiento campesino y otros, convocan a seguir debatiendo en esta ciudad emblem\u00e1tica, sobre el futuro que queremos construir.<\/p>\n<p style=\"text-align: justify;\">Tambi\u00e9n se realiz\u00f3 una acci\u00f3n convocada por Occupy Wall Street, para \u00abinundar a los verdaderos culpables\u00bb denunciando la financiaci\u00f3n de las negociaciones y de la naturaleza, y para denunciar al 1% que son los poderosos del mundo.<\/p>\n<p style=\"text-align: justify;\">Desde New York Mait\u00e9 Llanos.<\/p>\n<p style=\"text-align: justify;\">* Equipo de Comunicaci\u00f3n de la Secretar\u00eda de Relaciones Internacionales de la CTA<\/p>\n","protected":false},"excerpt":{"rendered":"M\u00e1s de 300.000 personas marcharon por las calles de Nueva York, en el centro del capitalismo financiero, compartiendo esperanzas y resistencia. Representando a \n<a class=\"moretag\" href=\"https:\/\/ctainternacionales.org\/?p=2386\"> [...]<\/a>","protected":false},"author":1,"featured_media":0,"comment_status":"closed","ping_status":"closed","sticky":false,"template":"","format":"standard","meta":{"ngg_post_thumbnail":0,"footnotes":""},"categories":[],"tags":[],"class_list":["post-2386","post","type-post","status-publish","format-standard","hentry"],"_links":{"self":[{"href":"https:\/\/ctainternacionales.org\/index.php?rest_route=\/wp\/v2\/posts\/2386","targetHints":{"allow":["GET"]}}],"collection":[{"href":"https:\/\/ctainternacionales.org\/index.php?rest_route=\/wp\/v2\/posts"}],"about":[{"href":"https:\/\/ctainternacionales.org\/index.php?rest_route=\/wp\/v2\/types\/post"}],"author":[{"embeddable":true,"href":"https:\/\/ctainternacionales.org\/index.php?rest_route=\/wp\/v2\/users\/1"}],"replies":[{"embeddable":true,"href":"https:\/\/ctainternacionales.org\/index.php?rest_route=%2Fwp%2Fv2%2Fcomments&post=2386"}],"version-history":[{"count":2,"href":"https:\/\/ctainternacionales.org\/index.php?rest_route=\/wp\/v2\/posts\/2386\/revisions"}],"predecessor-version":[{"id":2390,"href":"https:\/\/ctainternacionales.org\/index.php?rest_route=\/wp\/v2\/posts\/2386\/revisions\/2390"}],"wp:attachment":[{"href":"https:\/\/ctainternacionales.org\/index.php?rest_route=%2Fwp%2Fv2%2Fmedia&parent=2386"}],"wp:term":[{"taxonomy":"category","embeddable":true,"href":"https:\/\/ctainternacionales.org\/index.php?rest_route=%2Fwp%2Fv2%2Fcategories&post=2386"},{"taxonomy":"post_tag","embeddable":true,"href":"https:\/\/ctainternacionales.org\/index.php?rest_route=%2Fwp%2Fv2%2Ftags&post=2386"}],"curies":[{"name":"wp","href":"https:\/\/api.w.org\/{rel}","templated":true}]}}