{"id":2377,"date":"2014-09-12T15:50:33","date_gmt":"2014-09-12T18:50:33","guid":{"rendered":"http:\/\/www.ctainternacionales.org\/?p=2377"},"modified":"2014-09-12T16:11:11","modified_gmt":"2014-09-12T19:11:11","slug":"peru-cuatro-ashaninkas-fueron-asesinados-por-madereros-ilegales","status":"publish","type":"post","link":"https:\/\/ctainternacionales.org\/?p=2377","title":{"rendered":"Peru-  Cuatro ash\u00e1ninkas fueron asesinados por madereros ilegales"},"content":{"rendered":"<p style=\"text-align: left;\"><a href=\"http:\/\/www.ctainternacionales.org\/wp-content\/uploads\/2014\/09\/90_n-300x225.jpg\"><img loading=\"lazy\" decoding=\"async\" class=\"size-full wp-image-2379\" src=\"http:\/\/www.ctainternacionales.org\/wp-content\/uploads\/2014\/09\/90_n-300x225.jpg\" alt=\"90_n-300x225\" width=\"300\" height=\"225\" \/><\/a><\/p>\n<p style=\"text-align: justify;\">Cuatro ind\u00edgenas ash\u00e1ninkas murieron la semana pasada asesinados por madereros ilegales en Ucayali. Esta informaci\u00f3n fue confirmada por la viceministra de Interculturalidad del Ministerio de Cultura, Patricia Balbuena, quien se\u00f1al\u00f3 que un equipo de ese despacho llegar\u00e1 ma\u00f1ana a Pucallpa para atender las demandas de los pobladores de la comunidad de Alto Tamaya-Saweto.<\/p>\n<p style=\"text-align: justify;\">El presidente de la Asociaci\u00f3n de Comunidades Nativas Ash\u00e1ninkas de Masisea y Caller\u00eda (Aconamac), Reyder Sebasti\u00e1n Quinticuari, inform\u00f3 que estos asesinatos habr\u00edan ocurrido el lunes 1 de setiembre, pero por la lejan\u00eda e incomunicaci\u00f3n con el lugar no se pudo conocer el hecho hasta ayer.<\/p>\n<p style=\"text-align: justify;\">\u201cNuestro pueblo siempre ha defendido nuestros recursos y se ha enfrentado a los madereros ilegales que ven nuestras reservas como un lugar para explotar. Hoy llegar\u00e1n los comuneros para hacer la denuncia\u201d, cuenta Sebasti\u00e1n.<\/p>\n<p style=\"text-align: justify;\">El dirigente ind\u00edgena se\u00f1al\u00f3 que uno de los fallecidos es el jefe de la comunidad de Alto Tamaya-Saweto, Edwin Chota. \u00c9l era reconocido por su incansable lucha contra la tala indiscriminada.<\/p>\n<p style=\"text-align: justify;\">La viceministra Balbuena dijo a El Comercio que insistir\u00e1n en dar seguridad en esta zona alejada, constantemente amenazada por la ilegalidad. \u201cNecesitamos que haya puestos de control en estas localidades lim\u00edtrofes con el Brasil\u201d, asegur\u00f3.<\/p>\n<p style=\"text-align: justify;\">Cuatro ind\u00edgenas ash\u00e1ninkas murieron la semana pasada asesinados por madereros ilegales en Ucayali. Esta informaci\u00f3n fue confirmada por la viceministra de Interculturalidad del Ministerio de Cultura, Patricia Balbuena, quien se\u00f1al\u00f3 que un equipo de ese despacho llegar\u00e1 ma\u00f1ana a Pucallpa para atender las demandas de los pobladores de la comunidad de Alto Tamaya-Saweto.<\/p>\n<p style=\"text-align: justify;\">El presidente de la Asociaci\u00f3n de Comunidades Nativas Ash\u00e1ninkas de Masisea y Caller\u00eda (Aconamac), Reyder Sebasti\u00e1n Quinticuari, inform\u00f3 que estos asesinatos habr\u00edan ocurrido el lunes 1 de setiembre, pero por la lejan\u00eda e incomunicaci\u00f3n con el lugar no se pudo conocer el hecho hasta ayer.<\/p>\n<p style=\"text-align: justify;\">\u201cNuestro pueblo siempre ha defendido nuestros recursos y se ha enfrentado a los madereros ilegales que ven nuestras reservas como un lugar para explotar. Hoy llegar\u00e1n los comuneros para hacer la denuncia\u201d, cuenta Sebasti\u00e1n.<\/p>\n<p style=\"text-align: justify;\">El dirigente ind\u00edgena se\u00f1al\u00f3 que uno de los fallecidos es el jefe de la comunidad de Alto Tamaya-Saweto, Edwin Chota. \u00c9l era reconocido por su incansable lucha contra la tala indiscriminada.<\/p>\n<p style=\"text-align: justify;\">La viceministra Balbuena dijo a El Comercio que insistir\u00e1n en dar seguridad en esta zona alejada, constantemente amenazada por la ilegalidad. \u201cNecesitamos que haya puestos de control en estas localidades lim\u00edtrofes con el Brasil\u201d, asegur\u00f3.<\/p>\n<p><b>PRONUNCIAMIENTO COMUNIDAD NATIVA ALTO TAMAYA SAWETO<\/b><b>\u00a0<\/b><\/p>\n<p>Pucallpa, Ucayali\u00a0\u2013\u00a0Per\u00fa,\u00a0 09 de setiembre de 2014<\/p>\n<p>El Pueblo Ind\u00edgena\u00a0Ash\u00e9ninka\u00a0de\u00a0Alto\u00a0Tamaya\u00a0\u2013\u00a0Saweto\u00a0localizado en el distrito de\u00a0Masisea, Coronel Portillo, Ucayali,\u00a0sumidos en un profundo dolor por el vil asesinato de nuestros cuatro l\u00edderes\u00a0ind\u00edgenas\u00a0Edwin Chota Valera, Jorge\u00a0Rios\u00a0P\u00e9rez, Leoncio\u00a0Quinticima\u00a0Mel\u00e9ndez y Francisco Pinedo, quienes como guardianes amaz\u00f3nicos de nuestros bosques ven\u00edan\u00a0\u00a0exigiendo\u00a0la reivindicaci\u00f3n de nuestros derechos ind\u00edgenas\u00a0territoriales;\u00a0hecho repudiable ocurrido el pasado primero de setiembre de 2014, en circunstancias en que se desplazaban de la Comunidad a la Aldea\u00a0Apiwtxa\u00a0ubicada en territorio brasilero, para participar en una reuni\u00f3n con los l\u00edderes ind\u00edgenas y dar continuidad a la agenda de acciones conjuntas frente a la problem\u00e1tica de extracci\u00f3n ilegal de madera\u00a0y tr\u00e1fico de drogas,\u00a0y\u00a0discutir\u00a0las estrategias de vigilancia y fiscalizaci\u00f3n comunitaria; hecho que\u00a0\u00a0enluta a nuestras\u00a0familias, fundamentalmente\u00a0de las v\u00edctimas y a toda nuestra Comunidad\u00a0y al pueblo ind\u00edgena\u00a0Ash\u00e1ninka,\u00a0Ash\u00e9ninka\u00a0que habita en la frontera de Per\u00fa y Brasil; y considerando:<\/p>\n<p>Que el Sistema Internacional e Interamericano de Derechos Humanos, reconocen a los pueblos ind\u00edgenas como sujetos de derecho, con dignidad y autodeterminaci\u00f3n, autonom\u00eda en su gobierno\u00a0y organizaci\u00f3n; e instan a los Estados\u00a0a adoptar medidas en su ordenamiento jur\u00eddico interno para la tutela y realizaci\u00f3n de los derechos colectivos que le son inherentes;<\/p>\n<p>Que,\u00a0el Estado peruano ha firmado y ratificado la Declaraci\u00f3n de las Naciones Unidas sobre Pueblos Ind\u00edgenas, el<\/p>\n<p>Convenio 169 de la\u00a0Organizaci\u00f2n\u00a0Internacional de Trabajo OIT, y la Convenci\u00f3n Americana sobre Derechos Humanos; asumiendo compromisos que fueron incorporados en la Constituci\u00f3n Pol\u00edtica del Per\u00fa, de adoptar acciones y medidas tendientes a garantizar el\u00a0respeto pleno de derechos de los Pueblos Ind\u00edgenas;<\/p>\n<p>Que, nuestro Pueblo Ind\u00edgena Alto\u00a0Tamaya\u00a0&#8211;\u00a0Saweto, ha\u00a0sido reconocido como Comunidad Nativa\u00a0por el Estado Peruano conforme a Ley; no obstante pese a reiterados pedidos que presentamos para concluir con\u00a0la titulaci\u00f3n del territorio\u00a0desde el a\u00f1o 2003, no fuimos atendidos, habiendo transcurrido a la fecha m\u00e1s de diez\u00a0a\u00f1os. Como tampoco\u00a0fueron atendidas:\u00a0la\u00a0petici\u00f3n de exclusi\u00f3n de concesiones forestales superpuestas a nuestro\u00a0territorio ancestral,\u00a0establecidas sin consulta a la poblaci\u00f3n asentada en el lugar;\u00a0ni las denuncias sobre tala ilegal presentadas en esos diez a\u00f1os ante la autoridad forestal y\u00a0la administraci\u00f3n de justicia; ni mucho menos atendidas las denuncias por amenazas de muerte en contra de l\u00edderes y autoridades comunales, que en su debida oportunidad fueron puestas en conocimiento de la Prefectura, del Ministerio P\u00fablico\u00a0a nivel regional\u00a0y de las instituciones el Gobierno Nacional, conforme obran en\u00a0las\u00a0respectivas\u00a0actas suscritas.<\/p>\n<p>Bajo estas consideraciones, nuestra Comunidad se pronuncia y exige al Estado Peruano, por:<\/p>\n<ul>\n<li>Que se realicen todas las investigaciones necesarias para dar con los responsables del asesinato de nuestros cuatro hermanos comuneros\u00a0y se garantice que el hecho no quede impune.<\/li>\n<li>Que las familias de las victimas reciban la apoyo legal,\u00a0atenci\u00f3n\u00a0integral, protecci\u00f3n\u00a0y seguridad necesarios\u00a0para que puedan alcanzar justicia\u00a0y\u00a0reparaciones por la destrucci\u00f3n de su n\u00facleo familiar y social.<\/li>\n<li>Que de manera inmediata se garantice la seguridad de la poblaci\u00f3n de nuestra comunidad que a\u00fan viene siendo amenazada, disponiendo el despliegue de\u00a0las fuerzas del orden; as\u00ed como se genere la presencia del Estado en la zona de frontera\u00a0Ucayali, Per\u00fa con Acre, Brasil, con la correspondiente implementaci\u00f3n de una pol\u00edtica de fronteras integral y sostenible.<\/li>\n<\/ul>\n<ul>\n<li>Que se concluya definitivamente y a la brevedad,\u00a0con la titulaci\u00f3n de nuestro territorio que ha sido la principal causa de la inseguridad que sufrimos por m\u00e1s\u00a0de una d\u00e9cada y que ha conllevado a una sistem\u00e1tica amenaza y violaci\u00f3n de\u00a0nuestros derechos fundamentales\u00a0individuales y colectivos.<\/li>\n<li>Que, se garantice la sostenibilidad de la integraci\u00f3n\u00a0fronteriza frente al tr\u00e1fico\u00a0de drogas.<\/li>\n<\/ul>\n<p>Nosotros, la comunidad Alto\u00a0Tamaya\u00a0&#8211;\u00a0Saweto\u00a0frente a lo expuesto, reafirmamos nuestra identidad como Pueblo<\/p>\n<p>Ind\u00edgena\u00a0Ash\u00e9ninka,\u00a0y el derecho a aspirar a un desarrollo aut\u00f3nomo\u00a0en nuestro territorio,\u00a0preservando el bosque para el beneficio de nuestro\u00a0pueblo, del pa\u00eds\u00a0y del mundo\u00a0y en\u00a0una actitud respetuosa de los mecanismos de di\u00e1logo democr\u00e1tico,\u00a0que siempre nos ha caracterizado,\u00a0reiteramos nuestras demandas ante el Gobierno Nacional y Regional, de\u00a0nuestra aspiraci\u00f3n justa en formas y plazos eficientes y oportunos de obtener la titulaci\u00f3n de nuestro territorio de ocupaci\u00f3n hist\u00f3rica y ancestral.<\/p>\n<p><b>\u00a0<\/b><\/p>\n","protected":false},"excerpt":{"rendered":"Cuatro ind\u00edgenas ash\u00e1ninkas murieron la semana pasada asesinados por madereros ilegales en Ucayali. Esta informaci\u00f3n fue confirmada por la viceministra de Interculturalidad del \n<a class=\"moretag\" href=\"https:\/\/ctainternacionales.org\/?p=2377\"> [...]<\/a>","protected":false},"author":1,"featured_media":0,"comment_status":"closed","ping_status":"closed","sticky":false,"template":"","format":"standard","meta":{"ngg_post_thumbnail":0,"footnotes":""},"categories":[],"tags":[],"class_list":["post-2377","post","type-post","status-publish","format-standard","hentry"],"_links":{"self":[{"href":"https:\/\/ctainternacionales.org\/index.php?rest_route=\/wp\/v2\/posts\/2377","targetHints":{"allow":["GET"]}}],"collection":[{"href":"https:\/\/ctainternacionales.org\/index.php?rest_route=\/wp\/v2\/posts"}],"about":[{"href":"https:\/\/ctainternacionales.org\/index.php?rest_route=\/wp\/v2\/types\/post"}],"author":[{"embeddable":true,"href":"https:\/\/ctainternacionales.org\/index.php?rest_route=\/wp\/v2\/users\/1"}],"replies":[{"embeddable":true,"href":"https:\/\/ctainternacionales.org\/index.php?rest_route=%2Fwp%2Fv2%2Fcomments&post=2377"}],"version-history":[{"count":2,"href":"https:\/\/ctainternacionales.org\/index.php?rest_route=\/wp\/v2\/posts\/2377\/revisions"}],"predecessor-version":[{"id":2383,"href":"https:\/\/ctainternacionales.org\/index.php?rest_route=\/wp\/v2\/posts\/2377\/revisions\/2383"}],"wp:attachment":[{"href":"https:\/\/ctainternacionales.org\/index.php?rest_route=%2Fwp%2Fv2%2Fmedia&parent=2377"}],"wp:term":[{"taxonomy":"category","embeddable":true,"href":"https:\/\/ctainternacionales.org\/index.php?rest_route=%2Fwp%2Fv2%2Fcategories&post=2377"},{"taxonomy":"post_tag","embeddable":true,"href":"https:\/\/ctainternacionales.org\/index.php?rest_route=%2Fwp%2Fv2%2Ftags&post=2377"}],"curies":[{"name":"wp","href":"https:\/\/api.w.org\/{rel}","templated":true}]}}