{"id":2374,"date":"2014-09-12T15:03:39","date_gmt":"2014-09-12T18:03:39","guid":{"rendered":"http:\/\/www.ctainternacionales.org\/?p=2374"},"modified":"2014-09-12T15:03:39","modified_gmt":"2014-09-12T18:03:39","slug":"coordinadora-de-centrales-sindicales-del-cono-sur-declaracion-palestina","status":"publish","type":"post","link":"https:\/\/ctainternacionales.org\/?p=2374","title":{"rendered":"Coordinadora de centrales Sindicales del Cono Sur Declaraci\u00f3n \u00abPalestina\u00bb"},"content":{"rendered":"<h1><a href=\"http:\/\/www.ctainternacionales.org\/wp-content\/uploads\/2014\/09\/images15.jpg\"><img loading=\"lazy\" decoding=\"async\" class=\"size-thumbnail wp-image-2375\" src=\"http:\/\/www.ctainternacionales.org\/wp-content\/uploads\/2014\/09\/images15-307x215.jpg\" alt=\"images15\" width=\"307\" height=\"215\" \/><\/a><\/h1>\n<h1 style=\"text-align: left; \">Coordinadora de Centrales sindocales del Cono Sur<\/h1>\n<p style=\"text-align: left; \">LOS TRABAJADORES DEL MERCOSUR PIDEN JUSTICIA, PAZ Y LIBERTAD PARA<\/p>\n<h2 style=\"text-align: left; \">PALESTINA.<\/h2>\n<h2 style=\"text-align: left; \"><\/h2>\n<h2 style=\"text-align: left; \">DECLARACION:<\/h2>\n<p style=\"text-align: justify; \">A semanas de iniciada esta nueva ofensiva del Estado de Israel en territorio Palestino, que\u00a0se ha cobrado la vida de m\u00e1s de 2.000 civiles palestinos\/as y casi 7000 heridos , de\u00a0manera particular a ni\u00f1os y ni\u00f1as indefensos, algunos de ellos se encontraban en escuelas,\u00a0hospitales incluso en centro de refugiados de la ONU, testimonian la urgente necesidad de\u00a0actuar en defensa de ese pueblo indefenso.\u00a0Los trabajadores del Mercosur no dudamos en caracterizar que estas acciones se han\u00a0convertido en un vergonzoso genocidio del pueblo Palestino. Ante estos hechos la<\/p>\n<p style=\"text-align: justify; \">Coordinadora de Centrales Sindicales del Cono Sur DECLARA:<\/p>\n<p style=\"text-align: justify; \">1. Condenamos fervientemente las acciones sin justificaci\u00f3n alguna, que ha tomado el\u00a0gobierno de Israel en contra al pueblo Palestino.<\/p>\n<p style=\"text-align: justify; \">2. Pedimos un nuevo inmediato llamado a la paz, que debe pasar necesariamente por\u00a0el reconocimiento de los dos Estados independientes, Israel y Palestina, con\u00a0Jerusal\u00e9n como capital compartida, de acuerdo a las resoluciones de las Naciones\u00a0Unidas.<\/p>\n<p style=\"text-align: justify; \">3. El compromiso nuestro es respaldar una causa que es justa. Parar una invasi\u00f3n que\u00a0es criminal. Denunciar con nombre y apellido los intereses que se mueven detr\u00e1s de\u00a0esta invasi\u00f3n.<\/p>\n<p style=\"text-align: justify; \">4. Ante la declaraci\u00f3n de los Presidentes de los Estados miembros del MERCOSUR, la\u00a0cual compartimos, exigimos la urgente suspensi\u00f3n del Tratado de Libre Comercio\u00a0del Mercosur con Israel. Este es un tratado que se suscribi\u00f3 en el a\u00f1o 2010 y que<\/p>\n<p style=\"text-align: justify; \">nosotros creemos tiene que ser denunciado de inmediato.<\/p>\n<p style=\"text-align: justify; \">5.\u00a0\u00a0\u00a0\u00a0\u00a0\u00a0\u00a0\u00a0 Ante el genocidio que est\u00e1 viviendo el pueblo palestino, la CCSCS se compromete a\u00a0trabajar en distintas l\u00edneas de acci\u00f3n, apoyo a la campa\u00f1a mundial de boicot de toda\u00a0mercader\u00eda procedente de territorios que tenga que ver con el Estado de Israel,<\/p>\n<p style=\"text-align: justify; \">acciones similares de parte de los trabajadores de la cultura, de parte de los\u00a0trabajadores que tienen que ver con la industria de alimentos. Son iniciativas que\u00a0plantean horizontes de lucha que debemos tratar de que se accionen, en nuestra\u00a0regi\u00f3n y en otras partes del mundo.<\/p>\n<p style=\"text-align: left; \">\n<h2 style=\"text-align: left; \">Coordinadora de Centrales Sindicales del Cono Sur<\/h2>\n<p>&nbsp;<\/p>\n<h2>Uruguay \u00a0 \u00a0 \u00a0 \u00a0 \u00a0 \u00a0 \u00a0 \u00a0 \u00a0 \u00a0 \u00a0 \u00a0Brasil \u00a0 \u00a0 \u00a0 \u00a0 \u00a0 \u00a0 \u00a0 \u00a0 \u00a0 \u00a0 \u00a0 \u00a0 \u00a0 \u00a0Argentina \u00a0 \u00a0 \u00a0Paraguay \u00a0 \u00a0 \u00a0 \u00a0 \u00a0\u00a0Venezuela<\/h2>\n<h4>PIT CNT \u00a0 \u00a0 \u00a0 \u00a0 \u00a0 \u00a0 \u00a0 \u00a0 \u00a0 CUT &#8211; UGT &#8211; CTB &#8211; Forza Sindical -CGTB \u00a0 \u00a0 \u00a0 \u00a0 \u00a0 \u00a0 \u00a0 \u00a0 CGT &#8211; CTA \u00a0 \u00a0 \u00a0 \u00a0 \u00a0 \u00a0 \u00a0 \u00a0 \u00a0 CNT &#8211; CUT A \u00a0 \u00a0 \u00a0 \u00a0 \u00a0 \u00a0 \u00a0 \u00a0 \u00a0 UNETE &#8211; CTV &#8211; CBST<\/h4>\n<p>&nbsp;<\/p>\n<h2><\/h2>\n<h2><\/h2>\n<p>&nbsp;<\/p>\n<p>&nbsp;<\/p>\n<p>&nbsp;<\/p>\n<p>&nbsp;<\/p>\n<p>&nbsp;<\/p>\n<p>&nbsp;<\/p>\n","protected":false},"excerpt":{"rendered":"Coordinadora de Centrales sindocales del Cono Sur LOS TRABAJADORES DEL MERCOSUR PIDEN JUSTICIA, PAZ Y LIBERTAD PARA PALESTINA. DECLARACION: A semanas de iniciada \n<a class=\"moretag\" href=\"https:\/\/ctainternacionales.org\/?p=2374\"> [...]<\/a>","protected":false},"author":1,"featured_media":0,"comment_status":"closed","ping_status":"closed","sticky":false,"template":"","format":"standard","meta":{"ngg_post_thumbnail":0,"footnotes":""},"categories":[],"tags":[],"class_list":["post-2374","post","type-post","status-publish","format-standard","hentry"],"_links":{"self":[{"href":"https:\/\/ctainternacionales.org\/index.php?rest_route=\/wp\/v2\/posts\/2374","targetHints":{"allow":["GET"]}}],"collection":[{"href":"https:\/\/ctainternacionales.org\/index.php?rest_route=\/wp\/v2\/posts"}],"about":[{"href":"https:\/\/ctainternacionales.org\/index.php?rest_route=\/wp\/v2\/types\/post"}],"author":[{"embeddable":true,"href":"https:\/\/ctainternacionales.org\/index.php?rest_route=\/wp\/v2\/users\/1"}],"replies":[{"embeddable":true,"href":"https:\/\/ctainternacionales.org\/index.php?rest_route=%2Fwp%2Fv2%2Fcomments&post=2374"}],"version-history":[{"count":1,"href":"https:\/\/ctainternacionales.org\/index.php?rest_route=\/wp\/v2\/posts\/2374\/revisions"}],"predecessor-version":[{"id":2376,"href":"https:\/\/ctainternacionales.org\/index.php?rest_route=\/wp\/v2\/posts\/2374\/revisions\/2376"}],"wp:attachment":[{"href":"https:\/\/ctainternacionales.org\/index.php?rest_route=%2Fwp%2Fv2%2Fmedia&parent=2374"}],"wp:term":[{"taxonomy":"category","embeddable":true,"href":"https:\/\/ctainternacionales.org\/index.php?rest_route=%2Fwp%2Fv2%2Fcategories&post=2374"},{"taxonomy":"post_tag","embeddable":true,"href":"https:\/\/ctainternacionales.org\/index.php?rest_route=%2Fwp%2Fv2%2Ftags&post=2374"}],"curies":[{"name":"wp","href":"https:\/\/api.w.org\/{rel}","templated":true}]}}