{"id":2369,"date":"2014-09-09T23:22:37","date_gmt":"2014-09-10T02:22:37","guid":{"rendered":"http:\/\/www.ctainternacionales.org\/?p=2369"},"modified":"2014-09-09T23:26:12","modified_gmt":"2014-09-10T02:26:12","slug":"marie-cristtine-naillod-el-avance-de-la-derecha-en-francia-no-es-un-problema-es-una-verguenza","status":"publish","type":"post","link":"https:\/\/ctainternacionales.org\/?p=2369","title":{"rendered":"Marie Cristtine Naillod  \u00abel avance de la derecha en Francia no es un problema es una verg\u00fcenza\u201d"},"content":{"rendered":"<p style=\"text-align: justify;\"><a href=\"http:\/\/www.ctainternacionales.org\/wp-content\/uploads\/2014\/09\/Sequence-01_2.jpg\"><img loading=\"lazy\" decoding=\"async\" class=\"aligncenter size-thumbnail wp-image-2370\" src=\"http:\/\/www.ctainternacionales.org\/wp-content\/uploads\/2014\/09\/Sequence-01_2-307x171.jpg\" alt=\"Sequence 01_2\" width=\"307\" height=\"171\" \/><\/a><br \/>\nTuvimos el agrado de tener la presencia de Marie Cristtine Naillod representante del departamento de internacionales de la CGT de Francia a quien pudimos entrevistar en su visita por la CTA <!--more--><\/p>\n<p style=\"text-align: justify;\"><strong>Situaci\u00f3n del empleo\u00a0<\/strong><\/p>\n<p style=\"text-align: justify;\">Vivimos una taza de desempleo muy alta no solo en Francia sino en toda Europa, la crisis global es muy fuerte en todos los pa\u00edses de la UE incluso en aquellos pa\u00edses mas fuertes econ\u00f3micamente. El desempleo se manifiesta de varias maneras, El sector mas precarizado en el mercado laboral son las mujeres, los empleadores tomaron la modalidad de sistemas de contrataci\u00f3n por 25 hs. sobre las 35 hs. semanales\u00a0 por ley con lo cual no llegan ni a un salario\u00a0 m\u00ednimo que no alcanza para vivir. Son los llamados trabajadores pobres que no pueden sobrevivir con lo que ganan. la precariedad es un fen\u00f3meno no solo de Francia sino de toda Europa. Hay una fuerte tendencia a que los sistemas de contrataci\u00f3n sean por periodos de tres meses, y tenemos trabajadores que hace 10 a\u00f1os tienen este sistema contrataci\u00f3n. Por lo que quedan exentos de beneficios sociales, como cobertura medica , aguinaldos, vacaciones y expuestos sin derechos frente a los empleadores.\u00a0Esta modalidad si bien se comenz\u00f3 en empresas Transnacionales hoy se ponen en practica en casi todas las industrias.<\/p>\n<p style=\"text-align: justify;\"><strong>TLC &#8211; UE y EEUU\u00a0<\/strong><\/p>\n<p style=\"text-align: justify;\">El tratado de libre comercio entre la UE y EEUU es asim\u00e9trica ya que las normas y reglas son impuestas en forma directa por Estados Unidos, desde la l\u00f3gica comercial es una forma de evitar el mercado asi\u00e1tico entre a la UE\u00a0 que ha logrado insertarse en casi todos los continentes; De todas formas todav\u00eda no sabemos que paquete de exigencias tiene dicho tratado\u00a0 ya que los pliegos no fueron abiertos para el conjunto de la sociedad y tampoco creo que se den a conocer. Pero lo si sabemos es que las experiencias a nivel global nunca fueron favorables para los trabajadores, sabemos que se negocian en primer termino las condiciones sociales y si se comparan con las condiciones de EEUU estar\u00edamos en retroceso con los derechos sociales conquistados tanto en Francia como en casi toda Europa.<br \/>\nya esta legislada una \u00abcl\u00e1usula Inversor \u00bb que permite a las multinacionales que se instalan en Francia que su legislaci\u00f3n no sea mediada por la justicia o los tribunales de nuestro pais, sino por tribunales internacionales que siempre fallan a favor de las transnacionales; porque ademas estas \u201centidades que justician de arbitro\u201d fueron creadas para solo para defender los intereses del capital.\u00a0 Nosotros con la CGT de Francia creamos un frente con distintos sectores y organizaciones\u00a0 para resistir el avance del tratado de libre comercio.<br \/>\nla situaci\u00f3n es muy critica y tambi\u00e9n es dif\u00edcil movilizar a la gente para salir a la calle y decir lo que quieren y a su vez\u00a0 se da es una ruptura\u00a0 con los partidos tradicionales y una inclinaci\u00f3n hacia la extrema derecha. Nosotros estamos en campa\u00f1a para dar ese debate ya que sabemos que en ese espacio no hay soluci\u00f3n para los trabajadores; pero tambi\u00e9n afirmamos que en este contexto de globalizaci\u00f3n ni los franceses ni la UE\u00a0 van a salir solos de esta crisis. tenemos que entender de que Francia y los pa\u00edses de centro europa hemos llegado a un nivel tope de desarrollo y que no puede subir mas y tampoco creo que sea necesario, pero lo que si vemos es que si queremos un real desarrollo es hacer lo necesario para que otros pa\u00edses tengan el mismo nivel de desarrollo y sobre todo los del sur. y si nosotros no ayudamos a otros pa\u00edses a subir su nivel de vida y una mayor calidad en el empleo con sus respectivas protecciones,\u00a0 No vamos a salir de la crisis. No podemos salir de la crisis cuando mas de la mitad del mundo esta muriendo de hambre.<\/p>\n<p style=\"text-align: justify;\"><strong>Avance de la derecha en Francia\u00a0<\/strong><\/p>\n<p style=\"text-align: justify;\">Despu\u00e9s de la elecci\u00f3n del gobierno socialista en Francia, nosotros cre\u00edamos en\u00a0 un cambio social, pero muy poco despu\u00e9s de su elecci\u00f3n el presidente Francois Hollande tomo una\u00a0 posici\u00f3n social dem\u00f3crata de derecha, por esa raz\u00f3n mas de 50 diputados de su misma fuerza est\u00e1n diciendo que el camino escogido por el actual mandatario es una profunda contradicci\u00f3n para el electorado de izquierda y de aquellos que ve\u00edan la posibilidad de un cambio.\u00a0 Para nosotros no es un gobierno de izquierda y la poblaci\u00f3n hoy esta decepcionada del gobierno y tambi\u00e9n de la derecha mas tradicional representada en\u00a0 Sarkozy como tambi\u00e9n decepcionada de la izquierda, y en medio de la disputa de subjetividad las pociones de la extrema derecha toman mucha fuerza; el discurso como mayor seguridad para los franceses y menos migraci\u00f3n, que permitir\u00eda mayor puestos de trabajos para los \u00abpropios Franceses\u201dy romper v\u00ednculos con la UE es un discurso muy primario y reaccionarios con una fuerte impronta nacionalista y discriminatoria incluso con la primera y segunda y tercera generaci\u00f3n de hijos de migrantes. Y el argumento de salir de la UE es una tonter\u00eda es una opci\u00f3n que no existe; Actualmente nosotros tenemos que encontrar las opciones de poder intervenir dentro de la UE, pero el avance de la derecha no es solo un problema sino una verg\u00fcenza<\/p>\n","protected":false},"excerpt":{"rendered":"Tuvimos el agrado de tener la presencia de Marie Cristtine Naillod representante del departamento de internacionales de la CGT de Francia a quien \n<a class=\"moretag\" href=\"https:\/\/ctainternacionales.org\/?p=2369\"> [...]<\/a>","protected":false},"author":1,"featured_media":0,"comment_status":"closed","ping_status":"closed","sticky":false,"template":"","format":"standard","meta":{"ngg_post_thumbnail":0,"footnotes":""},"categories":[],"tags":[],"class_list":["post-2369","post","type-post","status-publish","format-standard","hentry"],"_links":{"self":[{"href":"https:\/\/ctainternacionales.org\/index.php?rest_route=\/wp\/v2\/posts\/2369","targetHints":{"allow":["GET"]}}],"collection":[{"href":"https:\/\/ctainternacionales.org\/index.php?rest_route=\/wp\/v2\/posts"}],"about":[{"href":"https:\/\/ctainternacionales.org\/index.php?rest_route=\/wp\/v2\/types\/post"}],"author":[{"embeddable":true,"href":"https:\/\/ctainternacionales.org\/index.php?rest_route=\/wp\/v2\/users\/1"}],"replies":[{"embeddable":true,"href":"https:\/\/ctainternacionales.org\/index.php?rest_route=%2Fwp%2Fv2%2Fcomments&post=2369"}],"version-history":[{"count":3,"href":"https:\/\/ctainternacionales.org\/index.php?rest_route=\/wp\/v2\/posts\/2369\/revisions"}],"predecessor-version":[{"id":2373,"href":"https:\/\/ctainternacionales.org\/index.php?rest_route=\/wp\/v2\/posts\/2369\/revisions\/2373"}],"wp:attachment":[{"href":"https:\/\/ctainternacionales.org\/index.php?rest_route=%2Fwp%2Fv2%2Fmedia&parent=2369"}],"wp:term":[{"taxonomy":"category","embeddable":true,"href":"https:\/\/ctainternacionales.org\/index.php?rest_route=%2Fwp%2Fv2%2Fcategories&post=2369"},{"taxonomy":"post_tag","embeddable":true,"href":"https:\/\/ctainternacionales.org\/index.php?rest_route=%2Fwp%2Fv2%2Ftags&post=2369"}],"curies":[{"name":"wp","href":"https:\/\/api.w.org\/{rel}","templated":true}]}}