{"id":2361,"date":"2014-09-09T21:57:32","date_gmt":"2014-09-10T00:57:32","guid":{"rendered":"http:\/\/www.ctainternacionales.org\/?p=2361"},"modified":"2014-09-09T21:57:54","modified_gmt":"2014-09-10T00:57:54","slug":"fito-aguirre-de-visita-en-mexico","status":"publish","type":"post","link":"https:\/\/ctainternacionales.org\/?p=2361","title":{"rendered":"\u00abFito\u00bb Aguirre de visita en M\u00e9xico"},"content":{"rendered":"<p style=\"text-align: center;\"><a href=\"http:\/\/www.ctainternacionales.org\/wp-content\/uploads\/2014\/09\/fito-auditorio-.jpg\"><img loading=\"lazy\" decoding=\"async\" class=\"size-thumbnail wp-image-2362 alignleft\" src=\"http:\/\/www.ctainternacionales.org\/wp-content\/uploads\/2014\/09\/fito-auditorio--307x230.jpg\" alt=\"fito auditorio\" width=\"307\" height=\"230\" \/><\/a>\u00a0Adolfo \u00abFito\u00bb Aguirre, Secretario de Relaciones Internacionales de la Central, visit\u00f3 \u00a0 \u00a0 M\u00e9xico con una exhaustiva agenda en el Distrito Federal. Invitado por el Sindicato de Trabajadores de la Universidad Aut\u00f3noma de M\u00e9xico (STUNAM) a su 33\u00ba Congreso Ordinario, particip\u00f3 de la actividad que se realizo en el auditorio nacional con la presencia de 10 mil trabajadores.<!--more--><\/p>\n<p><a href=\"http:\/\/www.ctainternacionales.org\/wp-content\/uploads\/2014\/09\/ass.jpg\"><img loading=\"lazy\" decoding=\"async\" class=\"size-thumbnail wp-image-2367 aligncenter\" src=\"http:\/\/www.ctainternacionales.org\/wp-content\/uploads\/2014\/09\/ass-307x230.jpg\" alt=\"ass\" width=\"307\" height=\"230\" \/><\/a><\/p>\n<p style=\"text-align: justify;\">\u201cTuve el honor de ser uno de los oradores internacionales frente a uno de los sindicatos m\u00e1s importantes de ese pa\u00eds con una convocatoria y con un ejercicio democr\u00e1tico muy grande; teniendo en cuenta que este congreso se realiza todos los a\u00f1os con la misma intensidad y convocatoria, en una ciudad universitaria donde actualmente estudian 340 mil alumnos\u201d, cont\u00f3 a ACTA \u201cFito\u201d Aguirre.<\/p>\n<p style=\"text-align: justify;\">En su intervenci\u00f3n en el congreso, remarc\u00f3 la importancia que tiene M\u00e9xico para Latinoam\u00e9rica y su movimiento sindical ya que geopol\u00edticamente representa la antesala de lo que puede ocurrir en Am\u00e9rica Latina y el Caribe. Y destac\u00f3 la responsabilidad que como clase trabajadora tenemos de acompa\u00f1ar y solidarizarnos en la lucha contra el avance de cualquier modelo que oprima al pueblo.<\/p>\n<p style=\"text-align: justify;\">-\u00bfPor qu\u00e9 es importante y estrat\u00e9gico M\u00e9xico?<\/p>\n<p style=\"text-align: justify;\">&#8211; En primer lugar porque tiene una clase trabajadora de las m\u00e1s importantes en la regi\u00f3n. Por su historia de lucha y experiencias revolucionarias, recordemos que la Constituci\u00f3n Social de Mexico de 1917 es resultado directo de revoluci\u00f3n mexicana. Porque en la coyuntura actual con el gobierno de Enrique Pe\u00f1a Nieto est\u00e1n en marcha una serie de reformas que exponen un modelo neoliberal de los m\u00e1s avanzados en estos tiempos.<\/p>\n<p style=\"text-align: justify;\">Y lo que vemos es que hay un creciente movimiento sindical que resiste a estas reformas y nosotros, desde nuestra experiencia, podemos cooperar con los trabajadores mexicanos; ya que los esquemas de debate planteados en los parlamentos, como la instalaci\u00f3n mediatizada ejercida por las transnacionales y el capital en su conjunto para el traspaso de lo publico y estatal al sector privado, son muy similares a los que nosotros atravesamos en d\u00e9cadas pasadas; con las consecuencias de desempleo, pobreza y debilitamiento de la clase trabajadora que ya conocemos.<\/p>\n<p style=\"text-align: justify;\">Adem\u00e1s porque creemos que Argentina y M\u00e9xico pueden jugar un papel importante a escala global, teniendo en cuenta el papel que ocupa EEUU en esa regi\u00f3n.<\/p>\n<p style=\"text-align: justify;\">Recordemos tambi\u00e9n que los dirigentes de la STUNAM como Jos\u00e9 Olivera de la Uni\u00f3n Nacional de Trabajadores de M\u00e9xico (UNT) o como H\u00e9ctor de la Cueva, Coordinador General del Centro de Investigaci\u00f3n Laboral y Asesor\u00eda Sindical Silas M\u00e9xico, siempre nos acompa\u00f1aron y apoyaron a nuestra central, por lo que esta cooperaci\u00f3n con los trabajadores mexicanos ya es una realidad.<\/p>\n<p style=\"text-align: justify;\"><a href=\"http:\/\/www.ctainternacionales.org\/wp-content\/uploads\/2014\/09\/olvera.jpg\"><img loading=\"lazy\" decoding=\"async\" class=\"aligncenter size-thumbnail wp-image-2363\" src=\"http:\/\/www.ctainternacionales.org\/wp-content\/uploads\/2014\/09\/olvera-307x230.jpg\" alt=\"olvera\" width=\"307\" height=\"230\" \/><\/a><\/p>\n<p style=\"text-align: justify;\">-\u00bfC\u00f3mo afecta el tratado de libre comercio entre M\u00e9xico y EEUU a los trabajadores?<\/p>\n<p style=\"text-align: justify;\">&#8211; M\u00e9xico no puede escapar de la sombra de EEUU y Canad\u00e1 y son ellos quienes dictaminan y marcan las normas de juego, donde la asimetr\u00eda es cada vez mayor y totalmente desfavorable para el pueblo mexicano. Se podr\u00eda decir que es el gran laboratorio donde se realizan los ensayos de esquemas de contratos de \u201cprotecci\u00f3n\u201d, nuevos modelos de sistemas de contrataci\u00f3n de mayor flexibilidad laboral y precarizaci\u00f3n; como tambi\u00e9n favorecer a los inversores y transnacionales para obtener tasas de ganancias exorbitantes con el menor riesgo posible y con toda la legislaci\u00f3n a su favor. Y un poco contestando la pregunta anterior estos ensayos son los que m\u00e1s tarde se trasladan al resto de los pa\u00edses de la regi\u00f3n.<\/p>\n<p style=\"text-align: justify;\">-\u00bfQu\u00e9 otra articulaci\u00f3n realizaste en M\u00e9xico?<\/p>\n<p style=\"text-align: justify;\">&#8211; Fui invitado a participar en la Primera Conferencia Nacional de Trabajadoras y Trabajadores organizada por la Nueva Central de Trabajadores de M\u00e9xico (NCT) que se desarroll\u00f3 en el sindicato de trabajadores electricistas, con una presencia de 700 dirigentes sindicales. Dicha conferencia es la preparaci\u00f3n del pr\u00f3ximo congreso a realizarse a fin de este a\u00f1o. La caracter\u00edstica de esta Central es que se conform\u00f3 en febrero del 2014 y que est\u00e1 integrada por el Sindicato Mexicano de Electricistas (SME), secciones de la Coordinadora Nacional de Trabajadores de la Educaci\u00f3n (CNTE), la Alianza de Tranviarios y el Sindicato Independiente de Trabajadores de la Universidad Aut\u00f3noma Metropolitana (Situam), entre otros gremios.<\/p>\n<p style=\"text-align: justify;\">En la nueva Central participan representantes sindicales y trabajadores de diferentes ramas de la industria, los servicios, incluso de organizaciones campesinas, jubilados y pensionados.<\/p>\n<p style=\"text-align: justify;\"><a href=\"http:\/\/www.ctainternacionales.org\/wp-content\/uploads\/2014\/09\/NCT.jpg\"><img loading=\"lazy\" decoding=\"async\" class=\"aligncenter size-thumbnail wp-image-2364\" src=\"http:\/\/www.ctainternacionales.org\/wp-content\/uploads\/2014\/09\/NCT-307x230.jpg\" alt=\"NCT\" width=\"307\" height=\"230\" \/><\/a><a href=\"http:\/\/www.ctainternacionales.org\/wp-content\/uploads\/2014\/09\/NCT-2.jpg\"><img loading=\"lazy\" decoding=\"async\" class=\"aligncenter size-thumbnail wp-image-2365\" src=\"http:\/\/www.ctainternacionales.org\/wp-content\/uploads\/2014\/09\/NCT-2-307x230.jpg\" alt=\"NCT 2\" width=\"307\" height=\"230\" \/><\/a><\/p>\n<p style=\"text-align: justify;\">Fui recibido por Mart\u00edn Esparza, Secretario General de (NCT) y promotor de esta nueva iniciativa como respuesta a organizar a los trabajadores independientes. Mart\u00edn Esparza me relat\u00f3 como fue el desmantelamiento de la empresa de electricidad a partir de la aplicaci\u00f3n de las \u201cnuevas\u201d pol\u00edticas neoliberales y de privatizaciones aplicadas en M\u00e9xico. En la empresa de electricidad se produjo un desmantelamiento con despidos masivos de m\u00e1s 44 mil trabajadores, donde s\u00f3lo 16 mil no aceptaron el retiro y hoy resisten y se reorganizan frente a lo que ellos dieron por nombre \u201cel Golpe\u201d. La empresa estatal, hoy se encuentra rifada en la l\u00f3gica de la privatizaci\u00f3n al mejor postor. La contra ofensiva de los trabajadores es, por un lado convertirse en un sindicato Nacional ya que pertenec\u00edan s\u00f3lo al Distrito Federal y, por el otro conformar cooperativas de trabajo.<\/p>\n<p style=\"text-align: justify;\">Desde la CTA, y a partir de nuestra experiencia, los invitamos a que se encuentren con los compa\u00f1eros de ANTA por el trabajo asociado relizado por ellos, ya que en el esquema que se presenta es muy f\u00e1cil caer en la trampa de prestar servicios a las privatizadas y convertirse en empresas.<\/p>\n<p style=\"text-align: justify;\">* Equipo de Comunicaci\u00f3n de la Secretar\u00eda de Relaciones Internacionales de la CTA<\/p>\n","protected":false},"excerpt":{"rendered":"\u00a0Adolfo \u00abFito\u00bb Aguirre, Secretario de Relaciones Internacionales de la Central, visit\u00f3 \u00a0 \u00a0 M\u00e9xico con una exhaustiva agenda en el Distrito Federal. Invitado \n<a class=\"moretag\" href=\"https:\/\/ctainternacionales.org\/?p=2361\"> [...]<\/a>","protected":false},"author":1,"featured_media":0,"comment_status":"closed","ping_status":"closed","sticky":false,"template":"","format":"standard","meta":{"ngg_post_thumbnail":0,"footnotes":""},"categories":[],"tags":[],"class_list":["post-2361","post","type-post","status-publish","format-standard","hentry"],"_links":{"self":[{"href":"https:\/\/ctainternacionales.org\/index.php?rest_route=\/wp\/v2\/posts\/2361","targetHints":{"allow":["GET"]}}],"collection":[{"href":"https:\/\/ctainternacionales.org\/index.php?rest_route=\/wp\/v2\/posts"}],"about":[{"href":"https:\/\/ctainternacionales.org\/index.php?rest_route=\/wp\/v2\/types\/post"}],"author":[{"embeddable":true,"href":"https:\/\/ctainternacionales.org\/index.php?rest_route=\/wp\/v2\/users\/1"}],"replies":[{"embeddable":true,"href":"https:\/\/ctainternacionales.org\/index.php?rest_route=%2Fwp%2Fv2%2Fcomments&post=2361"}],"version-history":[{"count":1,"href":"https:\/\/ctainternacionales.org\/index.php?rest_route=\/wp\/v2\/posts\/2361\/revisions"}],"predecessor-version":[{"id":2368,"href":"https:\/\/ctainternacionales.org\/index.php?rest_route=\/wp\/v2\/posts\/2361\/revisions\/2368"}],"wp:attachment":[{"href":"https:\/\/ctainternacionales.org\/index.php?rest_route=%2Fwp%2Fv2%2Fmedia&parent=2361"}],"wp:term":[{"taxonomy":"category","embeddable":true,"href":"https:\/\/ctainternacionales.org\/index.php?rest_route=%2Fwp%2Fv2%2Fcategories&post=2361"},{"taxonomy":"post_tag","embeddable":true,"href":"https:\/\/ctainternacionales.org\/index.php?rest_route=%2Fwp%2Fv2%2Ftags&post=2361"}],"curies":[{"name":"wp","href":"https:\/\/api.w.org\/{rel}","templated":true}]}}