{"id":2351,"date":"2014-08-28T00:56:38","date_gmt":"2014-08-28T03:56:38","guid":{"rendered":"http:\/\/www.ctainternacionales.org\/?p=2351"},"modified":"2014-08-28T01:10:39","modified_gmt":"2014-08-28T04:10:39","slug":"multitudinaria-marcha-de-la-cta-y-la-multisectorial","status":"publish","type":"post","link":"https:\/\/ctainternacionales.org\/?p=2351","title":{"rendered":"Paro de 36 horas. Multitudinaria marcha de la CTA y la Multisectorial"},"content":{"rendered":"<p style=\"text-align: justify;\"><a href=\"http:\/\/www.ctainternacionales.org\/wp-content\/uploads\/2014\/08\/140827-nota02.jpg\"><img loading=\"lazy\" decoding=\"async\" class=\"aligncenter size-thumbnail wp-image-2352\" src=\"http:\/\/www.ctainternacionales.org\/wp-content\/uploads\/2014\/08\/140827-nota02-307x236.jpg\" alt=\"140827-nota02\" width=\"307\" height=\"236\" \/><\/a><\/p>\n<p style=\"text-align: justify;\">En el marco del paro de 36 horas que protagoniza la CTA en unidad de acci\u00f3n con otras centrales sindicales y organizaciones del campo popular, se realiz\u00f3 una masiva concentraci\u00f3n frente al Cabildo para marchar al Congreso Nacional. Un grupo de dirigentes fue recibido por diputados a quienes se les entreg\u00f3 el pliego reivindicativo de la jornada de lucha<!--more--><\/p>\n<p style=\"text-align: justify;\"><a href=\"https:\/\/www.youtube.com\/watch?v=McVioq1M-YY\">VIDEO ENTREVISTA PABLO MICHELI<\/a><\/p>\n<p style=\"text-align: justify;\"><a href=\"http:\/\/www.ctainternacionales.org\/wp-content\/uploads\/2014\/08\/140827-nota04.jpg\"><img loading=\"lazy\" decoding=\"async\" class=\"aligncenter size-thumbnail wp-image-2354\" src=\"http:\/\/www.ctainternacionales.org\/wp-content\/uploads\/2014\/08\/140827-nota04-307x209.jpg\" alt=\"140827-nota04\" width=\"307\" height=\"209\" \/><\/a><\/p>\n<p style=\"text-align: justify;\">Desde las 14 comenzaron a concentrar trabajadores y organizaciones que llegaban luego de haber protagonizado los distintos cortes y actos en el \u00e1rea Metropolitana, confluyendo en las puertas del Cabildo. Con los bombos al frente, avanzaba la movilizaci\u00f3n de miles de trabajadores a trav\u00e9s de Avenida de Mayo.<\/p>\n<p style=\"text-align: justify;\">La multitud reclam\u00f3 la urgente sanci\u00f3n una ley que proh\u00edba los despidos y suspensiones por un a\u00f1o, la derogaci\u00f3n del impuesto al salario, el cese de la precarizaci\u00f3n laboral, el desprocesamiento de todos los luchadores sociales, el 82% m\u00f3vil para todos los jubilados y pensionados, la suspensi\u00f3n del pago a los organismos internacionales mientras se investigan el origen de esa deuda fraudulenta, entre otras demandas hist\u00f3ricas.<\/p>\n<p style=\"text-align: justify;\">Hacia las 16 horas, las columnas arribaron al Congreso Nacional, donde una delegaci\u00f3n integrada por compa\u00f1eros de las organizaciones convocantes, fue recibida por un grupo de diputados a quienes se les entreg\u00f3 el pliego reivindicativo del paro de 36 horas.<\/p>\n<p style=\"text-align: justify;\">Al frente de la locuci\u00f3n del acto, Juan Carlos \u201cPip\u00f3n\u201d Giuliani destac\u00f3 la exitosa jornada de paro con cortes porque: \u201cla fuerza de la organizaci\u00f3n de los trabajadores es imparable\u201d. Tambi\u00e9n resalt\u00f3 el paro que llevar\u00e1 adelante la Uni\u00f3n de Conductores de la Rep\u00fablica Argentina (UCRA-CTA) en 22 provincias, aunque la UTA haya decidido no plegarse a la medida, con lo cual \u00abva a ser muy importante la adhesi\u00f3n de los conductores de corta, media y larga distancia\u00bb.<\/p>\n<p style=\"text-align: justify;\">Junto con Pip\u00f3n, la compa\u00f1era Giselle Santana, Secretaria General por la Regional Norte de CTA Capital, nombraron a todas y cada una de las organizaciones, agrupaciones y juntas internas que se encontraban presentes en el acto a la vez que recordaban los principales puntos de la jornada de lucha. Adem\u00e1s se augur\u00f3 una contundencia rotunda hacia el paro del jueves 28.<\/p>\n<p style=\"text-align: justify;\">Unidad de acci\u00f3n para frenar el ajuste<br \/>\nEn primer lugar, hizo uso de la palabra un compa\u00f1ero de la junta interna de LEAR: \u201cHemos desarrollado una lucha para dar respuesta a todos los trabajadores que enfrentan suspensiones y despidos en las empresas\u201d, resumi\u00f3 el delegado al tiempo que record\u00f3 las peleas que llevan adelante los trabajadores de EMFER, TATSA y Donneley.<\/p>\n<p style=\"text-align: justify;\">Por el movimiento Barrios de Pie, habl\u00f3 a la multitud Daniel Men\u00e9ndez: \u201cdesde nuestro movimiento es un honor acompa\u00f1ar esta jornada de lucha de 36 horas en todo el pa\u00eds. Acompa\u00f1amos la pelea de la clase obrera ante la recesi\u00f3n y el ajuste. Para quienes estamos sin un trabajo estable, este es el camino hacia un pa\u00eds m\u00e1s justo y soberano\u201d.<\/p>\n<p style=\"text-align: justify;\"><a href=\"http:\/\/www.ctainternacionales.org\/wp-content\/uploads\/2014\/08\/140827-nota01.jpg\"><img loading=\"lazy\" decoding=\"async\" class=\"aligncenter size-thumbnail wp-image-2353\" src=\"http:\/\/www.ctainternacionales.org\/wp-content\/uploads\/2014\/08\/140827-nota01-307x216.jpg\" alt=\"140827-nota01\" width=\"307\" height=\"216\" \/><\/a><\/p>\n<p style=\"text-align: justify;\">Juan Alderete se refiri\u00f3 en nombre de la Corriente Clasista Combativa: \u201cEstamos dando cumplimiento al paro convocado por la CTA y la Multisectorial\u201d. El dirigente destac\u00f3 la presencia de los distintos Pueblos Originarios en las marchas de todo el pa\u00eds, de los estudiantes, de los campesinos, etc\u00e9tera. \u201cLo fundamental en nuestro pa\u00eds es que hay recesi\u00f3n y eso se ve en la inflaci\u00f3n que llev\u00f3 a la p\u00e9rdida de muchos puestos de trabajo en lo que va del a\u00f1o. Por eso los trabajadores desocupados vamos a estar haciendo piquetes en todo el pa\u00eds, junto a otros trabajadores. Y si este paro no alcanza, seguiremos en la calle\u201d, resumi\u00f3 Alderete.<\/p>\n<p style=\"text-align: justify;\">A su turno, por la Corriente Sindical Clasista se dirigi\u00f3 Marcelo Ramal, legislador del Partido Obrero qui\u00e9n celebr\u00f3 el comienzo del paro nacional activo: \u201cEs un paro que empez\u00f3 hace mucho. Es el paro que reclam\u00f3 Gestamp, Lear, los azucareros del norte, los trabajadores de Donneley, los de los frigor\u00edficos que cerraros, los docentes, de la extraordinaria huelga de docentes universitario de Tucum\u00e1n. Este paro lo hemos reclamado en tantas jornadas de lucha del \u00faltimo tiempo, por eso es total\u201d. Y en respuesta al gobierno que sugiere que los piquetes impiden la \u00ablibre elecci\u00f3n\u00bb de los trabajadores ante el paro agreg\u00f3 \u00abhacemos piquetes para garantizar el derecho de huelga, porque en un 70% de las empresas no hay delegados y no pueden parar aunque quieran\u00bb.<\/p>\n<p style=\"text-align: justify;\">Luego fue el momento de Vilma Ripoll, qui\u00e9n tomo la voz en nombre del Movimiento Socialista de Trabajadores: \u201cEsta semana, el Gobierno ha cambiado nuevamente de actitud, ha vuelto con el doble discurso para descargar el ajuste sobre los trabajadores. Tenemos que enfrentar ese doble discurso porque sigue la inflaci\u00f3n, la precarizaci\u00f3n y la criminalizaci\u00f3n. Queremos una Ley que proh\u00edba los despidos y las suspensiones, que se repartan las horas de trabajo entre los compa\u00f1eros y que cada empresa que cierre, sea estatizada y controlada por los trabajadores\u201d.<\/p>\n<p style=\"text-align: justify;\">Una central de masas para la liberaci\u00f3n<br \/>\nPor \u00faltimo, hizo uso de la palabra Pablo Micheli, Secretario General de la CTA, resaltando el an\u00e1lisis que hicieron los dem\u00e1s compa\u00f1eros y valorando los diagn\u00f3sticos similares m\u00e1s all\u00e1 de las organizaciones que integra cada dirigente.<\/p>\n<p style=\"text-align: justify;\">Micheli se refiri\u00f3 a una pregunta constante entre los periodistas los \u00faltimas d\u00edas, que tiene que ver con la raz\u00f3n del paro si el Gobierno hace o\u00eddos sordos y no va a llamar a ninguna reuni\u00f3n: \u201cEs porque queremos hacer temblar a las clases dominantes, porque se asustan cuando ven a la clase obrera organizada. Ellos est\u00e1n tan preocupados que intentan demonizarnos como clase, diciendo que nos bancan los fondos buitres\u201d.<\/p>\n<p style=\"text-align: justify;\">\u201cPobres son quienes no van al paro, son unos verdaderos cago.nes que han sido cooptados por este Gobierno y eso es una verg\u00fcenza\u201d, dijo Micheli a la vez que record\u00f3 la letra del poeta Ra\u00fal Gonz\u00e1lez Tu\u00f1\u00f3n que dice \u201ccuando se escriba la historia, que se sepa que no estuvimos de acuerdo\u201d, \u201cY para eso hay que salir a la calle, no se va a saber que no estamos de acuerdo si nos quedamos adentro\u201d, agreg\u00f3 el l\u00edder de CTA Nacional.<\/p>\n<p style=\"text-align: justify;\">Adem\u00e1s, el Secretario General de la Central record\u00f3 una consigna del 2001 que debe ser retomada en esta etapa: \u201cf\u00e1brica que se cierra, f\u00e1brica que se toma, porque no vamos a dejar a m\u00e1s compa\u00f1eros y familias en la calle\u201d.<\/p>\n<p style=\"text-align: justify;\">Tambi\u00e9n se refiri\u00f3 al encuentro que tuvieron minutos antes con Diputados Nacionales: \u201cnos recibi\u00f3 una treintena de diputados, todos los presidentes de bloques menos los del oficialismo K y los del Pro, que son lo mismo. All\u00ed planteamos todas nuestras reivindicaciones\u201d.<\/p>\n<p style=\"text-align: justify;\">\u201cA nosotros jam\u00e1s nos van a ver retroceder ante el imperio, ni un paso atr\u00e1s, ni siquiera para tomar impulso. Por eso no debemos pagarle ni un centavo a los Buitres ni a ning\u00fan organismo internacional. Nos importa un carajo el bloqueo y el default. Latinoam\u00e9rica tiene suficiente para no depender de ning\u00fan imperio. Hacer patria es ser soberanos\u201d, dijo Micheli a la vez que era aplaudido por la multitud de trabajadores.<\/p>\n<p style=\"text-align: justify;\">El dirigente de la Central critic\u00f3 la alianza que existe entre la burocracia sindical, la patronal y el Gobierno: \u201cact\u00faan en conjunto para destruir todo frente de lucha. Por eso nosotros tambi\u00e9n tenemos que actuar en unidad, dejando de lado las diferencias y as\u00ed poder construir un movimiento de masas\u201d.<\/p>\n<p style=\"text-align: justify;\">Finalmente resalt\u00f3 los fundamentos de la unidad de acci\u00f3n para frenar el ajuste: \u201cTenemos que juntarnos para construir ofensiva y esa convicci\u00f3n est\u00e1 s\u00f3lo en nosotros. Nosotros como CTA queremos estar en todos los conflictos, pero no queremos estar solos sino con todos los sectores del campo popular. Fuerza Compa\u00f1eros\u201d.<\/p>\n<p>&nbsp;<\/p>\n","protected":false},"excerpt":{"rendered":"En el marco del paro de 36 horas que protagoniza la CTA en unidad de acci\u00f3n con otras centrales sindicales y organizaciones del \n<a class=\"moretag\" href=\"https:\/\/ctainternacionales.org\/?p=2351\"> [...]<\/a>","protected":false},"author":1,"featured_media":0,"comment_status":"closed","ping_status":"closed","sticky":false,"template":"","format":"standard","meta":{"ngg_post_thumbnail":0,"footnotes":""},"categories":[],"tags":[],"class_list":["post-2351","post","type-post","status-publish","format-standard","hentry"],"_links":{"self":[{"href":"https:\/\/ctainternacionales.org\/index.php?rest_route=\/wp\/v2\/posts\/2351","targetHints":{"allow":["GET"]}}],"collection":[{"href":"https:\/\/ctainternacionales.org\/index.php?rest_route=\/wp\/v2\/posts"}],"about":[{"href":"https:\/\/ctainternacionales.org\/index.php?rest_route=\/wp\/v2\/types\/post"}],"author":[{"embeddable":true,"href":"https:\/\/ctainternacionales.org\/index.php?rest_route=\/wp\/v2\/users\/1"}],"replies":[{"embeddable":true,"href":"https:\/\/ctainternacionales.org\/index.php?rest_route=%2Fwp%2Fv2%2Fcomments&post=2351"}],"version-history":[{"count":2,"href":"https:\/\/ctainternacionales.org\/index.php?rest_route=\/wp\/v2\/posts\/2351\/revisions"}],"predecessor-version":[{"id":2356,"href":"https:\/\/ctainternacionales.org\/index.php?rest_route=\/wp\/v2\/posts\/2351\/revisions\/2356"}],"wp:attachment":[{"href":"https:\/\/ctainternacionales.org\/index.php?rest_route=%2Fwp%2Fv2%2Fmedia&parent=2351"}],"wp:term":[{"taxonomy":"category","embeddable":true,"href":"https:\/\/ctainternacionales.org\/index.php?rest_route=%2Fwp%2Fv2%2Fcategories&post=2351"},{"taxonomy":"post_tag","embeddable":true,"href":"https:\/\/ctainternacionales.org\/index.php?rest_route=%2Fwp%2Fv2%2Ftags&post=2351"}],"curies":[{"name":"wp","href":"https:\/\/api.w.org\/{rel}","templated":true}]}}