{"id":2346,"date":"2014-08-25T17:21:49","date_gmt":"2014-08-25T20:21:49","guid":{"rendered":"http:\/\/www.ctainternacionales.org\/?p=2346"},"modified":"2014-08-25T21:33:24","modified_gmt":"2014-08-26T00:33:24","slug":"llamamiento-a-la-movilizacion-hacia-la-cumbre-de-los-pueblos","status":"publish","type":"post","link":"https:\/\/ctainternacionales.org\/?p=2346","title":{"rendered":"Llamamiento a la movilizaci\u00f3n hacia la Cumbre de los Pueblos"},"content":{"rendered":"<p>&nbsp;<\/p>\n<p><a href=\"http:\/\/www.ctainternacionales.org\/wp-content\/uploads\/2014\/08\/Tote-cambio-climatico-032.jpg\"><img loading=\"lazy\" decoding=\"async\" class=\"aligncenter size-thumbnail wp-image-2347\" src=\"http:\/\/www.ctainternacionales.org\/wp-content\/uploads\/2014\/08\/Tote-cambio-climatico-032-307x202.jpg\" alt=\"Tote-cambio-climatico-032\" width=\"307\" height=\"202\" \/><\/a><\/p>\n<p style=\"text-align: justify;\">Maite llanos desde la secretaria de relaciones internacionales de la CTA asisti\u00f3 a la reuni\u00f3n convocada por CSA (confederaci\u00f3n Sindical de las Am\u00e9ricas) en la ciudad de Lima Peru los d\u00edas 12 y 13 de agosto ; dichos encuentros son preparatorios para lograr \u00a0acuerdos con otras centrales del mundo y con organizaciones sociales, campesinos estudiantes y la sociedad civil en su conjunto para lograr \u00a0un posicionamiento \u00a0y hacer presi\u00f3n con propuestas alternativas en la \u00a0\u00abCumbre de los Pueblos\u00bb.<\/p>\n<p style=\"text-align: justify;\"><!--more--><br \/>\nla \u201cCumbre de los Pueblos frente al Cambio Clim\u00e1tico.\u201d, se desarrollara del 9 al 12 de diciembre de 2014, como magno evento alternativo a la 20\u00aa. Conferencia de las Partes de la Convenci\u00f3n Marco de Naciones Unidas para el Cambio Clim\u00e1tico (COP 20, por sus siglas en ingl\u00e9s) a realizarse durante la primera quincena de diciembre en la ciudad de Lima, en la rep\u00fablica del Per\u00fa.<br \/>\nLos acuerdos que adoptemos en dicho eventos ser\u00e1n de suma importancia para el futuro del planeta y la humanidad. Nos encontramos ante una situaci\u00f3n de emergencia planetaria, con cada vez mayores efectos negativos sobre la vida de las personas y los ecosistemas, con eventos clim\u00e1ticos extremos que ocasionan cuantiosas p\u00e9rdidas y da\u00f1os, muchas veces irreversibles, que profundizan la vulnerabilidad y la pobreza.<br \/>\nEs urgente promover, ejecutar y garantizar acciones ante la crisis clim\u00e1tica. Sumemos nuestras voces, nuestras manos, nuestros corazones, nuestro talento y nuestra capacidad creadora para evitar que la irresponsabilidad de quienes colocan en primer lugar sus intereses particulares e inmediatos por sobre los de la humanidad entera, nos conduzca a la destrucci\u00f3n de la biodiversidad y posibilidades de vida en el Planeta<\/p>\n<p style=\"text-align: justify;\">\n<p style=\"text-align: justify;\"><strong>Dimensi\u00f3n desde los trabajadores:\u00a0<\/strong><\/p>\n<p style=\"text-align: justify;\">Esta dimensi\u00f3n viene a sumarse a los impactos que tendr\u00e1 sobre la actividad productiva, la econom\u00eda y el empleo analizados por los asesores de los principales gobiernos de los pa\u00edses industrializados y el panel de expertos de Naciones Unidas.Adem\u00e1s de la sensibilizaci\u00f3n de los trabajadores sobre el cambio clim\u00e1tico y la incidencia de \u00e9ste sobre su sector de actividad, creemos relevante desarrollar una labor educativa m\u00e1s amplia que profundice sobre las medidas de mitigaci\u00f3n y de adaptaci\u00f3n que ser\u00e1n necesarias en el futuro y que tendr\u00e1n fuertes repercusiones sobre la actividad econ\u00f3mica en cada uno de los sectores de actividad.<br \/>\nEl papel de los sindicatos en este nuevo escenario ser\u00e1 realmente relevante para negociar las nuevas propuestas que se dar\u00e1n en pol\u00edticas energ\u00e9ticas y ambientales dentro de cada pa\u00eds, para ser tambi\u00e9n creadores de planes que ayuden a la adaptaci\u00f3n y a la mitigaci\u00f3n de los efectos de este cambio clim\u00e1tico, con la responsabilidad de pensar en las soluciones \u00f3ptimas para los trabajadores, pero sin olvidar la necesidad de asegurar una producci\u00f3n de bienes y servicios sostenible a largo plazo.<\/p>\n<p style=\"text-align: justify;\">Como conclusi\u00f3n de dicha reuni\u00f3n se logro elaborar una primera declaraci\u00f3n:<\/p>\n<p style=\"text-align: justify;\">Los movimientos y organizaciones sociales, de trabajadores, campesinos, ind\u00edgenas, mujeres, ecologistas, reunidos en Lima, Per\u00fa, los d\u00edas 12 y 13 de agosto, convocados por la Confederaci\u00f3n de Sindicatos de las Am\u00e9ricas (CSA), respaldamos la organizaci\u00f3n de la Cumbre de los Pueblos paralela a la COP 20 de Naciones Unidas, del 9 al 12 de diciembre de 2014, y nos comprometemos a trabajar conjuntamente y movilizarnos en este proceso. En este sentido, llamamos especialmente a participar de la movilizaci\u00f3n que la Cumbre de los Pueblos realizar\u00e1 en Lima.<\/p>\n<p style=\"text-align: justify;\">La crisis clim\u00e1tica que afecta al planeta es consecuencia del sistema capitalista, con su modelo de producci\u00f3n y consumo extractivista, depredador de los bienes naturales. Este sistema favorece los intereses de las grandes corporaciones transnacionales y atropella los derechos de los pueblos del mundo.<\/p>\n<p style=\"text-align: justify;\">La crisis clim\u00e1tica demuestra entonces el agotamiento de este sistema. Sin embargo, frente a su crisis estructural el capital busca nuevas salidas que le permitan continuidad, para tener una mayor concentraci\u00f3n de la riqueza y el poder, y garantizar el lucro para las corporaciones y clases dominantes.<\/p>\n<p style=\"text-align: justify;\">Como expresi\u00f3n de esta estrategia del capital, en los \u00faltimos a\u00f1os se han agudizado los procesos de privatizaci\u00f3n, mercantilizaci\u00f3n y financiarizaci\u00f3n de la naturaleza, expresados en los principios de la econom\u00eda verde, que nos presenta las falsas soluciones a la crisis clim\u00e1tica. Algunas de esas falsas soluciones son: Mecanismos de Desarrollo Limpio (MDL), proyectos de Reducci\u00f3n de Emisiones por Deforestaci\u00f3n y Degradaci\u00f3n de los bosques (REDD), transg\u00e9nicos, agrocombustibles, geoingenier\u00eda, megaproyectos hidroel\u00e9ctricos, centrales nucleares, fractura hidr\u00e1ulica (\u201cfracking\u201d), agricultura clim\u00e1ticamente inteligente, entre otras.<\/p>\n<p style=\"text-align: justify;\">Consideramos tambi\u00e9n que el modelo de dominaci\u00f3n y opresi\u00f3n que sustenta la deuda, sigue calando en la vida y derecho al buen vivir de nuestros pueblos. El pago de los servicios de la deuda externa e interna contin\u00faa desviando los ya de por si limitados recursos existentes para la inversi\u00f3n social, que podr\u00edan utilizarse para hacer frente a las consecuencias que el cambio clim\u00e1tico tiene en la vida de nuestros pa\u00edses. Bajo la presi\u00f3n de las deudas, persiste y se profundiza el modelo neoliberal privatizador y extractivista, de modernizaci\u00f3n capitalista, con fuerte impacto adem\u00e1s en los reg\u00edmenes pol\u00edticos y jur\u00eddicos.<\/p>\n<p style=\"text-align: justify;\">Adem\u00e1s, las corporaciones transnacionales han desarrollado un entramado de acuerdos que les permiten garantizar sus privilegios y ganancias, al tiempo que violan los derechos humanos y de la Naturaleza, y tornan imposible la sustentabilidad de la vida. Rechazamos la arquitectura de la impunidad impulsada por las grandes empresas y organismos multilaterales, en complicidad con muchos gobiernos, expresada en Tratados de Libre Comercio (TLC), Tratados Bilaterales de Inversiones (TBI), el Acuerdo Transpac\u00edfico (TPP), el Acuerdo sobre el Comercio de Servicios (TISA), y todos aquellos que atentan contra la soberan\u00eda y autodeterminaci\u00f3n de los pueblos. Denunciamos y exigimos poner fin a los procesos de persecuci\u00f3n e inclusive asesinatos de luchadores sociales ordenados por corporaciones en Am\u00e9rica Latina y diversas partes del mundo, m\u00e1s la represi\u00f3n y criminalizaci\u00f3n de la protesta social de parte de numerosos gobiernos.<\/p>\n<p style=\"text-align: justify;\">Rechazamos y resistimos las falsas soluciones y proponemos alternativas para el Buen Vivir, la sustentabilidad de la vida y en defensa de los bienes comunes y la Madre Tierra. En este sentido, reivindicamos las formas de vida de los pueblos ind\u00edgenas, originarios y campesinos, y su cosmovisi\u00f3n en absoluta armon\u00eda con la naturaleza, como parte de la soluci\u00f3n a la crisis clim\u00e1tica, que en Am\u00e9rica Latina se manifiesta a trav\u00e9s de eventos extremos, deslaves, deshielos, inundaciones, sequ\u00edas, entre otras formas. En Per\u00fa, donde se har\u00e1 la Cumbre de los Pueblos, al igual que en muchas otras partes de nuestra regi\u00f3n y el mundo, la sobrevivencia de los pueblos ind\u00edgenas, originarios y campesinos est\u00e1 gravemente amenazada.<\/p>\n<p style=\"text-align: justify;\">Las organizaciones y movimientos sociales planteamos las soluciones reales a la crisis clim\u00e1tica, basados en principios de justicia ambiental y social, y particularmente de justicia clim\u00e1tica. Promovemos la libre determinaci\u00f3n territorial y el autogobierno, la soberan\u00eda alimentaria, un cambio global de la matriz de energ\u00eda que lleve al abandono de los combustibles f\u00f3siles y de lugar a la soberan\u00eda energ\u00e9tica (energ\u00edas renovables, descentralizadas y controladas por las comunidades), y la econom\u00eda solidaria y feminista. Luchamos por una relaci\u00f3n igualitaria entre hombres y mujeres.<\/p>\n<p style=\"text-align: justify;\">Asimismo, la defensa de los bienes comunes pasa por la garant\u00eda de una serie de derechos humanos y de la Naturaleza.<\/p>\n<p style=\"text-align: justify;\">El cambio de sistema debe implicar una transici\u00f3n justa, a ser construida con los trabajadores y trabajadoras y los pueblos. La transici\u00f3n justa presupone la ampliaci\u00f3n del concepto de trabajo, el reconocimiento del trabajo de las mujeres y un equilibrio entre la producci\u00f3n y reproducci\u00f3n, para que esta \u00faltima no sea una atribuci\u00f3n exclusiva de las mujeres. Esta transici\u00f3n pasa adem\u00e1s por la libertad de organizaci\u00f3n y el derecho a la contrataci\u00f3n colectiva, as\u00ed como por el establecimiento de una amplia red de seguridad y protecci\u00f3n social, entendida como un derecho humano, as\u00ed como de pol\u00edticas p\u00fablicas que garanticen formas de trabajo decentes.<\/p>\n<p style=\"text-align: justify;\">De cara a las negociaciones de Naciones Unidas sobre Cambio Clim\u00e1tico reclamamos un acuerdo legalmente vinculante, democr\u00e1tico y participativo, basado en los principios de equidad y responsabilidades comunes pero diferenciadas, que limite el aumento de la temperatura mundial a no m\u00e1s de 1,5 grados. Llamamos a los pueblos a movilizarnos para respaldar estas demandas.<\/p>\n<p style=\"text-align: justify;\">Continuamos por los caminos se\u00f1alados en el Acuerdo de los Pueblos de Cochabamba (abril de 2010), la Declaraci\u00f3n de la Cumbre de los Pueblos de R\u00edo+20 (junio de 2012) y la declaraci\u00f3n de la Pre COP Social de Isla Margarita (julio de 2014). Llamamos a las organizaciones y movimientos sociales de todo el mundo a articularnos y reunir esfuerzos para seguir en este proceso de construcci\u00f3n conjunta y unitaria, que tiene a la Cumbre de los Pueblos en Lima como momento de movilizaci\u00f3n clave en 2014. Consideramos que hay algunas instancias fundamentales para fortalecer nuestra articulaci\u00f3n: la reuni\u00f3n internacional de organizaciones sociales rumbo a la COP 21 que se hace este mes en Par\u00eds, las movilizaciones en Nueva York frente a la Cumbre sobre el Clima y la Conferencia Mundial sobre los Pueblos Ind\u00edgenas de ONU en septiembre, las jornadas mundiales por el trabajo decente que realizan las centrales sindicales en octubre, la Pre COP Social de Cambio Clim\u00e1tico de Isla Margarita de noviembre, entre otros momentos de convergencia y movilizaci\u00f3n.<\/p>\n<p style=\"text-align: justify;\">Las organizaciones y movimientos sociales, y redes internacionales aqu\u00ed presentes, reafirmamos nuestro compromiso de respaldo a la organizaci\u00f3n de la Cumbre de los Pueblos y nos constituimos en un grupo de apoyo internacional, al que se sumar\u00e1n otros grupos internacionales y cap\u00edtulos regionales y nacionales.<\/p>\n<p style=\"text-align: justify;\">Lima, 13 de agosto de 2014.<\/p>\n<p style=\"text-align: justify;\">Firmas iniciales: Confederaci\u00f3n Sindical de los Trabajadores y Trabajadoras de las Am\u00e9ricas (CSA), Marcha Mundial de las Mujeres, Amigos de la Tierra Am\u00e9rica Latina y el Caribe (ATALC), Jubileo Sur Am\u00e9ricas, La V\u00eda Campesina, Grupo Carta de Belem, Confederaci\u00f3n General de Trabajadores del Per\u00fa (CGTP)<\/p>\n","protected":false},"excerpt":{"rendered":"&nbsp; Maite llanos desde la secretaria de relaciones internacionales de la CTA asisti\u00f3 a la reuni\u00f3n convocada por CSA (confederaci\u00f3n Sindical de las \n<a class=\"moretag\" href=\"https:\/\/ctainternacionales.org\/?p=2346\"> [...]<\/a>","protected":false},"author":1,"featured_media":0,"comment_status":"closed","ping_status":"closed","sticky":false,"template":"","format":"standard","meta":{"ngg_post_thumbnail":0,"footnotes":""},"categories":[],"tags":[],"class_list":["post-2346","post","type-post","status-publish","format-standard","hentry"],"_links":{"self":[{"href":"https:\/\/ctainternacionales.org\/index.php?rest_route=\/wp\/v2\/posts\/2346","targetHints":{"allow":["GET"]}}],"collection":[{"href":"https:\/\/ctainternacionales.org\/index.php?rest_route=\/wp\/v2\/posts"}],"about":[{"href":"https:\/\/ctainternacionales.org\/index.php?rest_route=\/wp\/v2\/types\/post"}],"author":[{"embeddable":true,"href":"https:\/\/ctainternacionales.org\/index.php?rest_route=\/wp\/v2\/users\/1"}],"replies":[{"embeddable":true,"href":"https:\/\/ctainternacionales.org\/index.php?rest_route=%2Fwp%2Fv2%2Fcomments&post=2346"}],"version-history":[{"count":2,"href":"https:\/\/ctainternacionales.org\/index.php?rest_route=\/wp\/v2\/posts\/2346\/revisions"}],"predecessor-version":[{"id":2350,"href":"https:\/\/ctainternacionales.org\/index.php?rest_route=\/wp\/v2\/posts\/2346\/revisions\/2350"}],"wp:attachment":[{"href":"https:\/\/ctainternacionales.org\/index.php?rest_route=%2Fwp%2Fv2%2Fmedia&parent=2346"}],"wp:term":[{"taxonomy":"category","embeddable":true,"href":"https:\/\/ctainternacionales.org\/index.php?rest_route=%2Fwp%2Fv2%2Fcategories&post=2346"},{"taxonomy":"post_tag","embeddable":true,"href":"https:\/\/ctainternacionales.org\/index.php?rest_route=%2Fwp%2Fv2%2Ftags&post=2346"}],"curies":[{"name":"wp","href":"https:\/\/api.w.org\/{rel}","templated":true}]}}