{"id":2338,"date":"2014-08-22T15:29:57","date_gmt":"2014-08-22T18:29:57","guid":{"rendered":"http:\/\/www.ctainternacionales.org\/?p=2338"},"modified":"2014-08-22T15:30:35","modified_gmt":"2014-08-22T18:30:35","slug":"se-reunio-la-coordinadora-de-centrales-sindicales-del-cono-sur","status":"publish","type":"post","link":"https:\/\/ctainternacionales.org\/?p=2338","title":{"rendered":"Se reuni\u00f3 la Coordinadora de Centrales Sindicales del Cono Sur"},"content":{"rendered":"<p style=\"text-align: left;\"><a href=\"http:\/\/www.ctainternacionales.org\/wp-content\/uploads\/2014\/08\/COORDINADORA.jpg\"><img loading=\"lazy\" decoding=\"async\" class=\"size-thumbnail wp-image-2339\" src=\"http:\/\/www.ctainternacionales.org\/wp-content\/uploads\/2014\/08\/COORDINADORA-307x230.jpg\" alt=\"COORDINADORA\" width=\"307\" height=\"230\" \/><\/a><br \/>\nCon la presencia de centrales sindicales de todo los pa\u00edses participantes del Mercosur, se llev\u00f3 a cabo en Buenos Aires la plenaria de la Coordinadora de Centrales Sindicales del Cono Sur (CCSCS). La CTA particip\u00f3 a trav\u00e9s de Adolfo Aguirre, secretario de relaciones internacionales; Daniel Jorajur\u00eda, secretario gremial; y Bruno Dobrusin, colaborador de la secretaria de relaciones internacionales.<!--more--><\/p>\n<p style=\"text-align: justify;\">La plenaria de la CCSCS tuvo diversos puntos de debate. En especial, la discusi\u00f3n se centr\u00f3 en el proceso de integraci\u00f3n del Mercosur, la falta de avance general en las negociaciones entre los pa\u00edses y el rol que el sindicalismo debe jugar en ese proceso. Fue reconocida por todas las centrales participantes la situaci\u00f3n de estancamiento en la que se encuentra el bloque regional, y en base a eso se debatieron las propuestas desde el grupo sindical que se llevar\u00e1n a la presidencia Pro t\u00e9mpore argentina que comenz\u00f3 a partir de la \u00faltima cumbre de Caracas. El eje fundamental de la propuesta de la CCSCS es la necesidad de reforzar los derechos laborales en la regi\u00f3n y estimular un plan regional econ\u00f3mico que tenga al empleo como principal pilar. Adem\u00e1s, se plante\u00f3 la necesidad profundizar en la pr\u00e1ctica muchas de las resoluciones existentes en el Mercosur, que han quedado solamente en los papeles y no han sido llevadas a pol\u00edticas concretas.<\/p>\n<p style=\"text-align: justify;\">Sumado a esto, se plante\u00f3 la preocupaci\u00f3n de todos los participantes por los acuerdos secretos que est\u00e1n siendo negociados con la Uni\u00f3n Europea, de los que se conoce muy poco. En este sentido, la CCSCS comenzar\u00e1 un proceso de presi\u00f3n para abrir las negociaciones al movimiento sindical, y as\u00ed poder posicionarse con respecto a la posibilidad de un acuerdo.<\/p>\n<p style=\"text-align: justify;\">Por otra parte, y en relaci\u00f3n a la actual ocupaci\u00f3n de Israel en Gaza, a propuesta de la CTA la CCSCS conden\u00f3 la invasi\u00f3n Israel\u00ed, expres\u00f3 su solidaridad con el pueblo palestino y exigi\u00f3 formalmente al Mercosur que cancele el acuerdo de libre comercio de nuestro bloque con Israel. La CCSCS decidi\u00f3 por unanimidad sumarse a la campa\u00f1a de Boicot, Desinversi\u00f3n y Sanciones (BDS), que llevan adelante organizaciones sociales y sindicales palestinas, con la intenci\u00f3n de ejercer mayor presi\u00f3n pol\u00edtico-econ\u00f3mica sobre Israel. Esta campa\u00f1a est\u00e1 basada en la consideraci\u00f3n de Israel como un estado que promueve el apartheid, por la tanto retomando las campa\u00f1as que se hicieron para romper con el apartheid en Sud\u00e1frica hace m\u00e1s de dos d\u00e9cadas.<\/p>\n<p style=\"text-align: justify;\">La CCSCS continuar\u00e1 con sus reuniones en octubre, en el marco del congreso de la CUT-A de Paraguay, y como forma de presionar al gobierno de ese pa\u00eds por su marcada pol\u00edtica anti-sindical con la llegada de Cartes al poder.<\/p>\n","protected":false},"excerpt":{"rendered":"Con la presencia de centrales sindicales de todo los pa\u00edses participantes del Mercosur, se llev\u00f3 a cabo en Buenos Aires la plenaria de \n<a class=\"moretag\" href=\"https:\/\/ctainternacionales.org\/?p=2338\"> [...]<\/a>","protected":false},"author":1,"featured_media":0,"comment_status":"closed","ping_status":"closed","sticky":false,"template":"","format":"standard","meta":{"ngg_post_thumbnail":0,"footnotes":""},"categories":[],"tags":[],"class_list":["post-2338","post","type-post","status-publish","format-standard","hentry"],"_links":{"self":[{"href":"https:\/\/ctainternacionales.org\/index.php?rest_route=\/wp\/v2\/posts\/2338","targetHints":{"allow":["GET"]}}],"collection":[{"href":"https:\/\/ctainternacionales.org\/index.php?rest_route=\/wp\/v2\/posts"}],"about":[{"href":"https:\/\/ctainternacionales.org\/index.php?rest_route=\/wp\/v2\/types\/post"}],"author":[{"embeddable":true,"href":"https:\/\/ctainternacionales.org\/index.php?rest_route=\/wp\/v2\/users\/1"}],"replies":[{"embeddable":true,"href":"https:\/\/ctainternacionales.org\/index.php?rest_route=%2Fwp%2Fv2%2Fcomments&post=2338"}],"version-history":[{"count":1,"href":"https:\/\/ctainternacionales.org\/index.php?rest_route=\/wp\/v2\/posts\/2338\/revisions"}],"predecessor-version":[{"id":2340,"href":"https:\/\/ctainternacionales.org\/index.php?rest_route=\/wp\/v2\/posts\/2338\/revisions\/2340"}],"wp:attachment":[{"href":"https:\/\/ctainternacionales.org\/index.php?rest_route=%2Fwp%2Fv2%2Fmedia&parent=2338"}],"wp:term":[{"taxonomy":"category","embeddable":true,"href":"https:\/\/ctainternacionales.org\/index.php?rest_route=%2Fwp%2Fv2%2Fcategories&post=2338"},{"taxonomy":"post_tag","embeddable":true,"href":"https:\/\/ctainternacionales.org\/index.php?rest_route=%2Fwp%2Fv2%2Ftags&post=2338"}],"curies":[{"name":"wp","href":"https:\/\/api.w.org\/{rel}","templated":true}]}}