{"id":2334,"date":"2014-08-22T15:09:49","date_gmt":"2014-08-22T18:09:49","guid":{"rendered":"http:\/\/www.ctainternacionales.org\/?p=2334"},"modified":"2014-08-22T15:22:46","modified_gmt":"2014-08-22T18:22:46","slug":"unidad-de-accion-para-frenar-el-ajuste-la-cta-dispuso-una-jornada-nacional-de-lucha-de-36-horas","status":"publish","type":"post","link":"https:\/\/ctainternacionales.org\/?p=2334","title":{"rendered":"Unidad de acci\u00f3n para frenar el ajuste. La CTA dispuso una Jornada Nacional de Lucha de 36 horas"},"content":{"rendered":"<p style=\"text-align: justify;\"><a href=\"http:\/\/www.ctainternacionales.org\/wp-content\/uploads\/2014\/08\/PARO-CTA.jpg\"><img loading=\"lazy\" decoding=\"async\" class=\"aligncenter size-thumbnail wp-image-2335\" src=\"http:\/\/www.ctainternacionales.org\/wp-content\/uploads\/2014\/08\/PARO-CTA-307x230.jpg\" alt=\"PARO CTA\" width=\"307\" height=\"230\" \/><\/a><\/p>\n<p style=\"text-align: justify;\">La Comisi\u00f3n Ejecutiva de la Central de Trabajadores de la Argentina resolvi\u00f3 convocar a un Paro Nacional de 36 horas, con cortes de ruta y movilizaciones, desde el mediod\u00eda del 27 de agosto hasta la hora 24 del jueves 28, en respaldo de las demandas salariales y laborales que no han tenido respuestas por parte del Gobierno.<!--more--><\/p>\n<p style=\"text-align: justify;\">La decisi\u00f3n se adopt\u00f3 a tono con lo resuelto en la \u00faltima reuni\u00f3n de la Mesa Nacional de la Central, que facult\u00f3 al secretariado a variar la fecha original del 26 de agosto en caso de que otras centrales fijaran otro d\u00eda para hacer valer sus reclamos. Como la CGT Azopardo y la CGT Azul y Blanca han establecido el 28 de agosto como d\u00eda de paro nacional, la CTA, en virtud de su autonom\u00eda y por entender que est\u00e1n dadas las condiciones para manifestar en plenitud la disconformidad de los trabajadores con las pol\u00edticas de ajuste, plantea la realizaci\u00f3n de una medida de fuerza que se prolongar\u00e1 por 36 horas arrancando a las 12 del mi\u00e9rcoles 27 de agosto.<\/p>\n<p style=\"text-align: justify;\">La medida se concretar\u00e1 en el marco de la unidad de acci\u00f3n para frenar el ajuste y tendr\u00e1 como ingrediente distintivo una gran movilizaci\u00f3n desde Plaza de Mayo al Congreso, a la cual han sido convocados todos los trabajadores y dem\u00e1s sectores populares para exigir la prohibici\u00f3n de despidos y suspensiones por un a\u00f1o; la derogaci\u00f3n del Impuesto al Salario; y un aumento de emergencia para los jubilados.<\/p>\n<p style=\"text-align: justify;\">El pliego de reivindicaciones incluye tambi\u00e9n la decisi\u00f3n de ocupar toda f\u00e1brica que cierre; la urgente convocatoria al Consejo del Salario M\u00ednimo, Vital y M\u00f3vil; la reapertura de las paritarias; la derogaci\u00f3n de la Ley Antiterrorista y la suspensi\u00f3n del pago e investigaci\u00f3n de la deuda p\u00fablica.<\/p>\n<p style=\"text-align: justify;\">La CTA ha dispuesto promover las formas organizativas m\u00e1s adecuadas para nacionalizar la Jornada de Lucha, con actividades en todas las provincias, conteniendo los distintos conflictos que tienen lugar a lo largo y ancho del pa\u00eds y las situaciones particulares que atraviesa cada regi\u00f3n.<\/p>\n<p style=\"text-align: justify;\">Esta tercera huelga nacional en menos de dos a\u00f1os realizada por la clase trabajadora contra el modelo neo desarrollista y dependiente, implica un salto cuantitativo y cualitativo en los niveles de conciencia y organizaci\u00f3n que, sin lugar a dudas, se reflejar\u00e1 en un alto nivel de acatamiento porque es notorio el ajuste que se est\u00e1 descargando sobre el conjunto del pueblo.<\/p>\n","protected":false},"excerpt":{"rendered":"La Comisi\u00f3n Ejecutiva de la Central de Trabajadores de la Argentina resolvi\u00f3 convocar a un Paro Nacional de 36 horas, con cortes de \n<a class=\"moretag\" href=\"https:\/\/ctainternacionales.org\/?p=2334\"> [...]<\/a>","protected":false},"author":1,"featured_media":0,"comment_status":"closed","ping_status":"closed","sticky":false,"template":"","format":"standard","meta":{"ngg_post_thumbnail":0,"footnotes":""},"categories":[],"tags":[],"class_list":["post-2334","post","type-post","status-publish","format-standard","hentry"],"_links":{"self":[{"href":"https:\/\/ctainternacionales.org\/index.php?rest_route=\/wp\/v2\/posts\/2334","targetHints":{"allow":["GET"]}}],"collection":[{"href":"https:\/\/ctainternacionales.org\/index.php?rest_route=\/wp\/v2\/posts"}],"about":[{"href":"https:\/\/ctainternacionales.org\/index.php?rest_route=\/wp\/v2\/types\/post"}],"author":[{"embeddable":true,"href":"https:\/\/ctainternacionales.org\/index.php?rest_route=\/wp\/v2\/users\/1"}],"replies":[{"embeddable":true,"href":"https:\/\/ctainternacionales.org\/index.php?rest_route=%2Fwp%2Fv2%2Fcomments&post=2334"}],"version-history":[{"count":2,"href":"https:\/\/ctainternacionales.org\/index.php?rest_route=\/wp\/v2\/posts\/2334\/revisions"}],"predecessor-version":[{"id":2337,"href":"https:\/\/ctainternacionales.org\/index.php?rest_route=\/wp\/v2\/posts\/2334\/revisions\/2337"}],"wp:attachment":[{"href":"https:\/\/ctainternacionales.org\/index.php?rest_route=%2Fwp%2Fv2%2Fmedia&parent=2334"}],"wp:term":[{"taxonomy":"category","embeddable":true,"href":"https:\/\/ctainternacionales.org\/index.php?rest_route=%2Fwp%2Fv2%2Fcategories&post=2334"},{"taxonomy":"post_tag","embeddable":true,"href":"https:\/\/ctainternacionales.org\/index.php?rest_route=%2Fwp%2Fv2%2Ftags&post=2334"}],"curies":[{"name":"wp","href":"https:\/\/api.w.org\/{rel}","templated":true}]}}