{"id":2327,"date":"2014-08-22T14:10:34","date_gmt":"2014-08-22T17:10:34","guid":{"rendered":"http:\/\/www.ctainternacionales.org\/?p=2327"},"modified":"2014-08-22T14:10:34","modified_gmt":"2014-08-22T17:10:34","slug":"joao-felicio-visito-la-cta","status":"publish","type":"post","link":"https:\/\/ctainternacionales.org\/?p=2327","title":{"rendered":"Joao Felicio visit\u00f3 la CTA"},"content":{"rendered":"<p style=\"text-align: justify;\"><a href=\"http:\/\/www.ctainternacionales.org\/wp-content\/uploads\/2014\/08\/IMG_1464.jpg\"><img loading=\"lazy\" decoding=\"async\" class=\"aligncenter size-thumbnail wp-image-2328\" src=\"http:\/\/www.ctainternacionales.org\/wp-content\/uploads\/2014\/08\/IMG_1464-307x230.jpg\" alt=\"IMG_1464\" width=\"307\" height=\"230\" \/><\/a><\/p>\n<p style=\"text-align: justify;\">En el marco de un viaje por Argentina, el presidente de la Confederaci\u00f3n Sindical Internacional (CSI), Joao Felicio, estuvo en la sede nacional de la Central, donde mantuvo una reuni\u00f3n con miembros de la Conducci\u00f3n Nacional de la CTA.<\/p>\n<p style=\"text-align: justify;\"><!--more--><\/p>\n<p style=\"text-align: justify;\">Durante el encuentro, Joao Felicio agradeci\u00f3 el apoyo por parte de las centrales de las Am\u00e9ricas para que su presidencia en la CSI sea efectiva, tambi\u00e9n se analizo la situaci\u00f3n de los trabajadores a nivel mundial y se manifest\u00f3 como un observable y gran desaf\u00edo aumentar la afiliaci\u00f3n de los trabajadores a nivel global.<\/p>\n<p style=\"text-align: justify;\">La CSI tiene actualmente una representaci\u00f3n del 7 % del total de los trabajadores y que sumando a la FSM y a las centrales chinas se logra llegar a 15% del total de los trabajadores organizados. Es muy importante lograr el avance de la representaci\u00f3n ya que casi el 80% de los trabajadores est\u00e1n expuestos a que los derechos b\u00e1sicos de los trabajadores sean violados sistem\u00e1ticamente.<\/p>\n<p style=\"text-align: justify;\">De la Conducci\u00f3n Nacional de la Central estuvieron presentes Ricardo Peidro, Adolfo \u00abFito\u00bb Aguirre, Daniel Jorajur\u00eda, Carlos Chile, Juan Carlos Giuliani, Jos\u00e9 Zas, Mario Barrios y Horacio Meguira.<\/p>\n<p style=\"text-align: justify;\">A su turno, \u201cFito\u201d Aguirre manifest\u00f3 la alegr\u00eda que implica para la CTA que sea \u00e9l quien lidere la CSI en esta etapa: \u201cen principio por tu militancia durante la dictadura militar, por tu rol en la CUT para enfrentar al ALCA y adem\u00e1s por tu capacidad de escuchar a todos; las organizaciones chicas y las grandes por igual. Con tu elecci\u00f3n hemos ganados todos\u201d.<\/p>\n<p style=\"text-align: justify;\">\u201cNosotros, como internacionalistas que somos, queremos articular para lograr consensos y para ello, lo mejor que tenemos es dialogar y comprendernos para avanzar en m\u00e1s organizaci\u00f3n\u201d, destac\u00f3 Aguirre.<\/p>\n<p style=\"text-align: justify;\">Como miembro del Observatorio del Derecho Social, Luis Campos present\u00f3 el \u201cMapa de conflictividad en Argentina\u201d, a modo de mostrar la actual situaci\u00f3n de los trabajadores en Argentina.<\/p>\n<p style=\"text-align: justify;\">Luego, Horacio Meguira hizo un an\u00e1lisis de coyuntura en relaci\u00f3n a la \u00faltima Conferencia de la OIT. Adem\u00e1s solicit\u00f3 que desde la CSI se presione para que en la pr\u00f3xima Conferencia se trate el caso Argentina sobre Libertad y Democracia Sindical.<\/p>\n<p style=\"text-align: justify;\">Finalmente, Juan Carlos \u201cPip\u00f3n\u201d Giuliani relat\u00f3 el camino a la Jornada Nacional de Lucha que realizar\u00e1 la CTA junto a la Multisectorial y en unidad de acci\u00f3n con otras centrales sindicales la semana pr\u00f3xima.<\/p>\n","protected":false},"excerpt":{"rendered":"En el marco de un viaje por Argentina, el presidente de la Confederaci\u00f3n Sindical Internacional (CSI), Joao Felicio, estuvo en la sede nacional \n<a class=\"moretag\" href=\"https:\/\/ctainternacionales.org\/?p=2327\"> [...]<\/a>","protected":false},"author":1,"featured_media":0,"comment_status":"closed","ping_status":"closed","sticky":false,"template":"","format":"standard","meta":{"ngg_post_thumbnail":0,"footnotes":""},"categories":[],"tags":[],"class_list":["post-2327","post","type-post","status-publish","format-standard","hentry"],"_links":{"self":[{"href":"https:\/\/ctainternacionales.org\/index.php?rest_route=\/wp\/v2\/posts\/2327","targetHints":{"allow":["GET"]}}],"collection":[{"href":"https:\/\/ctainternacionales.org\/index.php?rest_route=\/wp\/v2\/posts"}],"about":[{"href":"https:\/\/ctainternacionales.org\/index.php?rest_route=\/wp\/v2\/types\/post"}],"author":[{"embeddable":true,"href":"https:\/\/ctainternacionales.org\/index.php?rest_route=\/wp\/v2\/users\/1"}],"replies":[{"embeddable":true,"href":"https:\/\/ctainternacionales.org\/index.php?rest_route=%2Fwp%2Fv2%2Fcomments&post=2327"}],"version-history":[{"count":1,"href":"https:\/\/ctainternacionales.org\/index.php?rest_route=\/wp\/v2\/posts\/2327\/revisions"}],"predecessor-version":[{"id":2329,"href":"https:\/\/ctainternacionales.org\/index.php?rest_route=\/wp\/v2\/posts\/2327\/revisions\/2329"}],"wp:attachment":[{"href":"https:\/\/ctainternacionales.org\/index.php?rest_route=%2Fwp%2Fv2%2Fmedia&parent=2327"}],"wp:term":[{"taxonomy":"category","embeddable":true,"href":"https:\/\/ctainternacionales.org\/index.php?rest_route=%2Fwp%2Fv2%2Fcategories&post=2327"},{"taxonomy":"post_tag","embeddable":true,"href":"https:\/\/ctainternacionales.org\/index.php?rest_route=%2Fwp%2Fv2%2Ftags&post=2327"}],"curies":[{"name":"wp","href":"https:\/\/api.w.org\/{rel}","templated":true}]}}