{"id":2324,"date":"2014-08-22T14:02:06","date_gmt":"2014-08-22T17:02:06","guid":{"rendered":"http:\/\/www.ctainternacionales.org\/?p=2324"},"modified":"2014-08-22T14:11:19","modified_gmt":"2014-08-22T17:11:19","slug":"la-cta-participo-del-encuentro-academia-sobre-economia-social-y-solidaria-hacia-el-desarrollo-inclusivo-y-sostenible-oit","status":"publish","type":"post","link":"https:\/\/ctainternacionales.org\/?p=2324","title":{"rendered":"La CTA Participo del Encuentro \u00abAcademia sobre Econom\u00eda Social y Solidaria\u00bb Hacia el desarrollo inclusivo y sostenible. OIT"},"content":{"rendered":"<p><a href=\"http:\/\/www.ctainternacionales.org\/wp-content\/uploads\/2014\/08\/CAPITALISMO.jpg\"><img loading=\"lazy\" decoding=\"async\" class=\"aligncenter size-thumbnail wp-image-2325\" src=\"http:\/\/www.ctainternacionales.org\/wp-content\/uploads\/2014\/08\/CAPITALISMO-307x230.jpg\" alt=\"CAPITALISMO\" width=\"307\" height=\"230\" \/><\/a><\/p>\n<p style=\"text-align: justify;\">En la ciudad de Campinas Brasil se realizo un encuentro del 28 de julio al 1 de agosto donde mas de 300 representantes de Sindicatos, Estados y organizaciones sociales a nivel mundial se encontraron para encontrar alternativas y compartir experiencias de la econom\u00eda social.<!--more--><\/p>\n<p style=\"text-align: justify;\">La convocatoria de este encuentro fue realizado por la OIT por medio de de su Centro Internacional de Formaci\u00f3n (CIF) bajo la consigna Academia sobre Econom\u00eda Social y Solidaria hacia el desarrollo inclusivo y sostenible.<\/p>\n<p style=\"text-align: justify;\">La mayor participaci\u00f3n fue de los pa\u00edses del cono sur de nuestro continente como as\u00ed tambi\u00e9n del continente africano y asi\u00e1tico, sin excluir a Canada.<\/p>\n<p style=\"text-align: justify;\">En representaci\u00f3n de CTA estuvo presente el compa\u00f1ero Hugo Villar de UST (uni\u00f3n solidaria de trabajadores), que fue la \u00fanica representaci\u00f3n gremial que tiene institucionalizada a las cooperativas y a sus trabajadores en forma org\u00e1nica con la una central Obrera.<\/p>\n<p style=\"text-align: justify;\">Dicha actividad tiene mucha importancia, ya que permite la generaci\u00f3n de redes mundiales de sindicalistas especializados en el tema, as\u00ed como el fortalecimiento de alianzas con el movimiento cooperativo, el sector acad\u00e9mico y asociativo en general para la promoci\u00f3n colectiva del trabajo en marco del desarrollo sostenible.<\/p>\n<p style=\"text-align: justify;\">La solidaridad con la clase trabajadora, la ayuda mutua y los principios democr\u00e1ticos que legitiman su representatividad como actores socio-politicos est\u00e1n a la ra\u00edz de nuestras actividades y propuestas, demostrando que otro paradigma de desarrollo es posible.<\/p>\n<p style=\"text-align: justify;\">Sin dudas las experiencias de De ANTA -UST como as\u00ed tambi\u00e9n de otras cooperativas como el MOI, MTL, entre otras prueban que la Econom\u00eda social y solidaria es posible; como tambien democratizar la propiedad a trav\u00e9s de la voluntad colectiva de auto-gestionar los medios de producci\u00f3n, distribuci\u00f3n, consumo, cr\u00e9dito y ahorro con el respeto de los derechos fundamentales y de las Normas Internacionales de la OIT, adoptadas para la protecci\u00f3n de los trabajadores. En ese sentido, reafirmamos la importancia de las recomendaciones de la OIT 193 sobre cooperativas y 198 sobre relaciones de trabajo, en cuanto reiteran la necesidad de generar pol\u00edticas publicas para preservar y facilitar el fortalecimiento de los verdaderos principios de las cooperativas y la responsabilidad social genuina.<\/p>\n<p style=\"text-align: justify;\">Desde la Confederaci\u00f3n Sindical de las Am\u00e9ricas en su plataforma de Desarrollo de las Am\u00e9ricas (PLADA) incorporo un capitulo sobre la planificaci\u00f3n Estatal y Participativa de la Econom\u00eda Social y Solidaria y afirma la necesidad de:<\/p>\n<p style=\"text-align: justify;\">\u00ab Propiciar pol\u00edticas estatales de financiamiento (como subvenciones y estrategias de inversi\u00f3n colectiva, entre otras) con \u00e9nfasis en la creaci\u00f3n de un Fondo espec\u00edfico destinado a proyectos de la ESS. Dicho fondo debe priorizar la infraestructura, la asistencia t\u00e9cnica para planeamiento, gerencia y mercadeo de los productos y servicios y el apoyo a las etapas iniciales del capital de giro y los salarios de los trabajadores.<\/p>\n<p style=\"text-align: justify;\">\u2022 Promover modelos y generar elementos institucionales cooperativos como los comunitarios y sociales para que los agentes de la ESS puedan acceder a tecnolog\u00eda de punta y m\u00e9todos productivos con alto contenido tecnol\u00f3gico.<\/p>\n<p style=\"text-align: justify;\">\u2022 Programas de desarrollo tecnol\u00f3gico, asistencia t\u00e9cnica e incremento de la productividad en forma respetuosa del medio ambiente.<\/p>\n<p style=\"text-align: justify;\">\u2022 Promoci\u00f3n del desarrollo local a trav\u00e9s de la implementaci\u00f3n de proyectos que asocien a los agentes econ\u00f3micos con \u00e9nfasis en la ESS.<\/p>\n<p style=\"text-align: justify;\">\u2022 Fortalecimiento de la institucionalidad a trav\u00e9s de la cual se canaliza el apoyo estatal teniendo un organismo \u00fanico de alto nivel que concentre las regulaciones y los apoyos a la ESS. Las cooperativas y la econom\u00eda social no deben ser utilizadas como vias de intermediaci\u00f3n y fraude laboral.<\/p>\n<p style=\"text-align: justify;\">\u2022 Promoci\u00f3n de valores cooperativos en las comunidades y territorios donde se desarrolla la ESS.<\/p>\n<p style=\"text-align: justify;\">\u2022 Acceso y priorizaci\u00f3n de la ESS en las compras p\u00fablicas estatales. Deben desarrollarse programas de compras p\u00fablicas que garantice una reserva de mercado en sus compras a los emprendimientos de la ESS \u00bb.<\/p>\n<p style=\"text-align: justify;\">Teniendo en cuenta las discusiones y presentaciones realizadas durante esta Academia, solicitamos a OIT que de mayor \u00e9nfasis a las actividades de ESS creando un Programa espec\u00edfico a ser desarrollado con las organizaciones sindicales a trav\u00e9s de ACTRAV. Estas actividades podr\u00edan servir de puente para cubrir la brecha entre las econom\u00edas formales e informales generando condiciones de trabajo decente y al mismo tiempo ingresos y beneficios a trav\u00e9s de una distribuci\u00f3n justa de los excedentes provenientes de las actividades de ESS.<\/p>\n<p style=\"text-align: justify;\">Por otro lado, este Programa de OIT con la participaci\u00f3n de los sindicatos, contribuir\u00eda al fortalecimiento de las organizaciones de trabajadores, y dar\u00eda mayor visibilidad a su capacidad de construir alianzas con otros colectivos con los cuales se comparten los mismos objetivos de desarrollo.<\/p>\n<p style=\"text-align: justify;\">As\u00ed mismo, ser\u00eda importante generar un espacio de debate pol\u00edtico entre los actores sociales del tripartismo, que permita aclarar y definir mejor el papel de la ESS de manera tal que podamos contar con una definici\u00f3n consensuada globalmente.<\/p>\n","protected":false},"excerpt":{"rendered":"En la ciudad de Campinas Brasil se realizo un encuentro del 28 de julio al 1 de agosto donde mas de 300 representantes \n<a class=\"moretag\" href=\"https:\/\/ctainternacionales.org\/?p=2324\"> [...]<\/a>","protected":false},"author":1,"featured_media":0,"comment_status":"closed","ping_status":"closed","sticky":false,"template":"","format":"standard","meta":{"ngg_post_thumbnail":0,"footnotes":""},"categories":[],"tags":[],"class_list":["post-2324","post","type-post","status-publish","format-standard","hentry"],"_links":{"self":[{"href":"https:\/\/ctainternacionales.org\/index.php?rest_route=\/wp\/v2\/posts\/2324","targetHints":{"allow":["GET"]}}],"collection":[{"href":"https:\/\/ctainternacionales.org\/index.php?rest_route=\/wp\/v2\/posts"}],"about":[{"href":"https:\/\/ctainternacionales.org\/index.php?rest_route=\/wp\/v2\/types\/post"}],"author":[{"embeddable":true,"href":"https:\/\/ctainternacionales.org\/index.php?rest_route=\/wp\/v2\/users\/1"}],"replies":[{"embeddable":true,"href":"https:\/\/ctainternacionales.org\/index.php?rest_route=%2Fwp%2Fv2%2Fcomments&post=2324"}],"version-history":[{"count":2,"href":"https:\/\/ctainternacionales.org\/index.php?rest_route=\/wp\/v2\/posts\/2324\/revisions"}],"predecessor-version":[{"id":2330,"href":"https:\/\/ctainternacionales.org\/index.php?rest_route=\/wp\/v2\/posts\/2324\/revisions\/2330"}],"wp:attachment":[{"href":"https:\/\/ctainternacionales.org\/index.php?rest_route=%2Fwp%2Fv2%2Fmedia&parent=2324"}],"wp:term":[{"taxonomy":"category","embeddable":true,"href":"https:\/\/ctainternacionales.org\/index.php?rest_route=%2Fwp%2Fv2%2Fcategories&post=2324"},{"taxonomy":"post_tag","embeddable":true,"href":"https:\/\/ctainternacionales.org\/index.php?rest_route=%2Fwp%2Fv2%2Ftags&post=2324"}],"curies":[{"name":"wp","href":"https:\/\/api.w.org\/{rel}","templated":true}]}}