{"id":2312,"date":"2014-08-12T12:10:12","date_gmt":"2014-08-12T15:10:12","guid":{"rendered":"http:\/\/www.ctainternacionales.org\/?p=2312"},"modified":"2014-08-12T12:10:12","modified_gmt":"2014-08-12T15:10:12","slug":"movilizacion-y-jornada-de-lucha-en-paraguay","status":"publish","type":"post","link":"https:\/\/ctainternacionales.org\/?p=2312","title":{"rendered":"Movilizaci\u00f3n y jornada de lucha en Paraguay"},"content":{"rendered":"<p><a href=\"http:\/\/www.ctainternacionales.org\/wp-content\/uploads\/2014\/08\/los-huelguistas-tomaran-asuncion-y-central-como-epicentro-de-sus-actividades-foto-ilustracion-_595_383_1062862.jpg\"><img loading=\"lazy\" decoding=\"async\" class=\"aligncenter size-thumbnail wp-image-2313\" src=\"http:\/\/www.ctainternacionales.org\/wp-content\/uploads\/2014\/08\/los-huelguistas-tomaran-asuncion-y-central-como-epicentro-de-sus-actividades-foto-ilustracion-_595_383_1062862-307x197.jpg\" alt=\"los-huelguistas-tomaran-asuncion-y-central-como-epicentro-de-sus-actividades-foto-ilustracion-_595_383_1062862\" width=\"307\" height=\"197\" \/><\/a><\/p>\n<p>&nbsp;<\/p>\n<p>&nbsp;<\/p>\n<p style=\"text-align: justify;\">El 13 , 14 y 15 de Agosto Paraguay se prepara para tres jornadas hist\u00f3ricas de lucha con el apoyo de la Corriente Sindical Clasista ,gremios de docentes, trabajadores de la salud, Gremio de transporte entre otros , estudiantes, partidos pol\u00edticos, , la Federaci\u00f3n Nacional Campesina y m\u00faltiples organizaciones sociales. que reclaman la derogaci\u00f3n de la ley de Alianza Publico Privada, aumento de salario m\u00ednimo y una reforma agraria.<!--more--><\/p>\n<p style=\"text-align: justify;\">Las jornadas de lucha que se dar\u00e1n en todo el pa\u00eds coinciden con el primer a\u00f1o de gesti\u00f3n del presidente Horacio Cartes y con la aplicaci\u00f3n de la ley de Alianza Publico Privada, aprobada por el congreso de Paraguayo<\/p>\n<p style=\"text-align: justify;\">A inicios de este a\u00f1o se dio lugar una huelga hist\u00f3rica \u201cel marzo Paraguayo\u201d donde sectores de campesinos, estudiantes, peque\u00f1os comerciantes, y todo el arco sindical dieron lugar a una paro general y una extraordinaria movilizaci\u00f3n que obligo al gobierno de Paraguay, en horas de esa misma tarde y frente a la llegada de miles de manifestantes que coparon la ciudad de Asunci\u00f3n, a reconocer el \u00e9xito de la jornada de lucha y a tener que armar mesas de dialogo con los distintos sectores. Mesas de dialogo que no lograran avanzar con resultado alguno mientras que las pol\u00edticas neoliberales comienzan a profundizar la desigualdad estructural de dicho pa\u00eds<\/p>\n<p style=\"text-align: justify;\">\n<p style=\"text-align: justify;\"><strong>Pero \u2026\u00bfQue es la alianza Publico Privada?<\/strong><\/p>\n<p style=\"text-align: justify;\">\n<p style=\"text-align: justify;\">La APP fue anunciada por el gobierno como la posibilidad de modernizar los servicios e infraestructura en manos del estado y la llegada de inversiones y la generaci\u00f3n de puestos de trabajo. Est\u00e1 ley contempla la participaci\u00f3n de empresas privadas en el mejoramiento de la infraestructura p\u00fablica y la prestaci\u00f3n de servicios que est\u00e1n a cargo del estado. La norma busca b\u00e1sicamente que el sector privado pueda invertir en obras o servicios que hoy est\u00e1n exclusivamente en manos del Estado y habilita a la concesi\u00f3n de absolutamente todos los bienes, servicios y recursos p\u00fablicos con la sola decisi\u00f3n del Poder ejecutivo, sin que los pliegos o contratos sean evaluados ni aprobados por el legislativo. Pero para ello la ley no nombra en sus art\u00edculos la palabra \u201cconcesi\u00f3n\u201d por lo que por ley no tendr\u00eda que ser aprobado por las dos c\u00e1maras.<\/p>\n<p style=\"text-align: justify;\">El t\u00e9rminos expl\u00edcitos, la ley abarca \u201cproyectos de infraestructura y de gesti\u00f3n de servicios, incluyendo proyectos viales, ferroviarios, portuarios, aeropuertuarios, proyectos de hidro-v\u00edas, de dragado y mantenimiento de la navegabilidad de los r\u00edos; los de infraestructura social; infraestructura el\u00e9ctrica; proyectos de mejoramiento, equipamiento y desarrollo urbano; abastecimiento de agua potable y saneamiento; entre otros proyectos de inversi\u00f3n en infraestructura y servicios de inter\u00e9s p\u00fablico. Tambi\u00e9n podr\u00e1n comprender la producci\u00f3n de bienes y la prestaci\u00f3n de servicios que sean propios del objeto de organismos, entidades, empresas y sociedades en las que el Estado sea parte\u201d.<\/p>\n<p style=\"text-align: justify;\">Todo esto por plazos de 30 a\u00f1os que pueden extenderse a 40 si las empresas alegan que a\u00fan no tuvieron la tasa de retorno suficiente o exijan reparaciones por supuestos perjuicios o \u201chechos fortuitos\u201d ajenos a la \u201cvoluntad del participante privado\u201d, de acuerdo al art\u00edculo 34.<\/p>\n<p style=\"text-align: justify;\">\n<p style=\"text-align: justify;\">El Estado asume todo el riesgo al quedar comprometido a otorgar compensaciones en caso de que las firmas sufran p\u00e9rdidas o se presenten controversias judiciales. Para ello se crea un fondo de garant\u00eda cuyo principal aportante es el Estado, que adem\u00e1s deber\u00e1 reponer anualmente esos fondos con dinero del Presupuesto General de la Naci\u00f3n, que mediante la llamada ley de \u201cresponsabilidad fiscal\u201d pas\u00f3 a tutela exclusiva del Ejecutivo.<\/p>\n<p style=\"text-align: justify;\">En ley aparece de manera expl\u00edcita que el Estado ser\u00e1 el fideicomitente, es decir el que dispondr\u00e1 un fondo con dinero p\u00fablico para indemnizar a las empresas en caso de que exijan reparaciones o se deba enfrentar un litigio. En segundo t\u00e9rmino se contempla un m\u00ednimo porcentaje de aporte privado y eventuales multas que se llegaren a cobrar a los concesionarios.<\/p>\n<p style=\"text-align: justify;\">Mediante esta ley, el Paraguay tambi\u00e9n renuncia a su soberan\u00eda jur\u00eddica. En caso de diferendos, el art\u00edculo 41 s\u00f3lo hace menci\u00f3n a un \u201carbitraje\u201d sin determinar de qui\u00e9n o de qu\u00e9 se trata. Este \u201c\u00e1rbitro\u201d no ser\u00eda otro que el Centro Internacional de Arreglo de Diferencias Relativas a Inversiones (Ciadi), un organismo del Banco Mundial que sistem\u00e1ticamente falla a favor de las transnacionales y en contra de los Estados. Incluso las leyes nacionales quedan subordinadas a los contratos, puesto que se deja sentado que las disposiciones legales regir\u00e1n para las iniciativas p\u00fablico-privadas \u201cen cuanto fueran aplicables\u201d.<\/p>\n<p style=\"text-align: justify;\">\n<p style=\"text-align: justify;\"><strong>La situaci\u00f3n en Campesina en Paraguay<\/strong><\/p>\n<p style=\"text-align: justify;\">\n<p style=\"text-align: justify;\">De acuerdo con Direcci\u00f3n de Estad\u00edsticas y Censos, el 1% de los propietarios re\u00fane el 77% del \u00e1rea productiva y el 40% de los agricultores poseen apenas el 1% de las tierras. Las estad\u00edsticas adjudican a 351 propietarios 9,7 millones de hect\u00e1reas. Se estima unos 300.000 campesinas y campesinos sin tierra propia para una poblaci\u00f3n de 6.500.000 habitantes. En Am\u00e9rica Latina, Paraguay es el pa\u00eds con mayor poblaci\u00f3n rural con el 43% del total, y es el pa\u00eds con la mayor desigualdad en la distribuci\u00f3n de ingresos y que posee la m\u00e1s alta concentraci\u00f3n de la tierra en el continente.<\/p>\n<p style=\"text-align: justify;\">A partir del golpe parlamentario de 2012 la situaci\u00f3n del campesinado fue empeorando porque desde entonces las multinacionales del agronegocio tienen v\u00eda libre para sus variedades de semillas transg\u00e9nicas de soja, arroz, ma\u00edz, trigo y otros. Esto deriva en una mayor migraci\u00f3n hacia las ciudades m\u00e1s grandes de Paraguay, pero tambi\u00e9n a otros pa\u00edses como Argentina, Espa\u00f1a o Brasil. Existen comunidades enteras desaparecidas, mayor criminalizaci\u00f3n de las luchas sociales, a partir de la aplicaci\u00f3n de ley APP, le faculta al presidente declarar zonas de militarizaci\u00f3n casi con exclusividad, por lo que actualmente,se encuentran tres departamentos bajo custodio militar, dos de ellos, San Pedro y Concepci\u00f3n, con fuerte presencia de movimientos campesinos que se resisten al ingreso de los monocultivos, as\u00ed tambi\u00e9n se suaviz\u00f3 la legislaci\u00f3n ambiental para dar v\u00eda libre a la deforestaci\u00f3n y la fumigaci\u00f3n masiva con agrot\u00f3xicos.<\/p>\n<p style=\"text-align: justify;\">\n<p style=\"text-align: justify;\"><strong>Los trabajadores<\/strong><\/p>\n<p style=\"text-align: justify;\">\n<p style=\"text-align: justify;\">Las 6 centrales obreras del Paraguay lograron coordinar en marzo de este a\u00f1o una huelga general con movilizaci\u00f3n hacia la cuidad de Asuncion,; logrando resolver la atomizaci\u00f3n de la clase obrera en una acci\u00f3n conjunta; y la articulaci\u00f3n con distintos sectores del campo popular y principalmente con los campesinos (actor fundamental y principal) y los estudiantes. La Huelga de marzo marco un comienzo de una unidad de lucha reivindicativa y econ\u00f3mica que hoy es convertida en una lucha pol\u00edtica donde pone en aumento la conflictividad con una potencia de alcanzar lo esencial de la pol\u00edtica: la organizaci\u00f3n del poder del estado. La ultima gran avanzada de los sectores mas oprimidos , trabajadores, campesinos, organizaciones sociales y una estructura partidaria fueron los que permitieron hacer llegar a Lugo a la presidencia en el 2008 y romper la hegemon\u00eda partidaria del partido Colorado. El pueblo paraguayo tiene memoria de sus victorias y de sus derrotas.<\/p>\n","protected":false},"excerpt":{"rendered":"&nbsp; &nbsp; El 13 , 14 y 15 de Agosto Paraguay se prepara para tres jornadas hist\u00f3ricas de lucha con el apoyo de \n<a class=\"moretag\" href=\"https:\/\/ctainternacionales.org\/?p=2312\"> [...]<\/a>","protected":false},"author":1,"featured_media":0,"comment_status":"closed","ping_status":"closed","sticky":false,"template":"","format":"standard","meta":{"ngg_post_thumbnail":0,"footnotes":""},"categories":[],"tags":[],"class_list":["post-2312","post","type-post","status-publish","format-standard","hentry"],"_links":{"self":[{"href":"https:\/\/ctainternacionales.org\/index.php?rest_route=\/wp\/v2\/posts\/2312","targetHints":{"allow":["GET"]}}],"collection":[{"href":"https:\/\/ctainternacionales.org\/index.php?rest_route=\/wp\/v2\/posts"}],"about":[{"href":"https:\/\/ctainternacionales.org\/index.php?rest_route=\/wp\/v2\/types\/post"}],"author":[{"embeddable":true,"href":"https:\/\/ctainternacionales.org\/index.php?rest_route=\/wp\/v2\/users\/1"}],"replies":[{"embeddable":true,"href":"https:\/\/ctainternacionales.org\/index.php?rest_route=%2Fwp%2Fv2%2Fcomments&post=2312"}],"version-history":[{"count":1,"href":"https:\/\/ctainternacionales.org\/index.php?rest_route=\/wp\/v2\/posts\/2312\/revisions"}],"predecessor-version":[{"id":2314,"href":"https:\/\/ctainternacionales.org\/index.php?rest_route=\/wp\/v2\/posts\/2312\/revisions\/2314"}],"wp:attachment":[{"href":"https:\/\/ctainternacionales.org\/index.php?rest_route=%2Fwp%2Fv2%2Fmedia&parent=2312"}],"wp:term":[{"taxonomy":"category","embeddable":true,"href":"https:\/\/ctainternacionales.org\/index.php?rest_route=%2Fwp%2Fv2%2Fcategories&post=2312"},{"taxonomy":"post_tag","embeddable":true,"href":"https:\/\/ctainternacionales.org\/index.php?rest_route=%2Fwp%2Fv2%2Ftags&post=2312"}],"curies":[{"name":"wp","href":"https:\/\/api.w.org\/{rel}","templated":true}]}}