{"id":2301,"date":"2014-07-30T01:35:26","date_gmt":"2014-07-30T04:35:26","guid":{"rendered":"http:\/\/www.ctainternacionales.org\/?p=2301"},"modified":"2014-07-30T02:15:49","modified_gmt":"2014-07-30T05:15:49","slug":"la-cta-en-una-evaluacion-regional-de-los-resultados-de-la-103o-conferencia-de-la-oit","status":"publish","type":"post","link":"https:\/\/ctainternacionales.org\/?p=2301","title":{"rendered":"La CTA en una evaluaci\u00f3n regional de los resultados de la 103\u00ba Conferencia de la OIT"},"content":{"rendered":"<p style=\"text-align: justify;\"><a href=\"http:\/\/www.ctainternacionales.org\/wp-content\/uploads\/2014\/07\/Sao_Paulo-20140725-00106-2.jpg\"><img loading=\"lazy\" decoding=\"async\" class=\"aligncenter size-thumbnail wp-image-2302\" src=\"http:\/\/www.ctainternacionales.org\/wp-content\/uploads\/2014\/07\/Sao_Paulo-20140725-00106-2-307x230.jpg\" alt=\"Sao_Paulo-20140725-00106-2\" width=\"307\" height=\"230\" \/><\/a>La CTA, a trav\u00e9s del director del Departamento Jur\u00eddico Horacio Meguira, particip\u00f3 los d\u00edas 24 y 25 de julio en San Pablo, del seminario sobre el impacto de la operaci\u00f3n c\u00f3ndor en los trabajadores y sus organizaciones y evaluaci\u00f3n de los resultados de la 103\u00ba Conferencia Internacional de Trabajo.<!--more--><\/p>\n<p style=\"text-align: justify;\">En Brasil se ha creado la Comisi\u00f3n de la memoria que tiene como finalidad la investigaci\u00f3n de la verdad sobre lo sucedido durante el golpe militar que derrotara al presidente Jo\u00e3o Goulart en 1964. Es por ello que las centrales sindicales brasile\u00f1as en unidad de acci\u00f3n, se han sumado para investigar el plan C\u00f3ndor en colaboraci\u00f3n con las centrales sindicales del cono Sur (CUT de Chile, PIT CNT de Uruguay y CTA de Argentina).<\/p>\n<p style=\"text-align: justify;\">La intervenci\u00f3n de Rosa Cardoso, integrante de la Comisi\u00f3n Nacional de la Verdad, describi\u00f3 claramente que la denominada dicta-blanda fue una imagen que los militares brasile\u00f1os pretendieron dar ante la propia sociedad civil y la comunidad internacional. Consider\u00f3 que fue una dictadura que reprimi\u00f3 fundamentalmente los sectores pol\u00edticos y de los trabajadores que se organizaban en los sindicatos. En aquellos momentos la central sindical mayoritaria que los agrupaba era la CGTB. Entendi\u00f3 que la dictadura estuvo ligada a las decisiones adoptadas por las grandes empresas brasileras y multinacionales.<\/p>\n<p style=\"text-align: justify;\">Jana Silverman de AFL-CIO y Centro de solidaridad, se refiri\u00f3 al rol de la secretaria de Estado de los EEUU fue fundamental en todos los golpes de Estado de Latinoam\u00e9rica sucedidos durante las d\u00e9cadas del 60 y 70. La Escuela Militar de EEUU denominada \u00abde las Am\u00e9ricas\u00bb en Panam\u00e1 fue el espacio de formaci\u00f3n de los represores.<\/p>\n<p style=\"text-align: justify;\">Por su parte Jair Krischke, abogado y presidente del Movimiento de Justicia e Direitos Humanos de Brasil en su intervenci\u00f3n se refiri\u00f3 al rol de los militares brasileros no solamente en el golpe de estado de 1964 sino en la gestaci\u00f3n del plan C\u00f3ndor. Fue, a su juicio la inteligencia del ej\u00e9rcito que funcionaba como parte integrante de Itamarathi, (Chanciller\u00eda de Brasil) quien dirigi\u00f3 la inteligencia en los golpes de Estado de Chile y Uruguay.<\/p>\n<p style=\"text-align: justify;\">La doctrina de la \u00abseguridad nacional\u00bb inspirada en la brutal represi\u00f3n del ej\u00e9rcito Franc\u00e9s en Argelia, tuvo en el plan C\u00f3ndor su m\u00e1xima expresi\u00f3n. Luz Mar\u00eda Palmas, del Centro de Estudios Legales y Sociales (Argentina) hizo una destacada intervenci\u00f3n sobre los juicios contra delitos de lesa humanidad. Asimismo destac\u00f3 los avances que se produjeron en las investigaciones sobre la represi\u00f3n de los trabajadores en el proceso militar. En tal sentido destac\u00f3 la instalaci\u00f3n de Centros clandestinos en las empresas, FORD, MERCEDES BENZ, ASTARSA.,LOMA NEGRA.<\/p>\n<p style=\"text-align: justify;\">Horacio Meguira relat\u00f3 el rol que tuvo la CTA en el espacio de Memoria, Verdad y Justicia. Especialmente se refiri\u00f3 a la denuncia que efectu\u00f3 la Central en 1998 ante el Juez Baltasar Garz\u00f3n en Madrid, sobre los delitos de lesa humanidad. V\u00edctor de Gennaro, Marta Mafei, V\u00edctor Mendivill, con el patroncinio de Juan Carlos Capurro y Horacio Gonz\u00e1lez, denunciaron que el 70% de los desaparecidos eran trabajadores y que el genocidio no solamente comprendi\u00f3 la violaci\u00f3n del derecho a la vida sino que conjuntamente se anularon derechos espec\u00edficos tales como el derecho de huelga, de la negociaci\u00f3n colectiva, la prescindibilidad de los empleados p\u00fablicos.<\/p>\n<p style=\"text-align: justify;\">Destac\u00f3 que el testimonio de Ricardo Peidro en la causa \u00abPLAN CONDOR\u00bb fue importante al momento de probar que en las c\u00e1rceles clandestinas argentinas se secuestraba compa\u00f1eros uruguayos y de otras nacionalidades.<\/p>\n<p style=\"text-align: justify;\">Asimismo destac\u00f3 que en la causa de Olavarria por desaparici\u00f3n del abogado laboralista Carlos Alberto Moreno, la empresa de Amalia Fortabat, due\u00f1a de Loma Negra fue quien inst\u00f3 a las fuerzas represoras por la defensa de los trabajadores de dicha empresa y porque su estudio era el lugar de reuni\u00f3n de las comisiones internas que actuaban en la clandestinidad.<\/p>\n<p style=\"text-align: justify;\">Tanto en las empresas p\u00fablicas como en las privadas, los gerentes de Personal deb\u00edan indicar a los jefes militares zonales las personas que pudieran ser entendidas como subversivas.<\/p>\n<p style=\"text-align: justify;\">Fue la clase trabajadora y sus representes en los lugares de trabajo los que sufrieron la represi\u00f3n y fueron las patronales quienes indicaban a las fuerzas represoras los \u00abelementos subversivos\u00bb a quienes deb\u00eda dirigir sus acciones represivas.<\/p>\n<p style=\"text-align: justify;\">En el cierre Joao Felicio, Presiente de la CSI, hizo una breve historia de la represi\u00f3n en Brasil y en Latinoam\u00e9rica y destac\u00f3 que deben reproducirse las comisiones de la Verdad en toda Am\u00e9rica. \u201cLa forma de no permitir una regresi\u00f3n y que las democracias de Am\u00e9rica latina puedan permanecer en el tiempo debe estar en la conciencia de los pueblos. Los trabajadores del mundo debemos entender que la paz y la democracia son valores de nuestra clase imprescindibles para la defensa de sus conquistas\u201d.<\/p>\n<p style=\"text-align: justify;\">Durante el d\u00eda 24 se efect\u00fao una evaluaci\u00f3n de la profunda crisis que vivi\u00f3 la OIT durante la 103\u00ba reuni\u00f3n de la Conferencia en Junio pasado. En tal sentido Horacio Meguira en nombre de la Secretaria de Relaciones Internacionales, que preside Adolfo (Fito) Aguirre, comparti\u00f3 una mesa junto a V\u00edctor Baez, Secretario General de la Confederaci\u00f3n Sindical de Trabajadores de las Am\u00e9ricas Antonio Lisboa Amancio do Vale, secretario de relaciones internacionales de la CUT, B\u00e1ez resumi\u00f3 en su intervenci\u00f3n que los empresarios han declarado la guerra y pretenden la destrucci\u00f3n del sistema de control de la OIT, en tal sentido anunci\u00f3 un conjunto de medidas para prepararnos para participar en la reuni\u00f3n regional de la OIT que se llevar\u00e1 a cabo en Octubre en la ciudad de Lima.<\/p>\n<p style=\"text-align: justify;\">Tambi\u00e9n se anunci\u00f3 que la CSA-CSI patrocinar\u00e1n al Tribunal de Libertad Sindical (TILS) que se constituir\u00e1 en Asunci\u00f3n del Paraguay los d\u00edas 22, 23 y 24 en el marco del Congreso de la CUT Aut\u00e9ntica del d\u00eda 24.<\/p>\n<p style=\"text-align: justify;\">Horacio Meguira fue el encargado de detallar el devenir de la crisis y cuales son las estrategias del Grupo de empleadores al respecto. \u00abQuieren revertir el orden publico internacional e imponer las reglas del mercado. Si hasta la 103 conferencia prepararon las condiciones para eliminar todo tipo de norma regulatoria, la actitud adoptada tiende a la destrucci\u00f3n de todo sistema de control\u00bb.<\/p>\n<p style=\"text-align: justify;\">Antonio Lisboa cerr\u00f3 la mesa de debate invitando a apoyar la gesti\u00f3n de Joa Felicio en la presidencia de la CSI. Destac\u00f3 la responsabilidad de revertir la relaci\u00f3n de fuerzas en acciones concretas. Tambi\u00e9n cabe destacarlas intervenciones de Ruth Coello Monteiro, del Foro Sindical sobre el Protocolo de trabajo forzoso.<\/p>\n<p style=\"text-align: justify;\">Isamar Escalona de la CSA hizo un minucioso detalle sobre los avances logrados por el Grupo de Trabajadores en la comisi\u00f3n donde se discuti\u00f3 el tema de la informalidad. Al respecto destac\u00f3 que para la 104\u00ba reuni\u00f3n se espera acordar una Recomendaci\u00f3n. La estrategia de los empleadores consiste en transferir a los gobiernos las consecuencias de la informalidad. Pretenden que la informalidad sea parte de las relaciones laborales y por intermedio de la Seguridad Social los Estados se hagan cargo de las responsabilidades que son inherentes a su condici\u00f3n de propietarios.<\/p>\n","protected":false},"excerpt":{"rendered":"La CTA, a trav\u00e9s del director del Departamento Jur\u00eddico Horacio Meguira, particip\u00f3 los d\u00edas 24 y 25 de julio en San Pablo, del \n<a class=\"moretag\" href=\"https:\/\/ctainternacionales.org\/?p=2301\"> [...]<\/a>","protected":false},"author":1,"featured_media":0,"comment_status":"closed","ping_status":"closed","sticky":false,"template":"","format":"standard","meta":{"ngg_post_thumbnail":0,"footnotes":""},"categories":[],"tags":[],"class_list":["post-2301","post","type-post","status-publish","format-standard","hentry"],"_links":{"self":[{"href":"https:\/\/ctainternacionales.org\/index.php?rest_route=\/wp\/v2\/posts\/2301","targetHints":{"allow":["GET"]}}],"collection":[{"href":"https:\/\/ctainternacionales.org\/index.php?rest_route=\/wp\/v2\/posts"}],"about":[{"href":"https:\/\/ctainternacionales.org\/index.php?rest_route=\/wp\/v2\/types\/post"}],"author":[{"embeddable":true,"href":"https:\/\/ctainternacionales.org\/index.php?rest_route=\/wp\/v2\/users\/1"}],"replies":[{"embeddable":true,"href":"https:\/\/ctainternacionales.org\/index.php?rest_route=%2Fwp%2Fv2%2Fcomments&post=2301"}],"version-history":[{"count":1,"href":"https:\/\/ctainternacionales.org\/index.php?rest_route=\/wp\/v2\/posts\/2301\/revisions"}],"predecessor-version":[{"id":2303,"href":"https:\/\/ctainternacionales.org\/index.php?rest_route=\/wp\/v2\/posts\/2301\/revisions\/2303"}],"wp:attachment":[{"href":"https:\/\/ctainternacionales.org\/index.php?rest_route=%2Fwp%2Fv2%2Fmedia&parent=2301"}],"wp:term":[{"taxonomy":"category","embeddable":true,"href":"https:\/\/ctainternacionales.org\/index.php?rest_route=%2Fwp%2Fv2%2Fcategories&post=2301"},{"taxonomy":"post_tag","embeddable":true,"href":"https:\/\/ctainternacionales.org\/index.php?rest_route=%2Fwp%2Fv2%2Ftags&post=2301"}],"curies":[{"name":"wp","href":"https:\/\/api.w.org\/{rel}","templated":true}]}}