{"id":2284,"date":"2014-07-26T12:25:34","date_gmt":"2014-07-26T15:25:34","guid":{"rendered":"http:\/\/www.ctainternacionales.org\/?p=2284"},"modified":"2014-07-26T12:29:29","modified_gmt":"2014-07-26T15:29:29","slug":"la-cta-marcho-contra-el-genocidio-del-pueblo-palestino","status":"publish","type":"post","link":"https:\/\/ctainternacionales.org\/?p=2284","title":{"rendered":"La CTA march\u00f3 contra el genocidio del Pueblo Palestino"},"content":{"rendered":"<p>Bajo el lema \u201cGaza nos duele\u201d, la Central moviliz\u00f3 ayer junto a otras organizaciones del campo popular hacia la embajada israel\u00ed para exigir el cese del fuego sobre la franja de Gaza. Adem\u00e1s se le exigi\u00f3 al Gobierno argentino el retiro del embajador en Israel y la rotura de las relaciones diplom\u00e1ticas contra este Estado genocida.<!--more--><\/p>\n<p><a href=\"http:\/\/www.ctainternacionales.org\/wp-content\/uploads\/2014\/07\/gaza-1-.jpg\"><img loading=\"lazy\" decoding=\"async\" class=\"aligncenter size-thumbnail wp-image-2285\" src=\"http:\/\/www.ctainternacionales.org\/wp-content\/uploads\/2014\/07\/gaza-1--307x230.jpg\" alt=\"gaza 1\" width=\"307\" height=\"230\" \/><\/a>Durante la concentraci\u00f3n en Canciller\u00eda, ACTA habl\u00f3 con Hugo Blasco, Secretario de Derechos Humanos de la CTA, qui\u00e9n expres\u00f3 la importancia de que la clase trabajadora se involucre con la lucha del pueblo palestino: \u201cLa solidaridad con el pueblo palestino es imprescindible, sobretodo porque hist\u00f3ricamente dio muestras enormes de coraje y compromiso con su propia soberan\u00eda y su propia libertad. Hoy estamos viendo una etapa de este conflicto, que tiene que ver con la intenci\u00f3n de Israel de exterminar al pueblo palestino. No es un litigio de fronteras, es un genocidio de limpieza \u00e9tica\u201d.<\/p>\n<p>Adem\u00e1s, el dirigente se refiri\u00f3 la necesidad de que el Gobierno Nacional tome una postura firme en este conflicto: \u201cNuestro compromiso como Central es acompa\u00f1ar al pueblo palestino como lo haremos siempre con todos los pueblos en lucha. Y le exigimos al gobierno argentino que tenga una posici\u00f3n clara respecto a este conflicto, que vaya m\u00e1s all\u00e1 de las condolencias por las v\u00edctimas. Argentina debe tomar medidas fuertes que implica la rotura de relaciones diplom\u00e1ticas con Israel y el retiro del embajador argentino\u201d.<a href=\"http:\/\/www.ctainternacionales.org\/wp-content\/uploads\/2014\/07\/gaza-2.jpg\"><img loading=\"lazy\" decoding=\"async\" class=\"aligncenter size-thumbnail wp-image-2286\" src=\"http:\/\/www.ctainternacionales.org\/wp-content\/uploads\/2014\/07\/gaza-2-307x230.jpg\" alt=\"gaza 2\" width=\"307\" height=\"230\" \/><\/a><\/p>\n<p>\u201cNosotros como pueblo no podemos permitir que el gobierno no haga m\u00e1s que sacar algunas declaraciones de circunstancias. Agravado por el comunicado de la Canciller\u00eda, firmado por Timmerman, donde se reafirma la teor\u00eda de los dos demonios\u201d, denunci\u00f3 Blasco.<\/p>\n<p>Desde la Canciller\u00eda, ubicada en Esmeralda y Arenales, la Central mach\u00f3 junto a otras organizaciones a trav\u00e9s de la calle Esmeralda, 9 de Julio, Avenida de Mayo hasta llegar a Piedras, donde est\u00e1 ubicada la embajada de Israel.<\/p>\n<p>All\u00ed, Tilda Rabi, Presidenta de la Asociaci\u00f3n Argentino Palestina, hizo lectura del documento entregado previamente en Canciller\u00eda. Adem\u00e1s de Hugo Blasco, de la Conducci\u00f3n Ejecutiva Nacional de la CTA estuvieron presentes Ricardo Peidro, Alejandra Angriman, Carolina Ocar, Adrian Ruiz y Jos\u00e9 Lu\u00eds Ronconi. Mientras que de CTA Capital estaban Jos\u00e9 \u201cPepe\u201d Peralta junto a Fernando Cardozo y Carla Rodriguez.<\/p>\n<p>\u201cNos fue bien y mal, porque no nos recibieron como deb\u00edan, nos tomaron el documento en mesa de entrada, asi que esperamos que llegue a los Cancilleres. Nuestra propuesta es que se retire el embajador argentino en Tel Aviv, que se rompan relaciones diplom\u00e1ticas con Israel, no a los tratados de libre comercio, y no a seguir comercializando con un Estado que ejerce el terrorismo\u201d, con estas palabras Tilda Rabi resumi\u00f3 el momento en que las organizaciones sociales ingresaron a Canciller\u00eda a dejar el documento que ACTA reproduce a continuaci\u00f3n.<\/p>\n<p>&nbsp;<\/p>\n<p>Carta de las organizaciones al Canciller H\u00e9ctor Timmerman<br \/>\nAnte la gravedad de la agresi\u00f3n del Estado de Israel contra la Franja de Gaza, agudizada por la invasi\u00f3n de tropas israel\u00edes a la misma, el Comit\u00e9 Argentino de Solidaridad con el Pueblo Palestino reitera su pronunciamiento del d\u00eda 16 de este mes, en el sentido de que esta nueva agresi\u00f3n israel\u00ed contra la poblaci\u00f3n civil palestina, que al momento supera las quinientas vidas humanas y miles de heridos, constituye un paso m\u00e1s en todo el proceso de genocidio y limpieza \u00e9tnica en Palestina, destinado a apropiarse de la totalidad del territorio palestino y quebrar su capacidad de resistir la ocupaci\u00f3n, que lleva ya 47 a\u00f1os. No aceptamos de manera alguna que se invoque la \u201cteor\u00eda de los dos demonios\u201d, de tan triste recordaci\u00f3n en nuestro pa\u00eds, para justificar esta salvaje agresi\u00f3n militar. Se\u00f1alamos que nos encontramos ante un estado ocupante y un pueblo bajo ocupaci\u00f3n, y no existe simetr\u00eda posible entre ambas condiciones.<\/p>\n<p>Consideramos que los actos del Estado de Israel est\u00e1n comprendidos entre los cr\u00edmenes m\u00e1s graves de trascendencia para la comunidad internacional en su conjunto, definidos por el Estatuto de Roma, que nuestro pa\u00eds ratific\u00f3 en febrero de 2001.<\/p>\n<p>Constituyen un acto de Genocidio, porque comprenden la matanza general de la poblaci\u00f3n palestina, incluidos sus ancianos, sus mujeres y sus ni\u00f1os.<\/p>\n<p>Constituyen un Crimen de Lesa Humanidad porque comprenden asesinatos generalizados y sistem\u00e1ticos de la poblaci\u00f3n palestina, que vienen a agravar la situaci\u00f3n de apartheid en que esta poblaci\u00f3n ya se encuentra, e incluyen la privaci\u00f3n del acceso a alimentos y medicinas por el empeoramiento de las condiciones de bloqueo preexistentes.<\/p>\n<p>Constituyen tambi\u00e9n Cr\u00edmenes de Guerra porque todos los actos de la presente agresi\u00f3n comprenden el homicidio intencional de los dirigentes del pueblo palestino, y la destrucci\u00f3n de la infraestructura imprescindible para la vida en todo el territorio de Gaza (hospitales, escuelas, viviendas, etc.) a gran escala, il\u00edcita y arbitrariamente.<\/p>\n<p>El gobierno de Argentina, en su car\u00e1cter de miembro del Consejo de Seguridad de la ONU, tiene particular responsabilidad de cumplir con el prop\u00f3sito fundamental de la ONU de \u201ctomar medidas colectivas eficaces para prevenir y eliminar amenazas a la paz, y para suprimir actos de agresi\u00f3n\u201d.<\/p>\n<p>Consideramos que toda declaraci\u00f3n de repudio de la agresi\u00f3n israel\u00ed debe servir de base a acciones concretas que conduzcan efectivamente a frenar esta escalada de violencia, para que de una buena vez se pueda establecer un mecanismo que finalice en la creaci\u00f3n de un Estado Palestino con capital en Jerusal\u00e9n Oriental, que signifique paz y seguridad para todos los pueblos de la regi\u00f3n sin excepciones. En definitiva, dar cumplimiento a las normas internacionales, \u00fanicas garantes de una perspectiva de paz real para todo el Medio Oriente.<\/p>\n<p>En consecuencia, solicitamos por su intermedio al Gobierno Nacional que, como parte de estas acciones concretas, y en tanto esta grave crisis humanitaria no est\u00e9 resuelta:<\/p>\n<p>1. Retire el embajador argentino ante el Estado de Israel,<\/p>\n<p>2. Realice por s\u00ed, y promueva en la ONU, un embargo militar al Estado de Israel, tanto de ventas como de compras,<\/p>\n<p>3. Suspenda en todos sus alcances el Tratado de Libre Comercio entre el MERCOSUR y el Estado de Israel,<\/p>\n<p>4. Suspenda toda compra gubernamental a empresas del Estado de Israel,<\/p>\n<p>5. Realice por s\u00ed, y promueva en la ONU, la efectiva asistencia sanitaria, alimentaria y toda otra ayuda humanitaria que pueda aliviar la cr\u00edtica situaci\u00f3n que vive la poblaci\u00f3n de Gaza.<\/p>\n<p>Comit\u00e9 Argentino de Solidaridad con el Pueblo Palestino<\/p>\n<p>Federaci\u00f3n de Entidades Argentino Palestinas, Liga Argentina por los Derechos del Hombre, MILES, MUP, AUNA, FEARAB Buenos Aires, Federaci\u00f3n de Asociaciones Gallegas, CTA, Asociaci\u00f3n H\u00e9ctor P. Agosti, FEIRA (Federaci\u00f3n de Entidades Isl\u00e1micas de la Rep\u00fablica Argentina), Resumen Latinoamericano, Grupo Or\u00e1n &#8211; Gladys Quiroga, Hugo Ca\u00f1\u00f3n, ex fiscal general y Co-presidente de la Comisi\u00f3n por la Memoria de la provincia de Buenos Aires, MOPASSOL.<\/p>\n<p>Fotos: Luis Ba\u00f1agasta y Fabi\u00e1n Piedras<\/p>\n<p>&nbsp;<\/p>\n","protected":false},"excerpt":{"rendered":"Bajo el lema \u201cGaza nos duele\u201d, la Central moviliz\u00f3 ayer junto a otras organizaciones del campo popular hacia la embajada israel\u00ed para exigir \n<a class=\"moretag\" href=\"https:\/\/ctainternacionales.org\/?p=2284\"> [...]<\/a>","protected":false},"author":1,"featured_media":0,"comment_status":"closed","ping_status":"closed","sticky":false,"template":"","format":"standard","meta":{"ngg_post_thumbnail":0,"footnotes":""},"categories":[],"tags":[],"class_list":["post-2284","post","type-post","status-publish","format-standard","hentry"],"_links":{"self":[{"href":"https:\/\/ctainternacionales.org\/index.php?rest_route=\/wp\/v2\/posts\/2284","targetHints":{"allow":["GET"]}}],"collection":[{"href":"https:\/\/ctainternacionales.org\/index.php?rest_route=\/wp\/v2\/posts"}],"about":[{"href":"https:\/\/ctainternacionales.org\/index.php?rest_route=\/wp\/v2\/types\/post"}],"author":[{"embeddable":true,"href":"https:\/\/ctainternacionales.org\/index.php?rest_route=\/wp\/v2\/users\/1"}],"replies":[{"embeddable":true,"href":"https:\/\/ctainternacionales.org\/index.php?rest_route=%2Fwp%2Fv2%2Fcomments&post=2284"}],"version-history":[{"count":2,"href":"https:\/\/ctainternacionales.org\/index.php?rest_route=\/wp\/v2\/posts\/2284\/revisions"}],"predecessor-version":[{"id":2289,"href":"https:\/\/ctainternacionales.org\/index.php?rest_route=\/wp\/v2\/posts\/2284\/revisions\/2289"}],"wp:attachment":[{"href":"https:\/\/ctainternacionales.org\/index.php?rest_route=%2Fwp%2Fv2%2Fmedia&parent=2284"}],"wp:term":[{"taxonomy":"category","embeddable":true,"href":"https:\/\/ctainternacionales.org\/index.php?rest_route=%2Fwp%2Fv2%2Fcategories&post=2284"},{"taxonomy":"post_tag","embeddable":true,"href":"https:\/\/ctainternacionales.org\/index.php?rest_route=%2Fwp%2Fv2%2Ftags&post=2284"}],"curies":[{"name":"wp","href":"https:\/\/api.w.org\/{rel}","templated":true}]}}