{"id":2277,"date":"2014-07-26T12:03:24","date_gmt":"2014-07-26T15:03:24","guid":{"rendered":"http:\/\/www.ctainternacionales.org\/?p=2277"},"modified":"2014-07-26T12:19:38","modified_gmt":"2014-07-26T15:19:38","slug":"la-cta-particio-del-foro-progresista-trabajo-decente-como-requisito-para-la-igualdad","status":"publish","type":"post","link":"https:\/\/ctainternacionales.org\/?p=2277","title":{"rendered":"La CTA particip\u00f3 del Foro Progresista \u00abTrabajo Decente como requisito para la Igualdad\u00bb"},"content":{"rendered":"<p style=\"text-align: justify;\"><a href=\"http:\/\/www.ctainternacionales.org\/wp-content\/uploads\/2014\/07\/fito-urug.jpg\"><img loading=\"lazy\" decoding=\"async\" class=\"aligncenter size-thumbnail wp-image-2278\" src=\"http:\/\/www.ctainternacionales.org\/wp-content\/uploads\/2014\/07\/fito-urug-307x230.jpg\" alt=\"fito urug\" width=\"307\" height=\"230\" \/><\/a>Adolfo \u201cFito\u201d Aguirre, Secretario de Relaciones Internacionales de la CTA, fue invitado por la Confederaci\u00f3n Sindical de la Am\u00e9ricas (CSA) al foro Progresista \u201cCombatiendo la desigualdad\u201d integrada por organizaciones pol\u00edticas laborales y sociales.<!--more--><\/p>\n<p style=\"text-align: justify;\">Con Mas de 100 representantes del mundo entero y una representaci\u00f3n de los 5 continentes: Chile, Argentina, Paraguay, Uruguay, Brasil , Bolivia, M\u00e9xico, Canad\u00e1 , Espa\u00f1a , Alemania y Canada.<\/p>\n<p style=\"text-align: justify;\">El a\u00f1o pasado al cumplir una d\u00e9cada de experiencia de gobiernos progresistas en Am\u00e9rica Latina, se inici\u00f3 en el Foro Progresista un di\u00e1logo entre l\u00edderes pol\u00edticos y sindicales acerca de la sustentabilidad de las transformaciones, la agenda pendiente y los retos por delante. Este a\u00f1o y como continuaci\u00f3n de este di\u00e1logo pol\u00edtico- sindical, el debate en dichas reformas laborales y sus alcances son necesarias para cerrar la brecha de desigualdad en forma sustentable.<\/p>\n<p style=\"text-align: justify;\">El seminario estuvo centrado en una discusi\u00f3n p\u00fablica y en la b\u00fasqueda de estrategias sobre la lucha contra la desigualdad, que deber\u00e1 concluir con un documento pol\u00edtico que ser\u00e1 socializado con todas las organizaciones vinculadas al foro Progresista.<\/p>\n<p style=\"text-align: justify;\">En la jornada del d\u00eda 22, uno de los discursos de apertura estuvo a cargo de Victor Baez Secretario General CSA-TUCA y de Joao Felicio presidente de la CSI.<\/p>\n<p style=\"text-align: justify;\">El Presidente de la rep\u00fablica del Uruguay, Jos\u00e9 Mujica; se refiri\u00f3 a la tem\u00e1tica: \u201cDiscusi\u00f3n sobre el Desarrollo Sostenible y Trabajo Decente\u201d.<\/p>\n<p style=\"text-align: justify;\">En tal sentido, Mujica expres\u00f3 que \u201cuna de las virtudes de la democracia es que por definici\u00f3n nunca est\u00e1 terminada, es perfectible\u201d.\u201cLa forma de democracia que conocemos y el tipo de instituciones que tenemos no van a permanecer independientes de la evoluci\u00f3n tecnol\u00f3gica y cultural de la humanidad. Habr\u00e1 cambios, no s\u00e9 cu\u00e1ndo, no s\u00e9 c\u00f3mo, pero tenemos que darnos cuenta que estamos en una civilizaci\u00f3n de cambios\u201d, expres\u00f3 el mandatario durante la primera parte del seminario que se realiz\u00f3 en la sede del PIT-CNT.<\/p>\n<p style=\"text-align: justify;\">En la jornada del 23 los miembros de la Alianza Progresista participaron de un debate en la Intendencia de Montevideo, donde particip\u00f3 el Dr. Tabar\u00e9 V\u00e1zquez, quien destac\u00f3 los avances en crecimiento salarial, mejora en las condiciones laborales y reformas que ha realizado el Frente Amplio en los dos per\u00edodos de gobierno.<\/p>\n<p style=\"text-align: justify;\">Por su parte Adolfo \u00abFito\u00bb Aguirre en su intervenci\u00f3n en el seminario dijo que reivindicaba la voluntad de poder dialogar para \u00ababordar la coyuntura internacional, que nos preocupa que en el esquema global las relaciones de comercio son asim\u00e9tricas ,y que no podemos aceptar inversiones a cualquier costo laboral,pol\u00edtico,social y ambiental y que estos cuatro pilares son ejes pol\u00edticos de los sindicatos\u00bb.<\/p>\n<p style=\"text-align: justify;\">* Equipo de Comunicaci\u00f3n de la Secretar\u00eda de Relaciones Internacionales de la CTA<\/p>\n","protected":false},"excerpt":{"rendered":"Adolfo \u201cFito\u201d Aguirre, Secretario de Relaciones Internacionales de la CTA, fue invitado por la Confederaci\u00f3n Sindical de la Am\u00e9ricas (CSA) al foro Progresista \n<a class=\"moretag\" href=\"https:\/\/ctainternacionales.org\/?p=2277\"> [...]<\/a>","protected":false},"author":1,"featured_media":0,"comment_status":"closed","ping_status":"closed","sticky":false,"template":"","format":"standard","meta":{"ngg_post_thumbnail":0,"footnotes":""},"categories":[],"tags":[],"class_list":["post-2277","post","type-post","status-publish","format-standard","hentry"],"_links":{"self":[{"href":"https:\/\/ctainternacionales.org\/index.php?rest_route=\/wp\/v2\/posts\/2277","targetHints":{"allow":["GET"]}}],"collection":[{"href":"https:\/\/ctainternacionales.org\/index.php?rest_route=\/wp\/v2\/posts"}],"about":[{"href":"https:\/\/ctainternacionales.org\/index.php?rest_route=\/wp\/v2\/types\/post"}],"author":[{"embeddable":true,"href":"https:\/\/ctainternacionales.org\/index.php?rest_route=\/wp\/v2\/users\/1"}],"replies":[{"embeddable":true,"href":"https:\/\/ctainternacionales.org\/index.php?rest_route=%2Fwp%2Fv2%2Fcomments&post=2277"}],"version-history":[{"count":2,"href":"https:\/\/ctainternacionales.org\/index.php?rest_route=\/wp\/v2\/posts\/2277\/revisions"}],"predecessor-version":[{"id":2280,"href":"https:\/\/ctainternacionales.org\/index.php?rest_route=\/wp\/v2\/posts\/2277\/revisions\/2280"}],"wp:attachment":[{"href":"https:\/\/ctainternacionales.org\/index.php?rest_route=%2Fwp%2Fv2%2Fmedia&parent=2277"}],"wp:term":[{"taxonomy":"category","embeddable":true,"href":"https:\/\/ctainternacionales.org\/index.php?rest_route=%2Fwp%2Fv2%2Fcategories&post=2277"},{"taxonomy":"post_tag","embeddable":true,"href":"https:\/\/ctainternacionales.org\/index.php?rest_route=%2Fwp%2Fv2%2Ftags&post=2277"}],"curies":[{"name":"wp","href":"https:\/\/api.w.org\/{rel}","templated":true}]}}